{"id":159757,"date":"2023-03-18T16:32:00","date_gmt":"2023-03-18T19:32:00","guid":{"rendered":"https:\/\/www.hoymercedes.com.ar\/principal\/?p=159757"},"modified":"2023-03-18T13:43:08","modified_gmt":"2023-03-18T16:43:08","slug":"acuarelas-y-anoranzas-en-el-colegio-de-arquitectos","status":"publish","type":"post","link":"https:\/\/www.hoymercedes.com.ar\/principal\/2023\/03\/18\/acuarelas-y-anoranzas-en-el-colegio-de-arquitectos\/","title":{"rendered":"Acuarelas y a\u00f1oranzas en el Colegio de Arquitectos"},"content":{"rendered":"\n<p>En la noche del viernes 17, el Colegio de Arquitectos Distrito 5 de Mercedes abri\u00f3 el ciclo de arte 2023. En esta oportunidad, las acuarelas de Betty Poli se enmarcaron en los relatos escritos por Mirta Leyes que se expresaron en vivo en la inauguraci\u00f3n de la muestra \u00abAcuarelas y Escritos\u00bb. <\/p>\n\n\n\n<div class=\"wp-block-jetpack-slideshow aligncenter\" data-effect=\"slide\"><div class=\"wp-block-jetpack-slideshow_container swiper-container\"><ul class=\"wp-block-jetpack-slideshow_swiper-wrapper swiper-wrapper\"><li class=\"wp-block-jetpack-slideshow_slide swiper-slide\"><figure><img loading=\"lazy\" decoding=\"async\" width=\"800\" height=\"534\" alt=\"\" class=\"wp-block-jetpack-slideshow_image wp-image-159742\" data-id=\"159742\" src=\"https:\/\/www.hoymercedes.com.ar\/principal\/wp-content\/uploads\/2023\/03\/muestra-Arq-leyes-poli-5.jpg\" srcset=\"https:\/\/www.hoymercedes.com.ar\/principal\/wp-content\/uploads\/2023\/03\/muestra-Arq-leyes-poli-5.jpg 800w, https:\/\/www.hoymercedes.com.ar\/principal\/wp-content\/uploads\/2023\/03\/muestra-Arq-leyes-poli-5-630x421.jpg 630w, https:\/\/www.hoymercedes.com.ar\/principal\/wp-content\/uploads\/2023\/03\/muestra-Arq-leyes-poli-5-150x100.jpg 150w\" sizes=\"(max-width: 800px) 100vw, 800px\" \/><\/figure><\/li><li class=\"wp-block-jetpack-slideshow_slide swiper-slide\"><figure><img loading=\"lazy\" decoding=\"async\" width=\"800\" height=\"533\" alt=\"\" class=\"wp-block-jetpack-slideshow_image wp-image-159738\" data-id=\"159738\" src=\"https:\/\/www.hoymercedes.com.ar\/principal\/wp-content\/uploads\/2023\/03\/muestra-Arq-leyes-poli.jpg\" srcset=\"https:\/\/www.hoymercedes.com.ar\/principal\/wp-content\/uploads\/2023\/03\/muestra-Arq-leyes-poli.jpg 800w, https:\/\/www.hoymercedes.com.ar\/principal\/wp-content\/uploads\/2023\/03\/muestra-Arq-leyes-poli-630x420.jpg 630w, https:\/\/www.hoymercedes.com.ar\/principal\/wp-content\/uploads\/2023\/03\/muestra-Arq-leyes-poli-150x100.jpg 150w, https:\/\/www.hoymercedes.com.ar\/principal\/wp-content\/uploads\/2023\/03\/muestra-Arq-leyes-poli-700x465.jpg 700w\" sizes=\"(max-width: 800px) 100vw, 800px\" \/><\/figure><\/li><li class=\"wp-block-jetpack-slideshow_slide swiper-slide\"><figure><img loading=\"lazy\" decoding=\"async\" width=\"800\" height=\"533\" alt=\"\" class=\"wp-block-jetpack-slideshow_image wp-image-159740\" data-id=\"159740\" src=\"https:\/\/www.hoymercedes.com.ar\/principal\/wp-content\/uploads\/2023\/03\/muestra-Arq-leyes-poli-3.jpg\" srcset=\"https:\/\/www.hoymercedes.com.ar\/principal\/wp-content\/uploads\/2023\/03\/muestra-Arq-leyes-poli-3.jpg 800w, https:\/\/www.hoymercedes.com.ar\/principal\/wp-content\/uploads\/2023\/03\/muestra-Arq-leyes-poli-3-630x420.jpg 630w, https:\/\/www.hoymercedes.com.ar\/principal\/wp-content\/uploads\/2023\/03\/muestra-Arq-leyes-poli-3-150x100.jpg 150w, https:\/\/www.hoymercedes.com.ar\/principal\/wp-content\/uploads\/2023\/03\/muestra-Arq-leyes-poli-3-700x465.jpg 700w\" sizes=\"(max-width: 800px) 100vw, 800px\" \/><\/figure><\/li><li class=\"wp-block-jetpack-slideshow_slide swiper-slide\"><figure><img loading=\"lazy\" decoding=\"async\" width=\"800\" height=\"533\" alt=\"\" class=\"wp-block-jetpack-slideshow_image wp-image-159739\" data-id=\"159739\" src=\"https:\/\/www.hoymercedes.com.ar\/principal\/wp-content\/uploads\/2023\/03\/muestra-Arq-leyes-poli-2.jpg\" srcset=\"https:\/\/www.hoymercedes.com.ar\/principal\/wp-content\/uploads\/2023\/03\/muestra-Arq-leyes-poli-2.jpg 800w, https:\/\/www.hoymercedes.com.ar\/principal\/wp-content\/uploads\/2023\/03\/muestra-Arq-leyes-poli-2-630x420.jpg 630w, https:\/\/www.hoymercedes.com.ar\/principal\/wp-content\/uploads\/2023\/03\/muestra-Arq-leyes-poli-2-150x100.jpg 150w, https:\/\/www.hoymercedes.com.ar\/principal\/wp-content\/uploads\/2023\/03\/muestra-Arq-leyes-poli-2-700x465.jpg 700w\" sizes=\"(max-width: 800px) 100vw, 800px\" \/><\/figure><\/li><li class=\"wp-block-jetpack-slideshow_slide swiper-slide\"><figure><img loading=\"lazy\" decoding=\"async\" width=\"800\" height=\"533\" alt=\"\" class=\"wp-block-jetpack-slideshow_image wp-image-159741\" data-id=\"159741\" src=\"https:\/\/www.hoymercedes.com.ar\/principal\/wp-content\/uploads\/2023\/03\/muestra-Arq-leyes-poli-4.jpg\" srcset=\"https:\/\/www.hoymercedes.com.ar\/principal\/wp-content\/uploads\/2023\/03\/muestra-Arq-leyes-poli-4.jpg 800w, https:\/\/www.hoymercedes.com.ar\/principal\/wp-content\/uploads\/2023\/03\/muestra-Arq-leyes-poli-4-630x420.jpg 630w, https:\/\/www.hoymercedes.com.ar\/principal\/wp-content\/uploads\/2023\/03\/muestra-Arq-leyes-poli-4-150x100.jpg 150w, https:\/\/www.hoymercedes.com.ar\/principal\/wp-content\/uploads\/2023\/03\/muestra-Arq-leyes-poli-4-700x465.jpg 700w\" sizes=\"(max-width: 800px) 100vw, 800px\" \/><\/figure><\/li><li class=\"wp-block-jetpack-slideshow_slide swiper-slide\"><figure><img loading=\"lazy\" decoding=\"async\" width=\"800\" height=\"533\" alt=\"\" class=\"wp-block-jetpack-slideshow_image wp-image-159743\" data-id=\"159743\" src=\"https:\/\/www.hoymercedes.com.ar\/principal\/wp-content\/uploads\/2023\/03\/muestra-Arq-leyes-poli-6.jpg\" srcset=\"https:\/\/www.hoymercedes.com.ar\/principal\/wp-content\/uploads\/2023\/03\/muestra-Arq-leyes-poli-6.jpg 800w, https:\/\/www.hoymercedes.com.ar\/principal\/wp-content\/uploads\/2023\/03\/muestra-Arq-leyes-poli-6-630x420.jpg 630w, https:\/\/www.hoymercedes.com.ar\/principal\/wp-content\/uploads\/2023\/03\/muestra-Arq-leyes-poli-6-150x100.jpg 150w, https:\/\/www.hoymercedes.com.ar\/principal\/wp-content\/uploads\/2023\/03\/muestra-Arq-leyes-poli-6-700x465.jpg 700w\" sizes=\"(max-width: 800px) 100vw, 800px\" \/><\/figure><\/li><\/ul><a class=\"wp-block-jetpack-slideshow_button-prev swiper-button-prev swiper-button-white\" role=\"button\"><\/a><a class=\"wp-block-jetpack-slideshow_button-next swiper-button-next swiper-button-white\" role=\"button\"><\/a><a aria-label=\"Pause Slideshow\" class=\"wp-block-jetpack-slideshow_button-pause\" role=\"button\"><\/a><div class=\"wp-block-jetpack-slideshow_pagination swiper-pagination swiper-pagination-white\"><\/div><\/div><\/div>\n\n\n\n<p>La inauguraci\u00f3n de la muestra art\u00edstica comenz\u00f3 con las palabras de bienvenida del Arquitecto Sebasti\u00e1n Bocca, responsable de la organizaci\u00f3n del ciclo de arte. En nombre de la comisi\u00f3n que preside el Arq. Jos\u00e9 Mar\u00eda Serpi, presente en la exposici\u00f3n. Tambi\u00e9n, resalt\u00f3 que durante el a\u00f1o presentar\u00e1n distintas muestras en las que se expondr\u00e1n diferentes disciplinas de las artes visuales. Asimismo, destac\u00f3 las acuarelas de Poli y adelant\u00f3 algo de los textos que seguidamente leer\u00eda Leyes.<\/p>\n\n\n\n<p>Las artistas agradecieron a los presentes y explicaron que sus obras unen la pintura con la palabra. \u00abHay un hilo que nos atraviesa a m\u00ed y a Betty. Ese hilo es la valoraci\u00f3n de aquellas peque\u00f1as situaciones en los espacios que valoramos. Betty presenta acuarelas en las que destaca elementos detenidos al costado del camino. Resalta todo aquello relacionado con la naturaleza\u00bb, expres\u00f3 Mirta Leyes. <\/p>\n\n\n\n<p>\u00abYo tambi\u00e9n pinto\u00bb, dijo Leyes, \u00abpero mi experiencia me llev\u00f3 a construir textos relacionados tambi\u00e9n con la naturaleza. Uno de esos textos fue seleccionado para formar parte de una propuesta de concientizaci\u00f3n sobre la situaci\u00f3n que vivimos con &#8216;las aguas dulces&#8217;. Voy a leer algunos de los textos escritos por m\u00ed. Mi historia de vida comienza en un pueblito peque\u00f1o de Corrientes, cerca de los Esteros del Iber\u00e1. A los 5 a\u00f1os m\u00edos, vinimos a Buenos Aires, pero eso me dej\u00f3 una impronta por la cual me nutro para producir mis pinturas y mis textos\u00bb, agreg\u00f3 y ley\u00f3 ante los presentes tres de sus poes\u00edas. <\/p>\n\n\n\n<p>La exposici\u00f3n en el Colegio de Arquitectos contin\u00faa abierta hasta el 31 de marzo. Puede visitarse en el horario del Colegio, de lunes a viernes, de 9 a 14 horas, en calle 30 N\u00b0 564<\/p>\n","protected":false},"excerpt":{"rendered":"<p>En la noche del viernes 17, el Colegio de Arquitectos Distrito 5 de Mercedes abri\u00f3 el ciclo de arte 2023. &#8230; <a title=\"Acuarelas y a\u00f1oranzas en el Colegio de Arquitectos\" class=\"read-more\" href=\"https:\/\/www.hoymercedes.com.ar\/principal\/2023\/03\/18\/acuarelas-y-anoranzas-en-el-colegio-de-arquitectos\/\" aria-label=\"Leer m\u00e1s sobre Acuarelas y a\u00f1oranzas en el Colegio de Arquitectos\">Leer m\u00e1s<\/a><\/p>\n","protected":false},"author":1,"featured_media":159743,"comment_status":"closed","ping_status":"open","sticky":false,"template":"","format":"standard","meta":{"_monsterinsights_skip_tracking":false,"_monsterinsights_sitenote_active":false,"_monsterinsights_sitenote_note":"","_monsterinsights_sitenote_category":0,"jetpack_post_was_ever_published":false,"_jetpack_newsletter_access":"","_jetpack_dont_email_post_to_subs":false,"_jetpack_newsletter_tier_id":0,"_jetpack_memberships_contains_paywalled_content":false,"_jetpack_memberships_contains_paid_content":false,"footnotes":"","jetpack_publicize_message":"","jetpack_publicize_feature_enabled":true,"jetpack_social_post_already_shared":true,"jetpack_social_options":{"image_generator_settings":{"template":"highway","default_image_id":0,"font":"","enabled":false},"version":2},"_wpas_customize_per_network":false},"categories":[104],"tags":[13157,11389,6816,7805,8715],"class_list":["post-159757","post","type-post","status-publish","format-standard","has-post-thumbnail","hentry","category-cultura","tag-acuarelas","tag-artes","tag-colegio-de-arquitectos","tag-cultura","tag-muestra","generate-columns","tablet-grid-50","mobile-grid-100","grid-parent","grid-50"],"jetpack_publicize_connections":[],"jetpack_featured_media_url":"https:\/\/www.hoymercedes.com.ar\/principal\/wp-content\/uploads\/2023\/03\/muestra-Arq-leyes-poli-6.jpg","wps_subtitle":"","jetpack_sharing_enabled":true,"_links":{"self":[{"href":"https:\/\/www.hoymercedes.com.ar\/principal\/wp-json\/wp\/v2\/posts\/159757","targetHints":{"allow":["GET"]}}],"collection":[{"href":"https:\/\/www.hoymercedes.com.ar\/principal\/wp-json\/wp\/v2\/posts"}],"about":[{"href":"https:\/\/www.hoymercedes.com.ar\/principal\/wp-json\/wp\/v2\/types\/post"}],"author":[{"embeddable":true,"href":"https:\/\/www.hoymercedes.com.ar\/principal\/wp-json\/wp\/v2\/users\/1"}],"replies":[{"embeddable":true,"href":"https:\/\/www.hoymercedes.com.ar\/principal\/wp-json\/wp\/v2\/comments?post=159757"}],"version-history":[{"count":0,"href":"https:\/\/www.hoymercedes.com.ar\/principal\/wp-json\/wp\/v2\/posts\/159757\/revisions"}],"wp:featuredmedia":[{"embeddable":true,"href":"https:\/\/www.hoymercedes.com.ar\/principal\/wp-json\/wp\/v2\/media\/159743"}],"wp:attachment":[{"href":"https:\/\/www.hoymercedes.com.ar\/principal\/wp-json\/wp\/v2\/media?parent=159757"}],"wp:term":[{"taxonomy":"category","embeddable":true,"href":"https:\/\/www.hoymercedes.com.ar\/principal\/wp-json\/wp\/v2\/categories?post=159757"},{"taxonomy":"post_tag","embeddable":true,"href":"https:\/\/www.hoymercedes.com.ar\/principal\/wp-json\/wp\/v2\/tags?post=159757"}],"curies":[{"name":"wp","href":"https:\/\/api.w.org\/{rel}","templated":true}]}}