{"id":159809,"date":"2023-03-20T21:00:10","date_gmt":"2023-03-21T00:00:10","guid":{"rendered":"https:\/\/www.hoymercedes.com.ar\/principal\/?p=159809"},"modified":"2023-03-20T21:04:48","modified_gmt":"2023-03-21T00:04:48","slug":"elenco-mercedino-seleccionado-como-suplente-para-la-fiesta-provincial-de-teatro-independiente","status":"publish","type":"post","link":"https:\/\/www.hoymercedes.com.ar\/principal\/2023\/03\/20\/elenco-mercedino-seleccionado-como-suplente-para-la-fiesta-provincial-de-teatro-independiente\/","title":{"rendered":"Elenco mercedino seleccionado como suplente para la Fiesta Provincial de Teatro Independiente"},"content":{"rendered":"\n<p>El elenco de Mercedes que dirige Jorge Naipauer particip\u00f3 de la Fiesta de Regional del Teatro Independiente que se realiz\u00f3 entre el 17 y el 19 de marzo en la localidad de Chivilcoy. Con la obra  \u00abHe nacido para verte sonreir\u00bb se presentaron el s\u00e1bado a la noche y fueron seleccionados como suplentes para participar de la Fiesta Provincial de Teatro Independiente en representaci\u00f3n de la Regi\u00f3n 13. <\/p>\n\n\n<div class=\"wp-block-image\">\n<figure class=\"aligncenter size-large\"><img loading=\"lazy\" decoding=\"async\" width=\"1080\" height=\"720\" data-attachment-id=\"159873\" data-permalink=\"https:\/\/www.hoymercedes.com.ar\/principal\/fb_img_1679310352113-2\/\" data-orig-file=\"https:\/\/www.hoymercedes.com.ar\/principal\/wp-content\/uploads\/2023\/03\/FB_IMG_1679310352113-edited.jpg\" data-orig-size=\"1080,720\" data-comments-opened=\"0\" data-image-meta=\"{&quot;aperture&quot;:&quot;0&quot;,&quot;credit&quot;:&quot;&quot;,&quot;camera&quot;:&quot;&quot;,&quot;caption&quot;:&quot;&quot;,&quot;created_timestamp&quot;:&quot;0&quot;,&quot;copyright&quot;:&quot;&quot;,&quot;focal_length&quot;:&quot;0&quot;,&quot;iso&quot;:&quot;0&quot;,&quot;shutter_speed&quot;:&quot;0&quot;,&quot;title&quot;:&quot;&quot;,&quot;orientation&quot;:&quot;0&quot;}\" data-image-title=\"FB_IMG_1679310352113\" data-image-description=\"\" data-image-caption=\"\" data-large-file=\"https:\/\/www.hoymercedes.com.ar\/principal\/wp-content\/uploads\/2023\/03\/FB_IMG_1679310352113-edited-1024x683.jpg\" src=\"https:\/\/www.hoymercedes.com.ar\/principal\/wp-content\/uploads\/2023\/03\/FB_IMG_1679310352113-edited.jpg\" alt=\"\" class=\"wp-image-159873\" srcset=\"https:\/\/www.hoymercedes.com.ar\/principal\/wp-content\/uploads\/2023\/03\/FB_IMG_1679310352113-edited.jpg 1080w, https:\/\/www.hoymercedes.com.ar\/principal\/wp-content\/uploads\/2023\/03\/FB_IMG_1679310352113-edited-630x420.jpg 630w, https:\/\/www.hoymercedes.com.ar\/principal\/wp-content\/uploads\/2023\/03\/FB_IMG_1679310352113-edited-1024x683.jpg 1024w, https:\/\/www.hoymercedes.com.ar\/principal\/wp-content\/uploads\/2023\/03\/FB_IMG_1679310352113-edited-150x100.jpg 150w\" sizes=\"auto, (max-width: 1080px) 100vw, 1080px\" \/><\/figure>\n<\/div>\n\n\n<p>\u00abFelices de haber participado en los Regionales de Teatro organizados por el CPTI (Consejo provincial de Teatros independientes) y el INT ( Instituto Nacional de Teatro) este a\u00f1o en la ciudad de Chivilcoy. Felices de compartir con los pares y ver el trabajo que hacen. Agradecidos y contentos por los reconocimientos del p\u00fablico y del jurado\u00bb, expres\u00f3 Jorge Naipauer, director de teatro independiente de Mercedes.<\/p>\n\n\n\n<p>\u00abFelicito a todo el grupo por haber quedados seleccionados como suplentes, y una felicitaci\u00f3n gigante a Norberto Ninces (nuestro violinista) y a Chipy Romero por el reconocimiento del jurado, caricias al alma. Ahora a seguir trabajando en lo amamos, hacer que TEATRO!!!!!\u00bb, agreg\u00f3 el director teatral en sus redes sociales. <\/p>\n\n\n\n<p>La pieza teatral \u00abHe nacido para verte sonreir\u00bb (<a rel=\"noreferrer noopener\" href=\"https:\/\/www.hoymercedes.com.ar\/principal\/2022\/11\/24\/he-nacido-para-verte-sonreir-una-puesta-maravillosa-y-poetica\/\" target=\"_blank\">cr\u00edtica<\/a>) se present\u00f3 en Mercedes en noviembre del a\u00f1o pasado en el Teatro Tal\u00eda. Con las actuaciones de Paula Celeri y Eduardo \u00abChipy\u00bb Romero &#8211; reconocido con una menci\u00f3n especial por su trabajo sobre el escenario-, la participaci\u00f3n del violinista Norberto Minces &#8211; destacado por su performance musical en vivo &#8211; y la direcci\u00f3n general de Jorge Naipauer.\u00a0El s\u00e1bado \u00faltimo, presentaron la obra a sala llena en la Agrupaci\u00f3n Art\u00edstica de Chivilcoy. <\/p>\n\n\n\n<p>Las obras ganadoras de la Fiesta Regional de Teatro Independiente  Regi\u00f3n 13 fueron \u00abTan M\u00ednima\u00bb y \u00abBarranca S\u00e1nchez de Florencio Abajo\u00bb. <\/p>\n","protected":false},"excerpt":{"rendered":"<p>El elenco de Mercedes que dirige Jorge Naipauer particip\u00f3 de la Fiesta de Regional del Teatro Independiente que se realiz\u00f3 &#8230; <a title=\"Elenco mercedino seleccionado como suplente para la Fiesta Provincial de Teatro Independiente\" class=\"read-more\" href=\"https:\/\/www.hoymercedes.com.ar\/principal\/2023\/03\/20\/elenco-mercedino-seleccionado-como-suplente-para-la-fiesta-provincial-de-teatro-independiente\/\" aria-label=\"Leer m\u00e1s sobre Elenco mercedino seleccionado como suplente para la Fiesta Provincial de Teatro Independiente\">Leer m\u00e1s<\/a><\/p>\n","protected":false},"author":1,"featured_media":159873,"comment_status":"closed","ping_status":"open","sticky":false,"template":"","format":"standard","meta":{"_monsterinsights_skip_tracking":false,"_monsterinsights_sitenote_active":false,"_monsterinsights_sitenote_note":"","_monsterinsights_sitenote_category":0,"jetpack_post_was_ever_published":false,"_jetpack_newsletter_access":"","_jetpack_dont_email_post_to_subs":false,"_jetpack_newsletter_tier_id":0,"_jetpack_memberships_contains_paywalled_content":false,"_jetpack_memberships_contains_paid_content":false,"footnotes":"","jetpack_publicize_message":"","jetpack_publicize_feature_enabled":true,"jetpack_social_post_already_shared":true,"jetpack_social_options":{"image_generator_settings":{"template":"highway","default_image_id":0,"font":"","enabled":false},"version":2},"_wpas_customize_per_network":false},"categories":[104],"tags":[7805,18694,13419,1180],"class_list":["post-159809","post","type-post","status-publish","format-standard","has-post-thumbnail","hentry","category-cultura","tag-cultura","tag-fiesta-del-teatro-independiente","tag-jorge-naipauer","tag-teatro","generate-columns","tablet-grid-50","mobile-grid-100","grid-parent","grid-50"],"jetpack_publicize_connections":[],"jetpack_featured_media_url":"https:\/\/www.hoymercedes.com.ar\/principal\/wp-content\/uploads\/2023\/03\/FB_IMG_1679310352113-edited.jpg","wps_subtitle":"","jetpack_sharing_enabled":true,"_links":{"self":[{"href":"https:\/\/www.hoymercedes.com.ar\/principal\/wp-json\/wp\/v2\/posts\/159809","targetHints":{"allow":["GET"]}}],"collection":[{"href":"https:\/\/www.hoymercedes.com.ar\/principal\/wp-json\/wp\/v2\/posts"}],"about":[{"href":"https:\/\/www.hoymercedes.com.ar\/principal\/wp-json\/wp\/v2\/types\/post"}],"author":[{"embeddable":true,"href":"https:\/\/www.hoymercedes.com.ar\/principal\/wp-json\/wp\/v2\/users\/1"}],"replies":[{"embeddable":true,"href":"https:\/\/www.hoymercedes.com.ar\/principal\/wp-json\/wp\/v2\/comments?post=159809"}],"version-history":[{"count":0,"href":"https:\/\/www.hoymercedes.com.ar\/principal\/wp-json\/wp\/v2\/posts\/159809\/revisions"}],"wp:featuredmedia":[{"embeddable":true,"href":"https:\/\/www.hoymercedes.com.ar\/principal\/wp-json\/wp\/v2\/media\/159873"}],"wp:attachment":[{"href":"https:\/\/www.hoymercedes.com.ar\/principal\/wp-json\/wp\/v2\/media?parent=159809"}],"wp:term":[{"taxonomy":"category","embeddable":true,"href":"https:\/\/www.hoymercedes.com.ar\/principal\/wp-json\/wp\/v2\/categories?post=159809"},{"taxonomy":"post_tag","embeddable":true,"href":"https:\/\/www.hoymercedes.com.ar\/principal\/wp-json\/wp\/v2\/tags?post=159809"}],"curies":[{"name":"wp","href":"https:\/\/api.w.org\/{rel}","templated":true}]}}