{"id":159891,"date":"2023-03-21T06:42:24","date_gmt":"2023-03-21T09:42:24","guid":{"rendered":"https:\/\/www.hoymercedes.com.ar\/principal\/?p=159891"},"modified":"2023-03-21T06:42:27","modified_gmt":"2023-03-21T09:42:27","slug":"mercedino-vuelca-con-su-vehiculo-en-la-ruta-43","status":"publish","type":"post","link":"https:\/\/www.hoymercedes.com.ar\/principal\/2023\/03\/21\/mercedino-vuelca-con-su-vehiculo-en-la-ruta-43\/","title":{"rendered":"Mercedino vuelca con su veh\u00edculo en la Ruta 43"},"content":{"rendered":"\n<p>En la noche del \u00faltimo lunes, se produjo el despiste y posterior vuelco de un autom\u00f3vil que circulaba por la ruta 43, en jurisdicci\u00f3n del partido de Suipacha. Conduc\u00eda Diego Martin Ledo, de 43 a\u00f1os, radicado en Mercedes.<\/p>\n\n\n<div class=\"wp-block-image\">\n<figure class=\"aligncenter size-full\"><img loading=\"lazy\" decoding=\"async\" width=\"800\" height=\"533\" data-attachment-id=\"159892\" data-permalink=\"https:\/\/www.hoymercedes.com.ar\/principal\/2023\/03\/21\/mercedino-vuelca-con-su-vehiculo-en-la-ruta-43\/fb_img_1679391564430_copy_800x533\/#main\" data-orig-file=\"https:\/\/www.hoymercedes.com.ar\/principal\/wp-content\/uploads\/2023\/03\/FB_IMG_1679391564430_copy_800x533.jpg\" data-orig-size=\"800,533\" data-comments-opened=\"0\" data-image-meta=\"{&quot;aperture&quot;:&quot;0&quot;,&quot;credit&quot;:&quot;&quot;,&quot;camera&quot;:&quot;&quot;,&quot;caption&quot;:&quot;&quot;,&quot;created_timestamp&quot;:&quot;1679380764&quot;,&quot;copyright&quot;:&quot;&quot;,&quot;focal_length&quot;:&quot;0&quot;,&quot;iso&quot;:&quot;0&quot;,&quot;shutter_speed&quot;:&quot;0&quot;,&quot;title&quot;:&quot;&quot;,&quot;orientation&quot;:&quot;0&quot;}\" data-image-title=\"FB_IMG_1679391564430_copy_800x533\" data-image-description=\"\" data-image-caption=\"\" data-large-file=\"https:\/\/www.hoymercedes.com.ar\/principal\/wp-content\/uploads\/2023\/03\/FB_IMG_1679391564430_copy_800x533.jpg\" src=\"https:\/\/www.hoymercedes.com.ar\/principal\/wp-content\/uploads\/2023\/03\/FB_IMG_1679391564430_copy_800x533.jpg\" alt=\"\" class=\"wp-image-159892\" srcset=\"https:\/\/www.hoymercedes.com.ar\/principal\/wp-content\/uploads\/2023\/03\/FB_IMG_1679391564430_copy_800x533.jpg 800w, https:\/\/www.hoymercedes.com.ar\/principal\/wp-content\/uploads\/2023\/03\/FB_IMG_1679391564430_copy_800x533-630x420.jpg 630w, https:\/\/www.hoymercedes.com.ar\/principal\/wp-content\/uploads\/2023\/03\/FB_IMG_1679391564430_copy_800x533-150x100.jpg 150w, https:\/\/www.hoymercedes.com.ar\/principal\/wp-content\/uploads\/2023\/03\/FB_IMG_1679391564430_copy_800x533-700x465.jpg 700w\" sizes=\"auto, (max-width: 800px) 100vw, 800px\" \/><\/figure>\n<\/div>\n\n\n<p>El siniestro ocurri\u00f3 a unos 4,5 kil\u00f3metros de la rotonda \u201cdel Cimarron\u201d, a la salida de la primera curva, cuando un autom\u00f3vil Renault Sandero , color gris , dominio KHG532 , que circulaba en sentido General Rivas-Suipacha , al salir de la curva existente en el lugar se despista hacia el sector de banquina , impactando contra un talud de tierra donde vuelca , finalizando dentro de una profunda cuneta ubicada a la vera de la ruta.<\/p>\n\n\n\n<p>El veh\u00edculo era conducido por Diego Martin Ledo, de 43 a\u00f1os radicado en la ciudad de Mercedes, quien logr\u00f3 salir por sus propios medios, siendo trasladado minutos m\u00e1s tarde al Hospital Esteban Iribarne por una ambulancia del SAME Local, donde luego de las revisiones de rigor fue dado de alta , con lesiones de car\u00e1cter leve.<\/p>\n\n\n\n<p>Hacia el lugar se dirigieron dos dotaciones de Bomberos Voluntarios, ambulancia del SAME, Polic\u00eda Comunal y personal del CPR de Suipacha.<\/p>\n\n\n\n<p>Colaboraci\u00f3n Jorge Lasala de Suipacha <\/p>\n\n\n<div class=\"wp-block-image\">\n<figure class=\"aligncenter size-full\"><img loading=\"lazy\" decoding=\"async\" width=\"800\" height=\"533\" data-attachment-id=\"159893\" data-permalink=\"https:\/\/www.hoymercedes.com.ar\/principal\/2023\/03\/21\/mercedino-vuelca-con-su-vehiculo-en-la-ruta-43\/fb_img_1679391553123_copy_800x533_1\/#main\" data-orig-file=\"https:\/\/www.hoymercedes.com.ar\/principal\/wp-content\/uploads\/2023\/03\/FB_IMG_1679391553123_copy_800x533_1.jpg\" data-orig-size=\"800,533\" data-comments-opened=\"0\" data-image-meta=\"{&quot;aperture&quot;:&quot;0&quot;,&quot;credit&quot;:&quot;&quot;,&quot;camera&quot;:&quot;&quot;,&quot;caption&quot;:&quot;&quot;,&quot;created_timestamp&quot;:&quot;1679380753&quot;,&quot;copyright&quot;:&quot;&quot;,&quot;focal_length&quot;:&quot;0&quot;,&quot;iso&quot;:&quot;0&quot;,&quot;shutter_speed&quot;:&quot;0&quot;,&quot;title&quot;:&quot;&quot;,&quot;orientation&quot;:&quot;0&quot;}\" data-image-title=\"FB_IMG_1679391553123_copy_800x533_1\" data-image-description=\"\" data-image-caption=\"\" data-large-file=\"https:\/\/www.hoymercedes.com.ar\/principal\/wp-content\/uploads\/2023\/03\/FB_IMG_1679391553123_copy_800x533_1.jpg\" src=\"https:\/\/www.hoymercedes.com.ar\/principal\/wp-content\/uploads\/2023\/03\/FB_IMG_1679391553123_copy_800x533_1.jpg\" alt=\"\" class=\"wp-image-159893\" srcset=\"https:\/\/www.hoymercedes.com.ar\/principal\/wp-content\/uploads\/2023\/03\/FB_IMG_1679391553123_copy_800x533_1.jpg 800w, https:\/\/www.hoymercedes.com.ar\/principal\/wp-content\/uploads\/2023\/03\/FB_IMG_1679391553123_copy_800x533_1-630x420.jpg 630w, https:\/\/www.hoymercedes.com.ar\/principal\/wp-content\/uploads\/2023\/03\/FB_IMG_1679391553123_copy_800x533_1-150x100.jpg 150w, https:\/\/www.hoymercedes.com.ar\/principal\/wp-content\/uploads\/2023\/03\/FB_IMG_1679391553123_copy_800x533_1-700x465.jpg 700w\" sizes=\"auto, (max-width: 800px) 100vw, 800px\" \/><\/figure>\n<\/div>","protected":false},"excerpt":{"rendered":"<p>En la noche del \u00faltimo lunes, se produjo el despiste y posterior vuelco de un autom\u00f3vil que circulaba por la &#8230; <a title=\"Mercedino vuelca con su veh\u00edculo en la Ruta 43\" class=\"read-more\" href=\"https:\/\/www.hoymercedes.com.ar\/principal\/2023\/03\/21\/mercedino-vuelca-con-su-vehiculo-en-la-ruta-43\/\" aria-label=\"Leer m\u00e1s sobre Mercedino vuelca con su veh\u00edculo en la Ruta 43\">Leer m\u00e1s<\/a><\/p>\n","protected":false},"author":1,"featured_media":159893,"comment_status":"closed","ping_status":"open","sticky":false,"template":"","format":"standard","meta":{"_monsterinsights_skip_tracking":false,"_monsterinsights_sitenote_active":false,"_monsterinsights_sitenote_note":"","_monsterinsights_sitenote_category":0,"jetpack_post_was_ever_published":false,"_jetpack_newsletter_access":"","_jetpack_dont_email_post_to_subs":false,"_jetpack_newsletter_tier_id":0,"_jetpack_memberships_contains_paywalled_content":false,"_jetpack_memberships_contains_paid_content":false,"footnotes":"","jetpack_publicize_message":"","jetpack_publicize_feature_enabled":true,"jetpack_social_post_already_shared":true,"jetpack_social_options":{"image_generator_settings":{"template":"highway","default_image_id":0,"font":"","enabled":false},"version":2},"_wpas_customize_per_network":false},"categories":[85],"tags":[],"class_list":["post-159891","post","type-post","status-publish","format-standard","has-post-thumbnail","hentry","category-policial","generate-columns","tablet-grid-50","mobile-grid-100","grid-parent","grid-50"],"jetpack_publicize_connections":[],"jetpack_featured_media_url":"https:\/\/www.hoymercedes.com.ar\/principal\/wp-content\/uploads\/2023\/03\/FB_IMG_1679391553123_copy_800x533_1.jpg","wps_subtitle":"","jetpack_sharing_enabled":true,"_links":{"self":[{"href":"https:\/\/www.hoymercedes.com.ar\/principal\/wp-json\/wp\/v2\/posts\/159891","targetHints":{"allow":["GET"]}}],"collection":[{"href":"https:\/\/www.hoymercedes.com.ar\/principal\/wp-json\/wp\/v2\/posts"}],"about":[{"href":"https:\/\/www.hoymercedes.com.ar\/principal\/wp-json\/wp\/v2\/types\/post"}],"author":[{"embeddable":true,"href":"https:\/\/www.hoymercedes.com.ar\/principal\/wp-json\/wp\/v2\/users\/1"}],"replies":[{"embeddable":true,"href":"https:\/\/www.hoymercedes.com.ar\/principal\/wp-json\/wp\/v2\/comments?post=159891"}],"version-history":[{"count":0,"href":"https:\/\/www.hoymercedes.com.ar\/principal\/wp-json\/wp\/v2\/posts\/159891\/revisions"}],"wp:featuredmedia":[{"embeddable":true,"href":"https:\/\/www.hoymercedes.com.ar\/principal\/wp-json\/wp\/v2\/media\/159893"}],"wp:attachment":[{"href":"https:\/\/www.hoymercedes.com.ar\/principal\/wp-json\/wp\/v2\/media?parent=159891"}],"wp:term":[{"taxonomy":"category","embeddable":true,"href":"https:\/\/www.hoymercedes.com.ar\/principal\/wp-json\/wp\/v2\/categories?post=159891"},{"taxonomy":"post_tag","embeddable":true,"href":"https:\/\/www.hoymercedes.com.ar\/principal\/wp-json\/wp\/v2\/tags?post=159891"}],"curies":[{"name":"wp","href":"https:\/\/api.w.org\/{rel}","templated":true}]}}