{"id":159914,"date":"2023-03-21T22:30:00","date_gmt":"2023-03-22T01:30:00","guid":{"rendered":"https:\/\/www.hoymercedes.com.ar\/principal\/?p=159914"},"modified":"2023-03-21T22:20:23","modified_gmt":"2023-03-22T01:20:23","slug":"atraparon-roba-ruedas-tras-detectarlos-ingresando-en-mercedes","status":"publish","type":"post","link":"https:\/\/www.hoymercedes.com.ar\/principal\/2023\/03\/21\/atraparon-roba-ruedas-tras-detectarlos-ingresando-en-mercedes\/","title":{"rendered":"Atraparon \u00abRoba ruedas\u00bb tras detectarlos ingresando en Mercedes"},"content":{"rendered":"\n<figure class=\"wp-block-image size-full\"><img loading=\"lazy\" decoding=\"async\" width=\"1009\" height=\"900\" data-attachment-id=\"159915\" data-permalink=\"https:\/\/www.hoymercedes.com.ar\/principal\/2023\/03\/21\/atraparon-roba-ruedas-tras-detectarlos-ingresando-en-mercedes\/whatsapp-image-2023-03-21-at-22-12-44\/#main\" data-orig-file=\"https:\/\/www.hoymercedes.com.ar\/principal\/wp-content\/uploads\/2023\/03\/WhatsApp-Image-2023-03-21-at-22.12.44.jpeg\" data-orig-size=\"1009,900\" data-comments-opened=\"0\" data-image-meta=\"{&quot;aperture&quot;:&quot;0&quot;,&quot;credit&quot;:&quot;&quot;,&quot;camera&quot;:&quot;&quot;,&quot;caption&quot;:&quot;&quot;,&quot;created_timestamp&quot;:&quot;0&quot;,&quot;copyright&quot;:&quot;&quot;,&quot;focal_length&quot;:&quot;0&quot;,&quot;iso&quot;:&quot;0&quot;,&quot;shutter_speed&quot;:&quot;0&quot;,&quot;title&quot;:&quot;&quot;,&quot;orientation&quot;:&quot;0&quot;}\" data-image-title=\"WhatsApp-Image-2023-03-21-at-22.12.44\" data-image-description=\"\" data-image-caption=\"\" data-large-file=\"https:\/\/www.hoymercedes.com.ar\/principal\/wp-content\/uploads\/2023\/03\/WhatsApp-Image-2023-03-21-at-22.12.44.jpeg\" src=\"https:\/\/www.hoymercedes.com.ar\/principal\/wp-content\/uploads\/2023\/03\/WhatsApp-Image-2023-03-21-at-22.12.44.jpeg\" alt=\"\" class=\"wp-image-159915\" srcset=\"https:\/\/www.hoymercedes.com.ar\/principal\/wp-content\/uploads\/2023\/03\/WhatsApp-Image-2023-03-21-at-22.12.44.jpeg 1009w, https:\/\/www.hoymercedes.com.ar\/principal\/wp-content\/uploads\/2023\/03\/WhatsApp-Image-2023-03-21-at-22.12.44-630x562.jpeg 630w, https:\/\/www.hoymercedes.com.ar\/principal\/wp-content\/uploads\/2023\/03\/WhatsApp-Image-2023-03-21-at-22.12.44-150x134.jpeg 150w\" sizes=\"auto, (max-width: 1009px) 100vw, 1009px\" \/><\/figure>\n\n\n\n<p>Tras detectarlos ingresando a Mercedes por medio de los lectores de patentes en los accesos lograron detener a autores del robo de ruedas. Estaban siendo investigados tras una alerta zonal emitido desde la localidad de Navarro donde d\u00edas atr\u00e1s se hab\u00eda concreto un il\u00edcito bajo esta modalidad.<\/p>\n\n\n\n<p>Luego del suceso narrado en la vecina localidad, desde el \u00e1rea de seguridad local se presumi\u00f3 que en pocos d\u00edas, el veh\u00edculo en cuesti\u00f3n arribar\u00eda a nuestra localidad para perpetrar il\u00edcitos similares.<br>Esa presunci\u00f3n se hizo efectiva en el d\u00eda de la fecha, cuando \u00absaltaron las alarmas\u00bb de los lectores de patentes al verlo ingresar a la ciudad.<\/p>\n\n\n\n<p>El acontecimiento hizo desplegar un amplio operativo de rastreo por la ciudad, con apoyo del Centro de Monitoreo y un efectivo operativo cerrojo llevado a cabo por personal de la Polic\u00eda Comunal. Finalmente, tres personas fueron puestas a disposici\u00f3n de la justicia.<br>Cabe destacar que en la requisa de rigor se pudo constatar la presencia de elementos como criket, llaves cruz, y varias tuercas de diferentes veh\u00edculos.<\/p>\n\n\n\n<p>Los dos hombres aprehendidos ahora rendir\u00e1n cuenta a la justicia sobre las sospechas y eventuales cargos en su contra.<\/p>\n","protected":false},"excerpt":{"rendered":"<p>Tras detectarlos ingresando a Mercedes por medio de los lectores de patentes en los accesos lograron detener a autores del &#8230; <a title=\"Atraparon \u00abRoba ruedas\u00bb tras detectarlos ingresando en Mercedes\" class=\"read-more\" href=\"https:\/\/www.hoymercedes.com.ar\/principal\/2023\/03\/21\/atraparon-roba-ruedas-tras-detectarlos-ingresando-en-mercedes\/\" aria-label=\"Leer m\u00e1s sobre Atraparon \u00abRoba ruedas\u00bb tras detectarlos ingresando en Mercedes\">Leer m\u00e1s<\/a><\/p>\n","protected":false},"author":1,"featured_media":159915,"comment_status":"closed","ping_status":"open","sticky":false,"template":"","format":"standard","meta":{"_monsterinsights_skip_tracking":false,"_monsterinsights_sitenote_active":false,"_monsterinsights_sitenote_note":"","_monsterinsights_sitenote_category":0,"jetpack_post_was_ever_published":false,"_jetpack_newsletter_access":"","_jetpack_dont_email_post_to_subs":false,"_jetpack_newsletter_tier_id":0,"_jetpack_memberships_contains_paywalled_content":false,"_jetpack_memberships_contains_paid_content":false,"footnotes":"","jetpack_publicize_message":"","jetpack_publicize_feature_enabled":true,"jetpack_social_post_already_shared":true,"jetpack_social_options":{"image_generator_settings":{"template":"highway","default_image_id":0,"font":"","enabled":false},"version":2},"_wpas_customize_per_network":false},"categories":[85],"tags":[126,18695],"class_list":["post-159914","post","type-post","status-publish","format-standard","has-post-thumbnail","hentry","category-policial","tag-policia-mercedes","tag-roba-ruedas","generate-columns","tablet-grid-50","mobile-grid-100","grid-parent","grid-50"],"jetpack_publicize_connections":[],"jetpack_featured_media_url":"https:\/\/www.hoymercedes.com.ar\/principal\/wp-content\/uploads\/2023\/03\/WhatsApp-Image-2023-03-21-at-22.12.44.jpeg","wps_subtitle":"Detenidos","jetpack_sharing_enabled":true,"_links":{"self":[{"href":"https:\/\/www.hoymercedes.com.ar\/principal\/wp-json\/wp\/v2\/posts\/159914","targetHints":{"allow":["GET"]}}],"collection":[{"href":"https:\/\/www.hoymercedes.com.ar\/principal\/wp-json\/wp\/v2\/posts"}],"about":[{"href":"https:\/\/www.hoymercedes.com.ar\/principal\/wp-json\/wp\/v2\/types\/post"}],"author":[{"embeddable":true,"href":"https:\/\/www.hoymercedes.com.ar\/principal\/wp-json\/wp\/v2\/users\/1"}],"replies":[{"embeddable":true,"href":"https:\/\/www.hoymercedes.com.ar\/principal\/wp-json\/wp\/v2\/comments?post=159914"}],"version-history":[{"count":0,"href":"https:\/\/www.hoymercedes.com.ar\/principal\/wp-json\/wp\/v2\/posts\/159914\/revisions"}],"wp:featuredmedia":[{"embeddable":true,"href":"https:\/\/www.hoymercedes.com.ar\/principal\/wp-json\/wp\/v2\/media\/159915"}],"wp:attachment":[{"href":"https:\/\/www.hoymercedes.com.ar\/principal\/wp-json\/wp\/v2\/media?parent=159914"}],"wp:term":[{"taxonomy":"category","embeddable":true,"href":"https:\/\/www.hoymercedes.com.ar\/principal\/wp-json\/wp\/v2\/categories?post=159914"},{"taxonomy":"post_tag","embeddable":true,"href":"https:\/\/www.hoymercedes.com.ar\/principal\/wp-json\/wp\/v2\/tags?post=159914"}],"curies":[{"name":"wp","href":"https:\/\/api.w.org\/{rel}","templated":true}]}}