{"id":159945,"date":"2023-03-22T18:25:00","date_gmt":"2023-03-22T21:25:00","guid":{"rendered":"https:\/\/www.hoymercedes.com.ar\/principal\/?p=159945"},"modified":"2023-03-22T21:10:44","modified_gmt":"2023-03-23T00:10:44","slug":"regresa-el-topo-yanez-para-grabar-con-el-polaco","status":"publish","type":"post","link":"https:\/\/www.hoymercedes.com.ar\/principal\/2023\/03\/22\/regresa-el-topo-yanez-para-grabar-con-el-polaco\/","title":{"rendered":"Regresa el Topo Ya\u00f1ez para grabar con el Polaco"},"content":{"rendered":"\n<p>El domingo 26 de marzo regresa el Topo Ya\u00f1ez bajista de Horcas, a nuestra ciudad\u00a0 para sumar un nuevo tema en los estudios Inroom que ser\u00e1 parte del disco, que est\u00e1 grabando el Polaco Robert Wojciech Zelazek hist\u00f3rico bajista del grupo de punk rock Los Violadores ya vecino de nuestra ciudad.\u00a0<\/p>\n\n\n<div class=\"wp-block-image\">\n<figure class=\"aligncenter size-full\"><img loading=\"lazy\" decoding=\"async\" width=\"800\" height=\"369\" data-attachment-id=\"159949\" data-permalink=\"https:\/\/www.hoymercedes.com.ar\/principal\/2023\/03\/22\/regresa-el-topo-yanez-para-grabar-con-el-polaco\/topo-y-zelazek\/#main\" data-orig-file=\"https:\/\/www.hoymercedes.com.ar\/principal\/wp-content\/uploads\/2023\/03\/TOPO-Y-ZELAZEK.jpg\" data-orig-size=\"800,369\" data-comments-opened=\"0\" data-image-meta=\"{&quot;aperture&quot;:&quot;0&quot;,&quot;credit&quot;:&quot;&quot;,&quot;camera&quot;:&quot;&quot;,&quot;caption&quot;:&quot;&quot;,&quot;created_timestamp&quot;:&quot;0&quot;,&quot;copyright&quot;:&quot;&quot;,&quot;focal_length&quot;:&quot;0&quot;,&quot;iso&quot;:&quot;0&quot;,&quot;shutter_speed&quot;:&quot;0&quot;,&quot;title&quot;:&quot;&quot;,&quot;orientation&quot;:&quot;0&quot;}\" data-image-title=\"TOPO Y ZELAZEK\" data-image-description=\"\" data-image-caption=\"\" data-large-file=\"https:\/\/www.hoymercedes.com.ar\/principal\/wp-content\/uploads\/2023\/03\/TOPO-Y-ZELAZEK.jpg\" src=\"https:\/\/www.hoymercedes.com.ar\/principal\/wp-content\/uploads\/2023\/03\/TOPO-Y-ZELAZEK.jpg\" alt=\"\" class=\"wp-image-159949\" srcset=\"https:\/\/www.hoymercedes.com.ar\/principal\/wp-content\/uploads\/2023\/03\/TOPO-Y-ZELAZEK.jpg 800w, https:\/\/www.hoymercedes.com.ar\/principal\/wp-content\/uploads\/2023\/03\/TOPO-Y-ZELAZEK-630x291.jpg 630w, https:\/\/www.hoymercedes.com.ar\/principal\/wp-content\/uploads\/2023\/03\/TOPO-Y-ZELAZEK-150x69.jpg 150w\" sizes=\"auto, (max-width: 800px) 100vw, 800px\" \/><\/figure>\n<\/div>\n\n\n<p>El Topo Ya\u00f1ez cuenta con una larga trayectoria profesional que comenz\u00f3 en 1991 y antes de tocar metal hacia punk rock.\u00a0 En el metal es uno de los m\u00fasicos que eligi\u00f3 Osvaldo Civile para formar Horcas, ha tocado en toda Latinoam\u00e9rica, menos Per\u00fa. Hicieron giras por M\u00e9xico, E.E.U.U. y\u00a0 Espa\u00f1a. Ha tocado tres veces con Metallica, Slayer y Megadeth, dos veces con Iron Maiden y Motorhead, una vez con Pantera, Motley Crue y Black Sabbath que es la fecha que mas disfrutaron teloneando. <\/p>\n\n\n\n<p>Entre otras bandas,\u00a0 como Kreator, Ratos de Porao, Antrhrax, Exodus y Brujer\u00eda en los \u00faltimos 30 a\u00f1os. Con Horcas fueron la primera banda de heavy metal en estar ternados para los premios Carlos Gardel, que luego los volvi\u00f3 a ternar. Y el martes 13 de diciembre fueron invitados por abrir el show de Judas Priest en el Festival Knotfest Roadshow 2022 con localidades agotadas.\u00a0<\/p>\n\n\n<div class=\"wp-block-image\">\n<figure class=\"aligncenter size-full\"><img loading=\"lazy\" decoding=\"async\" width=\"800\" height=\"800\" data-attachment-id=\"159948\" data-permalink=\"https:\/\/www.hoymercedes.com.ar\/principal\/2023\/03\/22\/regresa-el-topo-yanez-para-grabar-con-el-polaco\/guille-grabando-en-inroom\/#main\" data-orig-file=\"https:\/\/www.hoymercedes.com.ar\/principal\/wp-content\/uploads\/2023\/03\/GUILLE-GRABANDO-EN-INROOM.jpg\" data-orig-size=\"800,800\" data-comments-opened=\"0\" data-image-meta=\"{&quot;aperture&quot;:&quot;0&quot;,&quot;credit&quot;:&quot;&quot;,&quot;camera&quot;:&quot;&quot;,&quot;caption&quot;:&quot;&quot;,&quot;created_timestamp&quot;:&quot;0&quot;,&quot;copyright&quot;:&quot;&quot;,&quot;focal_length&quot;:&quot;0&quot;,&quot;iso&quot;:&quot;0&quot;,&quot;shutter_speed&quot;:&quot;0&quot;,&quot;title&quot;:&quot;&quot;,&quot;orientation&quot;:&quot;0&quot;}\" data-image-title=\"GUILLE GRABANDO EN INROOM\" data-image-description=\"\" data-image-caption=\"\" data-large-file=\"https:\/\/www.hoymercedes.com.ar\/principal\/wp-content\/uploads\/2023\/03\/GUILLE-GRABANDO-EN-INROOM.jpg\" src=\"https:\/\/www.hoymercedes.com.ar\/principal\/wp-content\/uploads\/2023\/03\/GUILLE-GRABANDO-EN-INROOM.jpg\" alt=\"\" class=\"wp-image-159948\" srcset=\"https:\/\/www.hoymercedes.com.ar\/principal\/wp-content\/uploads\/2023\/03\/GUILLE-GRABANDO-EN-INROOM.jpg 800w, https:\/\/www.hoymercedes.com.ar\/principal\/wp-content\/uploads\/2023\/03\/GUILLE-GRABANDO-EN-INROOM-620x620.jpg 620w, https:\/\/www.hoymercedes.com.ar\/principal\/wp-content\/uploads\/2023\/03\/GUILLE-GRABANDO-EN-INROOM-150x150.jpg 150w\" sizes=\"auto, (max-width: 800px) 100vw, 800px\" \/><\/figure>\n<\/div>\n\n\n<p>Junto al vocalista Walter Meza que insisti\u00f3 para participar de este \u00e1lbum, .luego de que su compa\u00f1ero de banda le contar\u00e1 la experiencia y la amistad que lo une al Polaco Zelazek. Walter Meza naci\u00f3 la Ciudad de Buenos Aires el 8 de diciembre de 1966, a comienzos de los\u00b480 integro Delay, junto a Pablo Mondello, actual guitarrista de Massacre, y fue parte de Samurai y Heinkel. Form\u00f3 Jeriko junto a sus ex compa\u00f1eros de Heinkel y otros de Retrosat\u00e1n. Es cantante tenor de heavy metal y vocalista de Horcas desde 1997, la banda del guitarrista de V8 Osvaldo Civile.\u00a0 <\/p>\n\n\n\n<p>Junto a Horcas grab\u00f3 los discos \u201cVence\u201d (1997), \u201cEternos\u201d (1999), \u201cHorcas\u201d (2002), \u201cHorcas vive\u201d (2003), \u201cDemencial\u201d (2004). \u201cAsesino\u201d (2006), \u201cReviviendo huestes\u201d (2008), \u201cLa maldici\u00f3n contin\u00faa\u201d (2010), \u201cPor tu honor\u201d (2013) y \u201cGritando verdades\u201d(2018).. Adem\u00e1s particip\u00f3 en\u00a0 varios tributos como a V8, Metallica, Judas Priest, Riff, entre otros. Adem\u00e1s es productor y conductor de TV.\u00a0\u00a0<\/p>\n\n\n\n<p>Tambi\u00e9n nos visita Lucas \u00abCastor\u00bb Simcic naci\u00f3 en Buenos Aires, Argentina el 4 de septiembre de 1988. A los 9 a\u00f1os de edad comenz\u00f3 a estudiar m\u00fasica y guitarra cl\u00e1sica. En el a\u00f1o 2001 arma su primera banda de heavy metal. Desde el a\u00f1o 2002 hasta el 2007 ingresa a estudiar m\u00fasica al Centro Polivalente de Arte en San Isidro, el cual articula con el Conservatorio \u201cJuan Jos\u00e9 Castro\u201d. All\u00ed mismo ha estudiado m\u00fasica de forma acad\u00e9mica finalizando con el ciclo b\u00e1sico del conservatorio.\u00a0 Tambi\u00e9n el a\u00f1o 2002 comenz\u00f3 a estudiar guitarra el\u00e9ctrica, teor\u00eda y t\u00e9cnica con Lucio Antolini. (Irreal, mala medicina). <\/p>\n\n\n<div class=\"wp-block-image\">\n<figure class=\"aligncenter size-full\"><img loading=\"lazy\" decoding=\"async\" width=\"533\" height=\"800\" data-attachment-id=\"159947\" data-permalink=\"https:\/\/www.hoymercedes.com.ar\/principal\/2023\/03\/22\/regresa-el-topo-yanez-para-grabar-con-el-polaco\/lucas-castor\/#main\" data-orig-file=\"https:\/\/www.hoymercedes.com.ar\/principal\/wp-content\/uploads\/2023\/03\/LUCAS-CASTOR.jpg\" data-orig-size=\"533,800\" data-comments-opened=\"0\" data-image-meta=\"{&quot;aperture&quot;:&quot;0&quot;,&quot;credit&quot;:&quot;&quot;,&quot;camera&quot;:&quot;&quot;,&quot;caption&quot;:&quot;&quot;,&quot;created_timestamp&quot;:&quot;1668611009&quot;,&quot;copyright&quot;:&quot;&quot;,&quot;focal_length&quot;:&quot;0&quot;,&quot;iso&quot;:&quot;0&quot;,&quot;shutter_speed&quot;:&quot;0&quot;,&quot;title&quot;:&quot;&quot;,&quot;orientation&quot;:&quot;0&quot;}\" data-image-title=\"LUCAS CASTOR\" data-image-description=\"\" data-image-caption=\"\" data-large-file=\"https:\/\/www.hoymercedes.com.ar\/principal\/wp-content\/uploads\/2023\/03\/LUCAS-CASTOR.jpg\" src=\"https:\/\/www.hoymercedes.com.ar\/principal\/wp-content\/uploads\/2023\/03\/LUCAS-CASTOR.jpg\" alt=\"\" class=\"wp-image-159947\" srcset=\"https:\/\/www.hoymercedes.com.ar\/principal\/wp-content\/uploads\/2023\/03\/LUCAS-CASTOR.jpg 533w, https:\/\/www.hoymercedes.com.ar\/principal\/wp-content\/uploads\/2023\/03\/LUCAS-CASTOR-413x620.jpg 413w, https:\/\/www.hoymercedes.com.ar\/principal\/wp-content\/uploads\/2023\/03\/LUCAS-CASTOR-100x150.jpg 100w\" sizes=\"auto, (max-width: 533px) 100vw, 533px\" \/><\/figure>\n<\/div>\n\n\n<p>Entre los a\u00f1os 2005 &#8211; 2007, a los 17 a\u00f1os de edad ingresa a la banda de heavy metal cl\u00e1sico \u201cCaptor\u201d en la cual graba su primer EP y comienza a dar sus primeros pasos en la escena underground tocando en varias ciudades y provincias de Argentina. Entre los a\u00f1os 2007 &#8211; 2010 ingresa a la banda de thrash metal \u201cFal\u201d. En el a\u00f1o 2011 es convocado para grabar el disco LP debut de \u201czorra\u201d titulado \u201cLa ronda de los perdedores\u201d (banda en la cual formaban parte Rodrigo Santamar\u00eda, \u201cAsspera\u201d y Andr\u00e9s Bernard, \u201cDagas\u201d). <\/p>\n\n\n\n<p>En Noviembre del 2011 ingresa como guitarrista a Horcas, una de las bandas pilares del heavy metal argentino. Con este grupo tuvo la oportunidad de recorrer gran parte del territorio argentino, y de Latino Am\u00e9rica, en dos ocasiones recorrieron m\u00e1s de 15 ciudades en Estados Unidos. Comparti\u00f3 escenario con bandas como \u201cBlack Sabbath\u201d, \u00abSlayer\u00bb, \u201cMegadeth\u201d, \u201cSepultura\u201d, \u201cAnthrax\u201d,\u00bbExodus\u00bb entre otras. Grab\u00f3 2 discos: \u201cPor tu honor\u201d (2013) y \u201cGritando verdades\u201d (2018) ambos nominados a los premios Carlos Gardel en la categor\u00eda \u201cmejor disco de rock pesado\/punk\u201d. En Julio del 2021 luego de 10 a\u00f1os de carrera junto a Horcas, Lucas hace un impass temporal para dedicarle tiempo a sus proyectos personales. En el 2020 ingresa a Granada como guitarrista. <\/p>\n\n\n\n<p>Al a\u00f1o pr\u00f3ximo (2021) lanzan el single \u201cVictimizaci\u00f3n y ego\u00edsmo\u201d y un EP llamado \u201cSistema nervioso\u201d el cual trata de reversiones de los primeros dos discos de la banda. En Agosto del 2021 Decide dejar \u00abHorcas\u00bb para viajar a la ciudad de Nueva York y establecerse por los siguientes 5 meses donde debuta con su nuevo proyecto llamado A.N.T. (Automatic Negative Thoughts) el cual lanza un single junto a video lyric titulado \u00abCiego Estas Hoy\u00bb En este proyecto que es un power trio de rock\/metal en la linea de alice in chains\/ black label society lo acompa\u00f1an Lucas Randy Romano y Germ\u00e1n Garc\u00eda, hacen una gira de 15 shows por Estados unidos en diversas ciudad y tocando en el m\u00edtico Rainbow Bar and grill de Los \u00c1ngeles entre otros. <\/p>\n\n\n\n<p>En el 2022 ya de vuelta en Argentina Se dedican a terminar la pre producci\u00f3n del disco debut de A.N.T. Realizando unos cuantos shows por el conurbano bonaerense y el interior del pa\u00eds. En la actualidad se encuentro finalizando la grabaci\u00f3n del primer disco de A.N.T. Para poder sacarlo en abril del corriente a\u00f1o y poder encarar una gira para presentarlo en diversas localidades, ciudades, provincias y pa\u00edses del exterior.\u00a0\u00a0<\/p>\n\n\n<div class=\"wp-block-image\">\n<figure class=\"aligncenter size-full\"><img loading=\"lazy\" decoding=\"async\" width=\"494\" height=\"800\" data-attachment-id=\"159946\" data-permalink=\"https:\/\/www.hoymercedes.com.ar\/principal\/2023\/03\/22\/regresa-el-topo-yanez-para-grabar-con-el-polaco\/larry-zabala\/#main\" data-orig-file=\"https:\/\/www.hoymercedes.com.ar\/principal\/wp-content\/uploads\/2023\/03\/Larry-Zabala.jpg\" data-orig-size=\"494,800\" data-comments-opened=\"0\" data-image-meta=\"{&quot;aperture&quot;:&quot;0&quot;,&quot;credit&quot;:&quot;&quot;,&quot;camera&quot;:&quot;&quot;,&quot;caption&quot;:&quot;&quot;,&quot;created_timestamp&quot;:&quot;0&quot;,&quot;copyright&quot;:&quot;&quot;,&quot;focal_length&quot;:&quot;0&quot;,&quot;iso&quot;:&quot;0&quot;,&quot;shutter_speed&quot;:&quot;0&quot;,&quot;title&quot;:&quot;&quot;,&quot;orientation&quot;:&quot;0&quot;}\" data-image-title=\"Larry Zabala\" data-image-description=\"\" data-image-caption=\"\" data-large-file=\"https:\/\/www.hoymercedes.com.ar\/principal\/wp-content\/uploads\/2023\/03\/Larry-Zabala.jpg\" src=\"https:\/\/www.hoymercedes.com.ar\/principal\/wp-content\/uploads\/2023\/03\/Larry-Zabala.jpg\" alt=\"\" class=\"wp-image-159946\" srcset=\"https:\/\/www.hoymercedes.com.ar\/principal\/wp-content\/uploads\/2023\/03\/Larry-Zabala.jpg 494w, https:\/\/www.hoymercedes.com.ar\/principal\/wp-content\/uploads\/2023\/03\/Larry-Zabala-383x620.jpg 383w, https:\/\/www.hoymercedes.com.ar\/principal\/wp-content\/uploads\/2023\/03\/Larry-Zabala-93x150.jpg 93w\" sizes=\"auto, (max-width: 494px) 100vw, 494px\" \/><\/figure>\n<\/div>\n\n\n<p>Nuevamente nos visita Larry Zavala,\u00a0 cantante y compositor argentino de\u202fthrash metal junto a Walter y Rub\u00e9n Mart\u00ednez hermanos de Vorax que, vienen a cantar y sumar coros. Y finalmente tambi\u00e9n regresa a grabar luego de su multitudinario show del 19 de febrero, invitados por Iorio para tocar en Tornquist provincia de Bs. As., Guille Wallace, es\u00a0 tatuador desde 2009 en su estudio privado en la ciudad de Lan\u00fas, adem\u00e1s aerografista desde 2005. En el\u00a0 2021 es convocado por Ricardo Iorio para pertenecer a INSTINTO Dc. A\u00a0 fines enero de 2023\u00a0 sali\u00f3\u00a0 el nuevo disco de INSTINTO DC. Que se puede escuchar en las plataformas digitales.\u00a0\u00a0<\/p>\n\n\n\n<p>Colaboraci\u00f3n: Fernando Viloria. <\/p>\n","protected":false},"excerpt":{"rendered":"<p>El domingo 26 de marzo regresa el Topo Ya\u00f1ez bajista de Horcas, a nuestra ciudad\u00a0 para sumar un nuevo tema &#8230; <a title=\"Regresa el Topo Ya\u00f1ez para grabar con el Polaco\" class=\"read-more\" href=\"https:\/\/www.hoymercedes.com.ar\/principal\/2023\/03\/22\/regresa-el-topo-yanez-para-grabar-con-el-polaco\/\" aria-label=\"Leer m\u00e1s sobre Regresa el Topo Ya\u00f1ez para grabar con el Polaco\">Leer m\u00e1s<\/a><\/p>\n","protected":false},"author":1,"featured_media":159949,"comment_status":"closed","ping_status":"open","sticky":false,"template":"","format":"standard","meta":{"_monsterinsights_skip_tracking":false,"_monsterinsights_sitenote_active":false,"_monsterinsights_sitenote_note":"","_monsterinsights_sitenote_category":0,"jetpack_post_was_ever_published":false,"_jetpack_newsletter_access":"","_jetpack_dont_email_post_to_subs":false,"_jetpack_newsletter_tier_id":0,"_jetpack_memberships_contains_paywalled_content":false,"_jetpack_memberships_contains_paid_content":false,"footnotes":"","jetpack_publicize_message":"","jetpack_publicize_feature_enabled":true,"jetpack_social_post_already_shared":true,"jetpack_social_options":{"image_generator_settings":{"template":"highway","default_image_id":0,"font":"","enabled":false},"version":2},"_wpas_customize_per_network":false},"categories":[104],"tags":[7805],"class_list":["post-159945","post","type-post","status-publish","format-standard","has-post-thumbnail","hentry","category-cultura","tag-cultura","generate-columns","tablet-grid-50","mobile-grid-100","grid-parent","grid-50"],"jetpack_publicize_connections":[],"jetpack_featured_media_url":"https:\/\/www.hoymercedes.com.ar\/principal\/wp-content\/uploads\/2023\/03\/TOPO-Y-ZELAZEK.jpg","wps_subtitle":"","jetpack_sharing_enabled":true,"_links":{"self":[{"href":"https:\/\/www.hoymercedes.com.ar\/principal\/wp-json\/wp\/v2\/posts\/159945","targetHints":{"allow":["GET"]}}],"collection":[{"href":"https:\/\/www.hoymercedes.com.ar\/principal\/wp-json\/wp\/v2\/posts"}],"about":[{"href":"https:\/\/www.hoymercedes.com.ar\/principal\/wp-json\/wp\/v2\/types\/post"}],"author":[{"embeddable":true,"href":"https:\/\/www.hoymercedes.com.ar\/principal\/wp-json\/wp\/v2\/users\/1"}],"replies":[{"embeddable":true,"href":"https:\/\/www.hoymercedes.com.ar\/principal\/wp-json\/wp\/v2\/comments?post=159945"}],"version-history":[{"count":0,"href":"https:\/\/www.hoymercedes.com.ar\/principal\/wp-json\/wp\/v2\/posts\/159945\/revisions"}],"wp:featuredmedia":[{"embeddable":true,"href":"https:\/\/www.hoymercedes.com.ar\/principal\/wp-json\/wp\/v2\/media\/159949"}],"wp:attachment":[{"href":"https:\/\/www.hoymercedes.com.ar\/principal\/wp-json\/wp\/v2\/media?parent=159945"}],"wp:term":[{"taxonomy":"category","embeddable":true,"href":"https:\/\/www.hoymercedes.com.ar\/principal\/wp-json\/wp\/v2\/categories?post=159945"},{"taxonomy":"post_tag","embeddable":true,"href":"https:\/\/www.hoymercedes.com.ar\/principal\/wp-json\/wp\/v2\/tags?post=159945"}],"curies":[{"name":"wp","href":"https:\/\/api.w.org\/{rel}","templated":true}]}}