{"id":15996,"date":"2012-09-10T13:19:22","date_gmt":"2012-09-10T13:19:22","guid":{"rendered":"http:\/\/www.hoymercedes.com.ar\/principal\/?p=15996"},"modified":"2012-09-10T13:21:09","modified_gmt":"2012-09-10T13:21:09","slug":"espana-y-de-pedro-reunidos-con-vialidad-por-autopista-mercedes-lujan","status":"publish","type":"post","link":"https:\/\/www.hoymercedes.com.ar\/principal\/2012\/09\/10\/espana-y-de-pedro-reunidos-con-vialidad-por-autopista-mercedes-lujan\/","title":{"rendered":"Espa\u00f1a y De Pedro reunidos con Vialidad por autopista Mercedes &#8211; Luj\u00e1n"},"content":{"rendered":"<p><a href=\"https:\/\/www.hoymercedes.com.ar\/principal\/wp-content\/uploads\/2012\/09\/Espa\u00f1a-DePedro-VialidadNacional.jpg\"><img loading=\"lazy\" decoding=\"async\" data-attachment-id=\"15998\" data-permalink=\"https:\/\/www.hoymercedes.com.ar\/principal\/2012\/09\/10\/espana-y-de-pedro-reunidos-con-vialidad-por-autopista-mercedes-lujan\/espana-depedro-vialidadnacional\/#main\" data-orig-file=\"https:\/\/www.hoymercedes.com.ar\/principal\/wp-content\/uploads\/2012\/09\/Espa\u00f1a-DePedro-VialidadNacional.jpg\" data-orig-size=\"614,461\" data-comments-opened=\"1\" data-image-meta=\"{&quot;aperture&quot;:&quot;2.4&quot;,&quot;credit&quot;:&quot;&quot;,&quot;camera&quot;:&quot;iPhone 4S&quot;,&quot;caption&quot;:&quot;&quot;,&quot;created_timestamp&quot;:&quot;1346861083&quot;,&quot;copyright&quot;:&quot;&quot;,&quot;focal_length&quot;:&quot;4.28&quot;,&quot;iso&quot;:&quot;200&quot;,&quot;shutter_speed&quot;:&quot;0.05&quot;,&quot;title&quot;:&quot;&quot;}\" data-image-title=\"Espa\u00f1a-DePedro-VialidadNacional\" data-image-description=\"\" data-image-caption=\"\" data-large-file=\"https:\/\/www.hoymercedes.com.ar\/principal\/wp-content\/uploads\/2012\/09\/Espa\u00f1a-DePedro-VialidadNacional.jpg\" class=\"aligncenter size-full wp-image-15998\" title=\"Espa\u00f1a-DePedro-VialidadNacional\" src=\"https:\/\/www.hoymercedes.com.ar\/principal\/wp-content\/uploads\/2012\/09\/Espa\u00f1a-DePedro-VialidadNacional.jpg\" alt=\"\" width=\"614\" height=\"461\" \/><\/a><\/p>\n<p>Tal cual se inform\u00f3 la semana anterior, los diputados mercedinos Eduardo de Pedro y Alberto Espa\u00f1a hab\u00edan solicitado una entrevista con el administrador General de Vialidad Nacional, ingeniero Nelson Periotti a fin de analizar en forma conjunta el problema existente para la conclusi\u00f3n de la autopista Luj\u00e1n Mercedes. El encuentro tuvo lugar el mi\u00e9rcoles \u00faltimo en horas de la tarde y durante m\u00e1s de una hora el funcionario recibi\u00f3 a los diputados mercedinos quienes le transmitieron la preocupaci\u00f3n del pueblo de Mercedes no solo por la obra inconclusa sino tambi\u00e9n por el estado del trazado.<\/p>\n<p>En el encuentro, Periotti les brind\u00f3 un pormenorizado informe de la situaci\u00f3n comprometi\u00e9ndose a realizar las gestiones pertinentes ante la empresa concesionaria y el OCCOVI. En principio el problema ser\u00eda estrictamente econ\u00f3mico por parte de la empresa concesionaria que deb\u00eda concluir la obra y por ello Espa\u00f1a y de Pedro no descartan que la misma llegue a ser intimada, en breve, a que se concluyan las obras.<\/p>\n<p>Los diputados mercedinos prefirieron ser cautos pero son optimistas respecto a que Vialidad Nacional avance en la concreci\u00f3n de alg\u00fan acuerdo que permita que la obra tan esperada por los mercedinos llegue a su fin.<\/p>\n","protected":false},"excerpt":{"rendered":"<p>Tal cual se inform\u00f3 la semana anterior, los diputados mercedinos Eduardo de Pedro y Alberto Espa\u00f1a hab\u00edan solicitado una entrevista &#8230; <a title=\"Espa\u00f1a y De Pedro reunidos con Vialidad por autopista Mercedes &#8211; Luj\u00e1n\" class=\"read-more\" href=\"https:\/\/www.hoymercedes.com.ar\/principal\/2012\/09\/10\/espana-y-de-pedro-reunidos-con-vialidad-por-autopista-mercedes-lujan\/\" aria-label=\"Leer m\u00e1s sobre Espa\u00f1a y De Pedro reunidos con Vialidad por autopista Mercedes &#8211; Luj\u00e1n\">Leer m\u00e1s<\/a><\/p>\n","protected":false},"author":1,"featured_media":0,"comment_status":"open","ping_status":"open","sticky":false,"template":"","format":"standard","meta":{"_monsterinsights_skip_tracking":false,"_monsterinsights_sitenote_active":false,"_monsterinsights_sitenote_note":"","_monsterinsights_sitenote_category":0,"jetpack_post_was_ever_published":false,"_jetpack_newsletter_access":"","_jetpack_dont_email_post_to_subs":false,"_jetpack_newsletter_tier_id":0,"_jetpack_memberships_contains_paywalled_content":false,"_jetpack_memberships_contains_paid_content":false,"footnotes":"","jetpack_publicize_message":"","jetpack_publicize_feature_enabled":true,"jetpack_social_post_already_shared":false,"jetpack_social_options":{"image_generator_settings":{"template":"highway","default_image_id":0,"font":"","enabled":false},"version":2},"_wpas_customize_per_network":false},"categories":[5],"tags":[2687,2686,379,281],"class_list":["post-15996","post","type-post","status-publish","format-standard","hentry","category-politica","tag-alberto-espana","tag-eduardo-de-pedro","tag-frente-mercedino-para-la-victoria","tag-wado-de-pedro","generate-columns","tablet-grid-50","mobile-grid-100","grid-parent","grid-50"],"jetpack_publicize_connections":[],"jetpack_featured_media_url":"","wps_subtitle":"","jetpack_sharing_enabled":true,"_links":{"self":[{"href":"https:\/\/www.hoymercedes.com.ar\/principal\/wp-json\/wp\/v2\/posts\/15996","targetHints":{"allow":["GET"]}}],"collection":[{"href":"https:\/\/www.hoymercedes.com.ar\/principal\/wp-json\/wp\/v2\/posts"}],"about":[{"href":"https:\/\/www.hoymercedes.com.ar\/principal\/wp-json\/wp\/v2\/types\/post"}],"author":[{"embeddable":true,"href":"https:\/\/www.hoymercedes.com.ar\/principal\/wp-json\/wp\/v2\/users\/1"}],"replies":[{"embeddable":true,"href":"https:\/\/www.hoymercedes.com.ar\/principal\/wp-json\/wp\/v2\/comments?post=15996"}],"version-history":[{"count":0,"href":"https:\/\/www.hoymercedes.com.ar\/principal\/wp-json\/wp\/v2\/posts\/15996\/revisions"}],"wp:attachment":[{"href":"https:\/\/www.hoymercedes.com.ar\/principal\/wp-json\/wp\/v2\/media?parent=15996"}],"wp:term":[{"taxonomy":"category","embeddable":true,"href":"https:\/\/www.hoymercedes.com.ar\/principal\/wp-json\/wp\/v2\/categories?post=15996"},{"taxonomy":"post_tag","embeddable":true,"href":"https:\/\/www.hoymercedes.com.ar\/principal\/wp-json\/wp\/v2\/tags?post=15996"}],"curies":[{"name":"wp","href":"https:\/\/api.w.org\/{rel}","templated":true}]}}