{"id":160013,"date":"2023-03-24T15:16:18","date_gmt":"2023-03-24T18:16:18","guid":{"rendered":"https:\/\/www.hoymercedes.com.ar\/principal\/?p=160013"},"modified":"2023-03-24T15:17:07","modified_gmt":"2023-03-24T18:17:07","slug":"24-de-marzo-del-76-otra-forma-de-recordar","status":"publish","type":"post","link":"https:\/\/www.hoymercedes.com.ar\/principal\/2023\/03\/24\/24-de-marzo-del-76-otra-forma-de-recordar\/","title":{"rendered":"24 de Marzo del \u00b476 &#8211; Otra forma de recordar"},"content":{"rendered":"\n<p>\u00abAll\u00ed donde la toques, la memoria duele\u00bb (Yorgos Seferis, poeta griego)<\/p>\n\n\n\n<p>Requiem por la Democracia <br>(2023, Oscar Dinova)<\/p>\n\n\n<div class=\"wp-block-image\">\n<figure class=\"alignright size-full\"><img loading=\"lazy\" decoding=\"async\" width=\"640\" height=\"512\" data-attachment-id=\"160014\" data-permalink=\"https:\/\/www.hoymercedes.com.ar\/principal\/2023\/03\/24\/24-de-marzo-del-76-otra-forma-de-recordar\/image-34\/#main\" data-orig-file=\"https:\/\/www.hoymercedes.com.ar\/principal\/wp-content\/uploads\/2023\/03\/image-34.png\" data-orig-size=\"640,512\" data-comments-opened=\"0\" data-image-meta=\"{&quot;aperture&quot;:&quot;0&quot;,&quot;credit&quot;:&quot;&quot;,&quot;camera&quot;:&quot;&quot;,&quot;caption&quot;:&quot;&quot;,&quot;created_timestamp&quot;:&quot;0&quot;,&quot;copyright&quot;:&quot;&quot;,&quot;focal_length&quot;:&quot;0&quot;,&quot;iso&quot;:&quot;0&quot;,&quot;shutter_speed&quot;:&quot;0&quot;,&quot;title&quot;:&quot;&quot;,&quot;orientation&quot;:&quot;0&quot;}\" data-image-title=\"image-34\" data-image-description=\"\" data-image-caption=\"\" data-large-file=\"https:\/\/www.hoymercedes.com.ar\/principal\/wp-content\/uploads\/2023\/03\/image-34.png\" src=\"https:\/\/www.hoymercedes.com.ar\/principal\/wp-content\/uploads\/2023\/03\/image-34.png\" alt=\"\" class=\"wp-image-160014\" srcset=\"https:\/\/www.hoymercedes.com.ar\/principal\/wp-content\/uploads\/2023\/03\/image-34.png 640w, https:\/\/www.hoymercedes.com.ar\/principal\/wp-content\/uploads\/2023\/03\/image-34-630x504.png 630w, https:\/\/www.hoymercedes.com.ar\/principal\/wp-content\/uploads\/2023\/03\/image-34-150x120.png 150w\" sizes=\"auto, (max-width: 640px) 100vw, 640px\" \/><\/figure>\n<\/div>\n\n\n<p>No hicimos lo necesario para cuidarla<br>ni lo poco ni lo mucho,<br>estuvimos desatentos,<br>era algo que molestaba,<br>que estaba de m\u00e1s&#8230;<br>Y luego,<br>lo lamentamos hasta el infinito,<br>supimos un poco tarde su valor,<br>una se\u00f1ora muy antigua,<br>que pod\u00eda protegernos\/<br>la dejamos de lado<br>en forma casi insolente&#8230;<br>Y ahora, ac\u00e1 andamos,<br>con nuestros achaques<br>y un l\u00e1grima ya seca<br>recordando a nuestra gente&#8230;<\/p>\n\n\n\n<p>&#8230;\u00bbNunca hubi\u00e9ramos pensado que la cosa iba a estar tan fulera, tan dif\u00edcil, cuando un a\u00f1o atr\u00e1s nos parec\u00eda que la llegada de los militares al poder pondr\u00eda claridad en el panorama pol\u00edtico de nuestro pa\u00eds. Que as\u00ed la gente ver\u00eda con mayor facilidad al verdadero enemigo y nosotros podr\u00edamos encabezar con holgura, primero la resistencia y luego la toma del poder&#8230;\u00bb<\/p>\n\n\n\n<p>&#8230;\u00bbLos primeros meses despu\u00e9s del Golpe intentamos seguir con nuestras rutinas, nuestros estudios. Ingenuamente pensamos que la intervenci\u00f3n de las fuerzas armadas criollas no ten\u00eda nada que ver con un verdadero golpe de estado, no hab\u00eda bombardeos o filas visibles de detenidos llevados a las c\u00e1rceles. Los subestimamos de pe a pa. El infierno se iba preparando en silencio, como se prepara un c\u00e1ncer para llevarse una vida, sin estridencias ni avisar\u00bb.<\/p>\n\n\n\n<p>Del Cuento \u00abQuince minutos\u00bb en el Tren de la Vida (p\u00e1gs 38 y 43)<br>Oscar Dinova<\/p>\n","protected":false},"excerpt":{"rendered":"<p>\u00abAll\u00ed donde la toques, la memoria duele\u00bb (Yorgos Seferis, poeta griego) Requiem por la Democracia (2023, Oscar Dinova) No hicimos &#8230; <a title=\"24 de Marzo del \u00b476 &#8211; Otra forma de recordar\" class=\"read-more\" href=\"https:\/\/www.hoymercedes.com.ar\/principal\/2023\/03\/24\/24-de-marzo-del-76-otra-forma-de-recordar\/\" aria-label=\"Leer m\u00e1s sobre 24 de Marzo del \u00b476 &#8211; Otra forma de recordar\">Leer m\u00e1s<\/a><\/p>\n","protected":false},"author":1,"featured_media":160014,"comment_status":"closed","ping_status":"open","sticky":false,"template":"","format":"standard","meta":{"_monsterinsights_skip_tracking":false,"_monsterinsights_sitenote_active":false,"_monsterinsights_sitenote_note":"","_monsterinsights_sitenote_category":0,"jetpack_post_was_ever_published":false,"_jetpack_newsletter_access":"","_jetpack_dont_email_post_to_subs":false,"_jetpack_newsletter_tier_id":0,"_jetpack_memberships_contains_paywalled_content":false,"_jetpack_memberships_contains_paid_content":false,"footnotes":"","jetpack_publicize_message":"","jetpack_publicize_feature_enabled":true,"jetpack_social_post_already_shared":true,"jetpack_social_options":{"image_generator_settings":{"template":"highway","default_image_id":0,"font":"","enabled":false},"version":2},"_wpas_customize_per_network":false},"categories":[8],"tags":[],"class_list":["post-160013","post","type-post","status-publish","format-standard","has-post-thumbnail","hentry","category-sociedad","generate-columns","tablet-grid-50","mobile-grid-100","grid-parent","grid-50"],"jetpack_publicize_connections":[],"jetpack_featured_media_url":"https:\/\/www.hoymercedes.com.ar\/principal\/wp-content\/uploads\/2023\/03\/image-34.png","wps_subtitle":"","jetpack_sharing_enabled":true,"_links":{"self":[{"href":"https:\/\/www.hoymercedes.com.ar\/principal\/wp-json\/wp\/v2\/posts\/160013","targetHints":{"allow":["GET"]}}],"collection":[{"href":"https:\/\/www.hoymercedes.com.ar\/principal\/wp-json\/wp\/v2\/posts"}],"about":[{"href":"https:\/\/www.hoymercedes.com.ar\/principal\/wp-json\/wp\/v2\/types\/post"}],"author":[{"embeddable":true,"href":"https:\/\/www.hoymercedes.com.ar\/principal\/wp-json\/wp\/v2\/users\/1"}],"replies":[{"embeddable":true,"href":"https:\/\/www.hoymercedes.com.ar\/principal\/wp-json\/wp\/v2\/comments?post=160013"}],"version-history":[{"count":0,"href":"https:\/\/www.hoymercedes.com.ar\/principal\/wp-json\/wp\/v2\/posts\/160013\/revisions"}],"wp:featuredmedia":[{"embeddable":true,"href":"https:\/\/www.hoymercedes.com.ar\/principal\/wp-json\/wp\/v2\/media\/160014"}],"wp:attachment":[{"href":"https:\/\/www.hoymercedes.com.ar\/principal\/wp-json\/wp\/v2\/media?parent=160013"}],"wp:term":[{"taxonomy":"category","embeddable":true,"href":"https:\/\/www.hoymercedes.com.ar\/principal\/wp-json\/wp\/v2\/categories?post=160013"},{"taxonomy":"post_tag","embeddable":true,"href":"https:\/\/www.hoymercedes.com.ar\/principal\/wp-json\/wp\/v2\/tags?post=160013"}],"curies":[{"name":"wp","href":"https:\/\/api.w.org\/{rel}","templated":true}]}}