{"id":16002,"date":"2012-09-11T00:14:46","date_gmt":"2012-09-11T00:14:46","guid":{"rendered":"http:\/\/www.hoymercedes.com.ar\/principal\/?p=16002"},"modified":"2012-09-11T00:15:32","modified_gmt":"2012-09-11T00:15:32","slug":"la-fiesta-desde-el-aire","status":"publish","type":"post","link":"https:\/\/www.hoymercedes.com.ar\/principal\/2012\/09\/11\/la-fiesta-desde-el-aire\/","title":{"rendered":"La Fiesta, desde el aire&#8230;."},"content":{"rendered":"<p>Como es habitual en los \u00faltimos a\u00f1os la municipalidad env\u00eda a sacar fotos desde el aire con el objetivo de reflejar el marco de asistencia que posee la fiesta. Este a\u00f1o, donde se sostiene que fue r\u00e9cord, la im\u00e1genes resultan impactante al ser, como se dice, una marea de gente.<\/p>\n<p>Las fotos tomadas desde un avi\u00f3n del Aeroclub Mercedes corresponden al d\u00eda domingo.<\/p>\n<p><a href=\"https:\/\/www.hoymercedes.com.ar\/principal\/wp-content\/uploads\/2012\/09\/AereasFiestaSalame2012IMG_5103.jpg\"><img loading=\"lazy\" decoding=\"async\" data-attachment-id=\"16004\" data-permalink=\"https:\/\/www.hoymercedes.com.ar\/principal\/2012\/09\/11\/la-fiesta-desde-el-aire\/aereasfiestasalame2012img_5103\/#main\" data-orig-file=\"https:\/\/www.hoymercedes.com.ar\/principal\/wp-content\/uploads\/2012\/09\/AereasFiestaSalame2012IMG_5103.jpg\" data-orig-size=\"614,409\" data-comments-opened=\"1\" data-image-meta=\"{&quot;aperture&quot;:&quot;7.1&quot;,&quot;credit&quot;:&quot;&quot;,&quot;camera&quot;:&quot;Canon EOS REBEL T1i&quot;,&quot;caption&quot;:&quot;&quot;,&quot;created_timestamp&quot;:&quot;1347205976&quot;,&quot;copyright&quot;:&quot;&quot;,&quot;focal_length&quot;:&quot;146&quot;,&quot;iso&quot;:&quot;100&quot;,&quot;shutter_speed&quot;:&quot;0.004&quot;,&quot;title&quot;:&quot;&quot;}\" data-image-title=\"AereasFiestaSalame2012IMG_5103\" data-image-description=\"\" data-image-caption=\"\" data-large-file=\"https:\/\/www.hoymercedes.com.ar\/principal\/wp-content\/uploads\/2012\/09\/AereasFiestaSalame2012IMG_5103.jpg\" class=\"aligncenter size-full wp-image-16004\" title=\"AereasFiestaSalame2012IMG_5103\" src=\"https:\/\/www.hoymercedes.com.ar\/principal\/wp-content\/uploads\/2012\/09\/AereasFiestaSalame2012IMG_5103.jpg\" alt=\"\" width=\"614\" height=\"409\" \/><\/a><\/p>\n<p>&nbsp;<\/p>\n<p><a href=\"https:\/\/www.hoymercedes.com.ar\/principal\/wp-content\/uploads\/2012\/09\/AereasFiestaSalame2012IMG_5093.jpg\"><img loading=\"lazy\" decoding=\"async\" data-attachment-id=\"16005\" data-permalink=\"https:\/\/www.hoymercedes.com.ar\/principal\/2012\/09\/11\/la-fiesta-desde-el-aire\/aereasfiestasalame2012img_5093\/#main\" data-orig-file=\"https:\/\/www.hoymercedes.com.ar\/principal\/wp-content\/uploads\/2012\/09\/AereasFiestaSalame2012IMG_5093.jpg\" data-orig-size=\"614,409\" data-comments-opened=\"1\" data-image-meta=\"{&quot;aperture&quot;:&quot;9&quot;,&quot;credit&quot;:&quot;&quot;,&quot;camera&quot;:&quot;Canon EOS REBEL T1i&quot;,&quot;caption&quot;:&quot;&quot;,&quot;created_timestamp&quot;:&quot;1347205887&quot;,&quot;copyright&quot;:&quot;&quot;,&quot;focal_length&quot;:&quot;96&quot;,&quot;iso&quot;:&quot;100&quot;,&quot;shutter_speed&quot;:&quot;0.004&quot;,&quot;title&quot;:&quot;&quot;}\" data-image-title=\"AereasFiestaSalame2012IMG_5093\" data-image-description=\"\" data-image-caption=\"\" data-large-file=\"https:\/\/www.hoymercedes.com.ar\/principal\/wp-content\/uploads\/2012\/09\/AereasFiestaSalame2012IMG_5093.jpg\" class=\"aligncenter size-full wp-image-16005\" title=\"AereasFiestaSalame2012IMG_5093\" src=\"https:\/\/www.hoymercedes.com.ar\/principal\/wp-content\/uploads\/2012\/09\/AereasFiestaSalame2012IMG_5093.jpg\" alt=\"\" width=\"614\" height=\"409\" srcset=\"https:\/\/www.hoymercedes.com.ar\/principal\/wp-content\/uploads\/2012\/09\/AereasFiestaSalame2012IMG_5093.jpg 614w, https:\/\/www.hoymercedes.com.ar\/principal\/wp-content\/uploads\/2012\/09\/AereasFiestaSalame2012IMG_5093-300x199.jpg 300w\" sizes=\"auto, (max-width: 614px) 100vw, 614px\" \/><\/a><\/p>\n<p><a href=\"https:\/\/www.hoymercedes.com.ar\/principal\/wp-content\/uploads\/2012\/09\/AereasFiestaSalame2012IMG_5096.jpg\"><img loading=\"lazy\" decoding=\"async\" data-attachment-id=\"16006\" data-permalink=\"https:\/\/www.hoymercedes.com.ar\/principal\/2012\/09\/11\/la-fiesta-desde-el-aire\/aereasfiestasalame2012img_5096\/#main\" data-orig-file=\"https:\/\/www.hoymercedes.com.ar\/principal\/wp-content\/uploads\/2012\/09\/AereasFiestaSalame2012IMG_5096.jpg\" data-orig-size=\"614,409\" data-comments-opened=\"1\" data-image-meta=\"{&quot;aperture&quot;:&quot;9&quot;,&quot;credit&quot;:&quot;&quot;,&quot;camera&quot;:&quot;Canon EOS REBEL T1i&quot;,&quot;caption&quot;:&quot;&quot;,&quot;created_timestamp&quot;:&quot;1347205898&quot;,&quot;copyright&quot;:&quot;&quot;,&quot;focal_length&quot;:&quot;116&quot;,&quot;iso&quot;:&quot;100&quot;,&quot;shutter_speed&quot;:&quot;0.003125&quot;,&quot;title&quot;:&quot;&quot;}\" data-image-title=\"AereasFiestaSalame2012IMG_5096\" data-image-description=\"\" data-image-caption=\"\" data-large-file=\"https:\/\/www.hoymercedes.com.ar\/principal\/wp-content\/uploads\/2012\/09\/AereasFiestaSalame2012IMG_5096.jpg\" class=\"aligncenter size-full wp-image-16006\" title=\"AereasFiestaSalame2012IMG_5096\" src=\"https:\/\/www.hoymercedes.com.ar\/principal\/wp-content\/uploads\/2012\/09\/AereasFiestaSalame2012IMG_5096.jpg\" alt=\"\" width=\"614\" height=\"409\" srcset=\"https:\/\/www.hoymercedes.com.ar\/principal\/wp-content\/uploads\/2012\/09\/AereasFiestaSalame2012IMG_5096.jpg 614w, https:\/\/www.hoymercedes.com.ar\/principal\/wp-content\/uploads\/2012\/09\/AereasFiestaSalame2012IMG_5096-300x199.jpg 300w\" sizes=\"auto, (max-width: 614px) 100vw, 614px\" \/><\/a><\/p>\n<p>&nbsp;<\/p>\n<p><a href=\"https:\/\/www.hoymercedes.com.ar\/principal\/wp-content\/uploads\/2012\/09\/AereasFiestaSalame2012IMG_5098.jpg\"><img loading=\"lazy\" decoding=\"async\" data-attachment-id=\"16007\" data-permalink=\"https:\/\/www.hoymercedes.com.ar\/principal\/2012\/09\/11\/la-fiesta-desde-el-aire\/aereasfiestasalame2012img_5098\/#main\" data-orig-file=\"https:\/\/www.hoymercedes.com.ar\/principal\/wp-content\/uploads\/2012\/09\/AereasFiestaSalame2012IMG_5098.jpg\" data-orig-size=\"614,409\" data-comments-opened=\"1\" data-image-meta=\"{&quot;aperture&quot;:&quot;11&quot;,&quot;credit&quot;:&quot;&quot;,&quot;camera&quot;:&quot;Canon EOS REBEL T1i&quot;,&quot;caption&quot;:&quot;&quot;,&quot;created_timestamp&quot;:&quot;1347205903&quot;,&quot;copyright&quot;:&quot;&quot;,&quot;focal_length&quot;:&quot;55&quot;,&quot;iso&quot;:&quot;100&quot;,&quot;shutter_speed&quot;:&quot;0.005&quot;,&quot;title&quot;:&quot;&quot;}\" data-image-title=\"AereasFiestaSalame2012IMG_5098\" data-image-description=\"\" data-image-caption=\"\" data-large-file=\"https:\/\/www.hoymercedes.com.ar\/principal\/wp-content\/uploads\/2012\/09\/AereasFiestaSalame2012IMG_5098.jpg\" class=\"aligncenter size-full wp-image-16007\" title=\"AereasFiestaSalame2012IMG_5098\" src=\"https:\/\/www.hoymercedes.com.ar\/principal\/wp-content\/uploads\/2012\/09\/AereasFiestaSalame2012IMG_5098.jpg\" alt=\"\" width=\"614\" height=\"409\" srcset=\"https:\/\/www.hoymercedes.com.ar\/principal\/wp-content\/uploads\/2012\/09\/AereasFiestaSalame2012IMG_5098.jpg 614w, https:\/\/www.hoymercedes.com.ar\/principal\/wp-content\/uploads\/2012\/09\/AereasFiestaSalame2012IMG_5098-300x199.jpg 300w\" sizes=\"auto, (max-width: 614px) 100vw, 614px\" \/><\/a><\/p>\n<p>&nbsp;<\/p>\n<p><a href=\"https:\/\/www.hoymercedes.com.ar\/principal\/wp-content\/uploads\/2012\/09\/AereasFiestaSalame2012IMG_51031.jpg\"><img loading=\"lazy\" decoding=\"async\" data-attachment-id=\"16008\" data-permalink=\"https:\/\/www.hoymercedes.com.ar\/principal\/2012\/09\/11\/la-fiesta-desde-el-aire\/aereasfiestasalame2012img_5103-2\/#main\" data-orig-file=\"https:\/\/www.hoymercedes.com.ar\/principal\/wp-content\/uploads\/2012\/09\/AereasFiestaSalame2012IMG_51031.jpg\" data-orig-size=\"614,409\" data-comments-opened=\"1\" data-image-meta=\"{&quot;aperture&quot;:&quot;7.1&quot;,&quot;credit&quot;:&quot;&quot;,&quot;camera&quot;:&quot;Canon EOS REBEL T1i&quot;,&quot;caption&quot;:&quot;&quot;,&quot;created_timestamp&quot;:&quot;1347205976&quot;,&quot;copyright&quot;:&quot;&quot;,&quot;focal_length&quot;:&quot;146&quot;,&quot;iso&quot;:&quot;100&quot;,&quot;shutter_speed&quot;:&quot;0.004&quot;,&quot;title&quot;:&quot;&quot;}\" data-image-title=\"AereasFiestaSalame2012IMG_5103\" data-image-description=\"\" data-image-caption=\"\" data-large-file=\"https:\/\/www.hoymercedes.com.ar\/principal\/wp-content\/uploads\/2012\/09\/AereasFiestaSalame2012IMG_51031.jpg\" class=\"aligncenter size-full wp-image-16008\" title=\"AereasFiestaSalame2012IMG_5103\" src=\"https:\/\/www.hoymercedes.com.ar\/principal\/wp-content\/uploads\/2012\/09\/AereasFiestaSalame2012IMG_51031.jpg\" alt=\"\" width=\"614\" height=\"409\" srcset=\"https:\/\/www.hoymercedes.com.ar\/principal\/wp-content\/uploads\/2012\/09\/AereasFiestaSalame2012IMG_51031.jpg 614w, https:\/\/www.hoymercedes.com.ar\/principal\/wp-content\/uploads\/2012\/09\/AereasFiestaSalame2012IMG_51031-300x199.jpg 300w\" sizes=\"auto, (max-width: 614px) 100vw, 614px\" \/><\/a><\/p>\n<p>&nbsp;<\/p>\n<p><a href=\"https:\/\/www.hoymercedes.com.ar\/principal\/wp-content\/uploads\/2012\/09\/AereasFiestaSalame2012IMG_5111.jpg\"><img loading=\"lazy\" decoding=\"async\" data-attachment-id=\"16009\" data-permalink=\"https:\/\/www.hoymercedes.com.ar\/principal\/2012\/09\/11\/la-fiesta-desde-el-aire\/aereasfiestasalame2012img_5111\/#main\" data-orig-file=\"https:\/\/www.hoymercedes.com.ar\/principal\/wp-content\/uploads\/2012\/09\/AereasFiestaSalame2012IMG_5111.jpg\" data-orig-size=\"614,409\" data-comments-opened=\"1\" data-image-meta=\"{&quot;aperture&quot;:&quot;10&quot;,&quot;credit&quot;:&quot;&quot;,&quot;camera&quot;:&quot;Canon EOS REBEL T1i&quot;,&quot;caption&quot;:&quot;&quot;,&quot;created_timestamp&quot;:&quot;1347205997&quot;,&quot;copyright&quot;:&quot;&quot;,&quot;focal_length&quot;:&quot;55&quot;,&quot;iso&quot;:&quot;100&quot;,&quot;shutter_speed&quot;:&quot;0.005&quot;,&quot;title&quot;:&quot;&quot;}\" data-image-title=\"AereasFiestaSalame2012IMG_5111\" data-image-description=\"\" data-image-caption=\"\" data-large-file=\"https:\/\/www.hoymercedes.com.ar\/principal\/wp-content\/uploads\/2012\/09\/AereasFiestaSalame2012IMG_5111.jpg\" class=\"aligncenter size-full wp-image-16009\" title=\"AereasFiestaSalame2012IMG_5111\" src=\"https:\/\/www.hoymercedes.com.ar\/principal\/wp-content\/uploads\/2012\/09\/AereasFiestaSalame2012IMG_5111.jpg\" alt=\"\" width=\"614\" height=\"409\" srcset=\"https:\/\/www.hoymercedes.com.ar\/principal\/wp-content\/uploads\/2012\/09\/AereasFiestaSalame2012IMG_5111.jpg 614w, https:\/\/www.hoymercedes.com.ar\/principal\/wp-content\/uploads\/2012\/09\/AereasFiestaSalame2012IMG_5111-300x199.jpg 300w\" sizes=\"auto, (max-width: 614px) 100vw, 614px\" \/><\/a><\/p>\n","protected":false},"excerpt":{"rendered":"<p>Como es habitual en los \u00faltimos a\u00f1os la municipalidad env\u00eda a sacar fotos desde el aire con el objetivo de &#8230; <a title=\"La Fiesta, desde el aire&#8230;.\" class=\"read-more\" href=\"https:\/\/www.hoymercedes.com.ar\/principal\/2012\/09\/11\/la-fiesta-desde-el-aire\/\" aria-label=\"Leer m\u00e1s sobre La Fiesta, desde el aire&#8230;.\">Leer m\u00e1s<\/a><\/p>\n","protected":false},"author":1,"featured_media":0,"comment_status":"open","ping_status":"open","sticky":false,"template":"","format":"standard","meta":{"_monsterinsights_skip_tracking":false,"_monsterinsights_sitenote_active":false,"_monsterinsights_sitenote_note":"","_monsterinsights_sitenote_category":0,"jetpack_post_was_ever_published":false,"_jetpack_newsletter_access":"","_jetpack_dont_email_post_to_subs":false,"_jetpack_newsletter_tier_id":0,"_jetpack_memberships_contains_paywalled_content":false,"_jetpack_memberships_contains_paid_content":false,"footnotes":"","jetpack_publicize_message":"","jetpack_publicize_feature_enabled":true,"jetpack_social_post_already_shared":false,"jetpack_social_options":{"image_generator_settings":{"template":"highway","default_image_id":0,"font":"","enabled":false},"version":2},"_wpas_customize_per_network":false},"categories":[8],"tags":[1110,2722],"class_list":["post-16002","post","type-post","status-publish","format-standard","hentry","category-sociedad","tag-fiesta-del-salame","tag-fotos-desde-el-aire","generate-columns","tablet-grid-50","mobile-grid-100","grid-parent","grid-50"],"jetpack_publicize_connections":[],"jetpack_featured_media_url":"","wps_subtitle":"","jetpack_sharing_enabled":true,"_links":{"self":[{"href":"https:\/\/www.hoymercedes.com.ar\/principal\/wp-json\/wp\/v2\/posts\/16002","targetHints":{"allow":["GET"]}}],"collection":[{"href":"https:\/\/www.hoymercedes.com.ar\/principal\/wp-json\/wp\/v2\/posts"}],"about":[{"href":"https:\/\/www.hoymercedes.com.ar\/principal\/wp-json\/wp\/v2\/types\/post"}],"author":[{"embeddable":true,"href":"https:\/\/www.hoymercedes.com.ar\/principal\/wp-json\/wp\/v2\/users\/1"}],"replies":[{"embeddable":true,"href":"https:\/\/www.hoymercedes.com.ar\/principal\/wp-json\/wp\/v2\/comments?post=16002"}],"version-history":[{"count":0,"href":"https:\/\/www.hoymercedes.com.ar\/principal\/wp-json\/wp\/v2\/posts\/16002\/revisions"}],"wp:attachment":[{"href":"https:\/\/www.hoymercedes.com.ar\/principal\/wp-json\/wp\/v2\/media?parent=16002"}],"wp:term":[{"taxonomy":"category","embeddable":true,"href":"https:\/\/www.hoymercedes.com.ar\/principal\/wp-json\/wp\/v2\/categories?post=16002"},{"taxonomy":"post_tag","embeddable":true,"href":"https:\/\/www.hoymercedes.com.ar\/principal\/wp-json\/wp\/v2\/tags?post=16002"}],"curies":[{"name":"wp","href":"https:\/\/api.w.org\/{rel}","templated":true}]}}