{"id":160056,"date":"2023-03-25T09:40:00","date_gmt":"2023-03-25T12:40:00","guid":{"rendered":"https:\/\/www.hoymercedes.com.ar\/principal\/?p=160056"},"modified":"2023-03-25T09:34:13","modified_gmt":"2023-03-25T12:34:13","slug":"cine-mercedes-presenta-la-cuarta-de-john-wick","status":"publish","type":"post","link":"https:\/\/www.hoymercedes.com.ar\/principal\/2023\/03\/25\/cine-mercedes-presenta-la-cuarta-de-john-wick\/","title":{"rendered":"Cine Mercedes presenta la cuarta de John Wick"},"content":{"rendered":"\n<p>El Cine Mercedes est\u00e1 presentando hasta el martes 28 de marzo la pel\u00edcula protagonizada por Keanu Reeves. La cuarta John Wick, un policial con mucha acci\u00f3n que contin\u00faa con la historia de su protagonista. Se puede ver en la funciones de las 20:30 hs. <\/p>\n\n\n\n<p>Sinopsis: John Wick, legendario asesino retirado, vuelve de nuevo a la acci\u00f3n impulsado por una incontrolable b\u00fasqueda de venganza. Al tener que luchar contra asesinos sedientos de sangre que le persiguen, John tendr\u00e1 que llevar sus habilidades al l\u00edmite si quiere salir esta vez con vida.<\/p>\n\n\n<div class=\"wp-block-image\">\n<figure class=\"aligncenter size-full\"><img loading=\"lazy\" decoding=\"async\" width=\"526\" height=\"526\" data-attachment-id=\"160057\" data-permalink=\"https:\/\/www.hoymercedes.com.ar\/principal\/2023\/03\/25\/cine-mercedes-presenta-la-cuarta-de-john-wick\/image-36\/#main\" data-orig-file=\"https:\/\/www.hoymercedes.com.ar\/principal\/wp-content\/uploads\/2023\/03\/image-36.png\" data-orig-size=\"526,526\" data-comments-opened=\"0\" data-image-meta=\"{&quot;aperture&quot;:&quot;0&quot;,&quot;credit&quot;:&quot;&quot;,&quot;camera&quot;:&quot;&quot;,&quot;caption&quot;:&quot;&quot;,&quot;created_timestamp&quot;:&quot;0&quot;,&quot;copyright&quot;:&quot;&quot;,&quot;focal_length&quot;:&quot;0&quot;,&quot;iso&quot;:&quot;0&quot;,&quot;shutter_speed&quot;:&quot;0&quot;,&quot;title&quot;:&quot;&quot;,&quot;orientation&quot;:&quot;0&quot;}\" data-image-title=\"image-36\" data-image-description=\"\" data-image-caption=\"\" data-large-file=\"https:\/\/www.hoymercedes.com.ar\/principal\/wp-content\/uploads\/2023\/03\/image-36.png\" src=\"https:\/\/www.hoymercedes.com.ar\/principal\/wp-content\/uploads\/2023\/03\/image-36.png\" alt=\"\" class=\"wp-image-160057\" srcset=\"https:\/\/www.hoymercedes.com.ar\/principal\/wp-content\/uploads\/2023\/03\/image-36.png 526w, https:\/\/www.hoymercedes.com.ar\/principal\/wp-content\/uploads\/2023\/03\/image-36-150x150.png 150w\" sizes=\"auto, (max-width: 526px) 100vw, 526px\" \/><\/figure>\n<\/div>\n\n\n<p>TICKETS s\u00f3lo por boleter\u00eda.<br><img loading=\"lazy\" decoding=\"async\" height=\"16\" width=\"16\" src=\"https:\/\/static.xx.fbcdn.net\/images\/emoji.php\/v9\/tfa\/1\/16\/231a.png\" alt=\"\u231a\">ABIERTO :<br>VIERNES, LUNES Y MARTES <br>11:00 a 13:00 h.<br>17:30 a 20:45 h.<br>S\u00c1BADO Y DOMINGO<br>17:30 a 20:45 h.<br>*DIAS MIERCOLES Y JUEVES CERRADO*.<\/p>\n\n\n\n<p><img loading=\"lazy\" decoding=\"async\" height=\"16\" width=\"16\" src=\"https:\/\/static.xx.fbcdn.net\/images\/emoji.php\/v9\/t5c\/1\/16\/1f4b2.png\" alt=\"\ud83d\udcb2\"> PRECIOS TICKETS<br>ENTRADA GENERAL<br>2D > $800.-<br>3D > $1000.-<br>Martes de DESCUENTO<br>2D > $600.-<br>3D > $800.-<\/p>\n\n\n\n<p><img loading=\"lazy\" decoding=\"async\" height=\"16\" width=\"16\" alt=\"\ud83d\udccd\" src=\"https:\/\/static.xx.fbcdn.net\/images\/emoji.php\/v9\/t2d\/1\/16\/1f4cd.png\">Calle 20, 728 . Mercedes . Bs. As.<\/p>\n","protected":false},"excerpt":{"rendered":"<p>El Cine Mercedes est\u00e1 presentando hasta el martes 28 de marzo la pel\u00edcula protagonizada por Keanu Reeves. La cuarta John &#8230; <a title=\"Cine Mercedes presenta la cuarta de John Wick\" class=\"read-more\" href=\"https:\/\/www.hoymercedes.com.ar\/principal\/2023\/03\/25\/cine-mercedes-presenta-la-cuarta-de-john-wick\/\" aria-label=\"Leer m\u00e1s sobre Cine Mercedes presenta la cuarta de John Wick\">Leer m\u00e1s<\/a><\/p>\n","protected":false},"author":1,"featured_media":160058,"comment_status":"closed","ping_status":"open","sticky":false,"template":"","format":"standard","meta":{"_monsterinsights_skip_tracking":false,"_monsterinsights_sitenote_active":false,"_monsterinsights_sitenote_note":"","_monsterinsights_sitenote_category":0,"jetpack_post_was_ever_published":false,"_jetpack_newsletter_access":"","_jetpack_dont_email_post_to_subs":false,"_jetpack_newsletter_tier_id":0,"_jetpack_memberships_contains_paywalled_content":false,"_jetpack_memberships_contains_paid_content":false,"footnotes":"","jetpack_publicize_message":"","jetpack_publicize_feature_enabled":true,"jetpack_social_post_already_shared":true,"jetpack_social_options":{"image_generator_settings":{"template":"highway","default_image_id":0,"font":"","enabled":false},"version":2},"_wpas_customize_per_network":false},"categories":[104],"tags":[7805],"class_list":["post-160056","post","type-post","status-publish","format-standard","has-post-thumbnail","hentry","category-cultura","tag-cultura","generate-columns","tablet-grid-50","mobile-grid-100","grid-parent","grid-50"],"jetpack_publicize_connections":[],"jetpack_featured_media_url":"https:\/\/www.hoymercedes.com.ar\/principal\/wp-content\/uploads\/2023\/03\/john.jpeg","wps_subtitle":"","jetpack_sharing_enabled":true,"_links":{"self":[{"href":"https:\/\/www.hoymercedes.com.ar\/principal\/wp-json\/wp\/v2\/posts\/160056","targetHints":{"allow":["GET"]}}],"collection":[{"href":"https:\/\/www.hoymercedes.com.ar\/principal\/wp-json\/wp\/v2\/posts"}],"about":[{"href":"https:\/\/www.hoymercedes.com.ar\/principal\/wp-json\/wp\/v2\/types\/post"}],"author":[{"embeddable":true,"href":"https:\/\/www.hoymercedes.com.ar\/principal\/wp-json\/wp\/v2\/users\/1"}],"replies":[{"embeddable":true,"href":"https:\/\/www.hoymercedes.com.ar\/principal\/wp-json\/wp\/v2\/comments?post=160056"}],"version-history":[{"count":0,"href":"https:\/\/www.hoymercedes.com.ar\/principal\/wp-json\/wp\/v2\/posts\/160056\/revisions"}],"wp:featuredmedia":[{"embeddable":true,"href":"https:\/\/www.hoymercedes.com.ar\/principal\/wp-json\/wp\/v2\/media\/160058"}],"wp:attachment":[{"href":"https:\/\/www.hoymercedes.com.ar\/principal\/wp-json\/wp\/v2\/media?parent=160056"}],"wp:term":[{"taxonomy":"category","embeddable":true,"href":"https:\/\/www.hoymercedes.com.ar\/principal\/wp-json\/wp\/v2\/categories?post=160056"},{"taxonomy":"post_tag","embeddable":true,"href":"https:\/\/www.hoymercedes.com.ar\/principal\/wp-json\/wp\/v2\/tags?post=160056"}],"curies":[{"name":"wp","href":"https:\/\/api.w.org\/{rel}","templated":true}]}}