{"id":160095,"date":"2023-03-26T21:11:03","date_gmt":"2023-03-27T00:11:03","guid":{"rendered":"https:\/\/www.hoymercedes.com.ar\/principal\/?p=160095"},"modified":"2023-03-26T21:12:58","modified_gmt":"2023-03-27T00:12:58","slug":"aprehendieron-a-un-sujeto-acusado-de-abuso-sexual","status":"publish","type":"post","link":"https:\/\/www.hoymercedes.com.ar\/principal\/2023\/03\/26\/aprehendieron-a-un-sujeto-acusado-de-abuso-sexual\/","title":{"rendered":"Aprehendieron a un sujeto acusado de \u201cabuso sexual\u201d"},"content":{"rendered":"\n<p><strong><em>Una joven de 24 a\u00f1os denunci\u00f3 que un sujeto de 30 abus\u00f3 de ella en un terreno bald\u00edo. En el marco de la investigaci\u00f3n, la Polic\u00eda realiz\u00f3 un allanamiento y lo aprehendi\u00f3 en una vivienda de Luj\u00e1n. <\/em><\/strong><\/p>\n\n\n<div class=\"wp-block-image\">\n<figure class=\"aligncenter size-full\"><img loading=\"lazy\" decoding=\"async\" width=\"696\" height=\"458\" data-attachment-id=\"160096\" data-permalink=\"https:\/\/www.hoymercedes.com.ar\/principal\/2023\/03\/26\/aprehendieron-a-un-sujeto-acusado-de-abuso-sexual\/image-37\/#main\" data-orig-file=\"https:\/\/www.hoymercedes.com.ar\/principal\/wp-content\/uploads\/2023\/03\/image-37.png\" data-orig-size=\"696,458\" data-comments-opened=\"0\" data-image-meta=\"{&quot;aperture&quot;:&quot;0&quot;,&quot;credit&quot;:&quot;&quot;,&quot;camera&quot;:&quot;&quot;,&quot;caption&quot;:&quot;&quot;,&quot;created_timestamp&quot;:&quot;0&quot;,&quot;copyright&quot;:&quot;&quot;,&quot;focal_length&quot;:&quot;0&quot;,&quot;iso&quot;:&quot;0&quot;,&quot;shutter_speed&quot;:&quot;0&quot;,&quot;title&quot;:&quot;&quot;,&quot;orientation&quot;:&quot;0&quot;}\" data-image-title=\"image-37\" data-image-description=\"\" data-image-caption=\"\" data-large-file=\"https:\/\/www.hoymercedes.com.ar\/principal\/wp-content\/uploads\/2023\/03\/image-37.png\" src=\"https:\/\/www.hoymercedes.com.ar\/principal\/wp-content\/uploads\/2023\/03\/image-37.png\" alt=\"\" class=\"wp-image-160096\" srcset=\"https:\/\/www.hoymercedes.com.ar\/principal\/wp-content\/uploads\/2023\/03\/image-37.png 696w, https:\/\/www.hoymercedes.com.ar\/principal\/wp-content\/uploads\/2023\/03\/image-37-630x415.png 630w, https:\/\/www.hoymercedes.com.ar\/principal\/wp-content\/uploads\/2023\/03\/image-37-150x99.png 150w\" sizes=\"auto, (max-width: 696px) 100vw, 696px\" \/><\/figure>\n<\/div>\n\n\n<p>Un hombre sospechado de abusar sexualmente de una joven fue aprehendido por la Polic\u00eda de Luj\u00e1n tras un allanamiento.<\/p>\n\n\n\n<p>Seg\u00fan la informaci\u00f3n brindada por la Comisar\u00eda Luj\u00e1n Primera, personal del Comando de Patrulla acudi\u00f3 a Alsina y Alberti, en el barrio San Cayetano de la vecina ciudad, con motivo de haberse presentado en el m\u00f3dulo policial una joven de 24 a\u00f1os que relat\u00f3 \u201chaber sido abusada con acceso carnal por quien conoce como Juan G. en un terreno bald\u00edo de la zona\u201d, se\u00f1alaron.<\/p>\n\n\n\n<p>La joven fue trasladada a la Comisar\u00eda de la Mujer y la Familia de Luj\u00e1n tras recibir asistencia en el Hospital Nuestra Se\u00f1ora de Luj\u00e1n nosocomio. En tanto, se comunic\u00f3 la situaci\u00f3n a la UFI N\u00b010 (fiscal\u00eda descentralizada dependiente del Ministerio P\u00fablico Fiscal del Depto Judicial Mercedes), que dispuuso que se active el protocolo ante estos casos.<\/p>\n\n\n\n<p>Mientras tanto, personal del Gabinete T\u00e9cnico Operativo, con apoyo de la Sub DDI de Luj\u00e1n, ubicaron a un testigo que afirm\u00f3 que el sindicado de abuso \u201cse habia retirado desde una remiseria sita Col\u00f3n y Urquiza y al regresar, adem\u00e1s, le sustrajo el tel\u00e9fono celular a \u00e9l y a la v\u00edctima\u201d.<\/p>\n\n\n\n<p>Luego, lograron dar con el domicilio del sospechoso y se obtuvo una orden de allanamiento, la cual se llev\u00f3 a cabo en la calle Alberti al 200, donde se logr\u00f3 la aprehensi\u00f3n del sujeto de 30 a\u00f1os<\/p>\n\n\n\n<p>Finalmente, la UFI discentralizada Luj\u00e1n dispuso actuaciones caratuladas \u201cabuso sexual con acceso carnal\u201d y que el aprehendido sea remitida a sede judicial con las actuaciones.<\/p>\n\n\n\n<p>Fuente: Luj\u00e1n Hoy. <\/p>\n","protected":false},"excerpt":{"rendered":"<p>Una joven de 24 a\u00f1os denunci\u00f3 que un sujeto de 30 abus\u00f3 de ella en un terreno bald\u00edo. En el &#8230; <a title=\"Aprehendieron a un sujeto acusado de \u201cabuso sexual\u201d\" class=\"read-more\" href=\"https:\/\/www.hoymercedes.com.ar\/principal\/2023\/03\/26\/aprehendieron-a-un-sujeto-acusado-de-abuso-sexual\/\" aria-label=\"Leer m\u00e1s sobre Aprehendieron a un sujeto acusado de \u201cabuso sexual\u201d\">Leer m\u00e1s<\/a><\/p>\n","protected":false},"author":1,"featured_media":160096,"comment_status":"closed","ping_status":"open","sticky":false,"template":"","format":"standard","meta":{"_monsterinsights_skip_tracking":false,"_monsterinsights_sitenote_active":false,"_monsterinsights_sitenote_note":"","_monsterinsights_sitenote_category":0,"jetpack_post_was_ever_published":false,"_jetpack_newsletter_access":"","_jetpack_dont_email_post_to_subs":false,"_jetpack_newsletter_tier_id":0,"_jetpack_memberships_contains_paywalled_content":false,"_jetpack_memberships_contains_paid_content":false,"footnotes":"","jetpack_publicize_message":"","jetpack_publicize_feature_enabled":true,"jetpack_social_post_already_shared":true,"jetpack_social_options":{"image_generator_settings":{"template":"highway","default_image_id":0,"font":"","enabled":false},"version":2},"_wpas_customize_per_network":false},"categories":[85],"tags":[16013,14998,96,18700],"class_list":["post-160095","post","type-post","status-publish","format-standard","has-post-thumbnail","hentry","category-policial","tag-lujan-3","tag-ministerio-publico-fiscal","tag-policial-2","tag-ufi-lujan","generate-columns","tablet-grid-50","mobile-grid-100","grid-parent","grid-50"],"jetpack_publicize_connections":[],"jetpack_featured_media_url":"https:\/\/www.hoymercedes.com.ar\/principal\/wp-content\/uploads\/2023\/03\/image-37.png","wps_subtitle":"","jetpack_sharing_enabled":true,"_links":{"self":[{"href":"https:\/\/www.hoymercedes.com.ar\/principal\/wp-json\/wp\/v2\/posts\/160095","targetHints":{"allow":["GET"]}}],"collection":[{"href":"https:\/\/www.hoymercedes.com.ar\/principal\/wp-json\/wp\/v2\/posts"}],"about":[{"href":"https:\/\/www.hoymercedes.com.ar\/principal\/wp-json\/wp\/v2\/types\/post"}],"author":[{"embeddable":true,"href":"https:\/\/www.hoymercedes.com.ar\/principal\/wp-json\/wp\/v2\/users\/1"}],"replies":[{"embeddable":true,"href":"https:\/\/www.hoymercedes.com.ar\/principal\/wp-json\/wp\/v2\/comments?post=160095"}],"version-history":[{"count":0,"href":"https:\/\/www.hoymercedes.com.ar\/principal\/wp-json\/wp\/v2\/posts\/160095\/revisions"}],"wp:featuredmedia":[{"embeddable":true,"href":"https:\/\/www.hoymercedes.com.ar\/principal\/wp-json\/wp\/v2\/media\/160096"}],"wp:attachment":[{"href":"https:\/\/www.hoymercedes.com.ar\/principal\/wp-json\/wp\/v2\/media?parent=160095"}],"wp:term":[{"taxonomy":"category","embeddable":true,"href":"https:\/\/www.hoymercedes.com.ar\/principal\/wp-json\/wp\/v2\/categories?post=160095"},{"taxonomy":"post_tag","embeddable":true,"href":"https:\/\/www.hoymercedes.com.ar\/principal\/wp-json\/wp\/v2\/tags?post=160095"}],"curies":[{"name":"wp","href":"https:\/\/api.w.org\/{rel}","templated":true}]}}