{"id":16012,"date":"2012-09-11T00:27:32","date_gmt":"2012-09-11T00:27:32","guid":{"rendered":"http:\/\/www.hoymercedes.com.ar\/principal\/?p=16012"},"modified":"2012-09-11T00:28:05","modified_gmt":"2012-09-11T00:28:05","slug":"mujeres-k-proyectaran-la-noche-de-los-lapices-entre-otras-actividades","status":"publish","type":"post","link":"https:\/\/www.hoymercedes.com.ar\/principal\/2012\/09\/11\/mujeres-k-proyectaran-la-noche-de-los-lapices-entre-otras-actividades\/","title":{"rendered":"Mujeres K proyectar\u00e1n \u00abLa noche de los l\u00e1pices\u00bb entre otras actividades"},"content":{"rendered":"<p><a href=\"https:\/\/www.hoymercedes.com.ar\/principal\/wp-content\/uploads\/2012\/09\/NochedelosLapices.jpg\"><img loading=\"lazy\" decoding=\"async\" data-attachment-id=\"16014\" data-permalink=\"https:\/\/www.hoymercedes.com.ar\/principal\/2012\/09\/11\/mujeres-k-proyectaran-la-noche-de-los-lapices-entre-otras-actividades\/nochedeloslapices\/#main\" data-orig-file=\"https:\/\/www.hoymercedes.com.ar\/principal\/wp-content\/uploads\/2012\/09\/NochedelosLapices.jpg\" data-orig-size=\"614,438\" data-comments-opened=\"1\" data-image-meta=\"{&quot;aperture&quot;:&quot;0&quot;,&quot;credit&quot;:&quot;&quot;,&quot;camera&quot;:&quot;&quot;,&quot;caption&quot;:&quot;&quot;,&quot;created_timestamp&quot;:&quot;0&quot;,&quot;copyright&quot;:&quot;&quot;,&quot;focal_length&quot;:&quot;0&quot;,&quot;iso&quot;:&quot;0&quot;,&quot;shutter_speed&quot;:&quot;0&quot;,&quot;title&quot;:&quot;&quot;}\" data-image-title=\"NochedelosLapices\" data-image-description=\"\" data-image-caption=\"\" data-large-file=\"https:\/\/www.hoymercedes.com.ar\/principal\/wp-content\/uploads\/2012\/09\/NochedelosLapices.jpg\" class=\"aligncenter size-full wp-image-16014\" title=\"NochedelosLapices\" src=\"https:\/\/www.hoymercedes.com.ar\/principal\/wp-content\/uploads\/2012\/09\/NochedelosLapices.jpg\" alt=\"\" width=\"614\" height=\"438\" \/><\/a><\/p>\n<p>El grupo de \u00abMujeres K\u00bb de Mercedes tiene programada la presentaci\u00f3n de la pel\u00edcula \u00abLa noche de los l\u00e1pices\u00bb dentro de un nuevo aniversario que se da en este mes.<\/p>\n<p>La invitaci\u00f3n es a toda la comunidad anunciando que estar\u00e1 presente Alejo Garc\u00eda Pintos que narrar\u00e1 su experiencia y conversar\u00e1 con los presentes.<\/p>\n<p>En el encuentro, que ser\u00e1 el pr\u00f3ximo domingo 16, desde las 17hs en la Sede de la Sociedad Espa\u00f1ola en calle 28 entre 16 y 17.<\/p>\n<p>Habr\u00e1 Murgas, bandas en vivo de nuestra ciudad, cantantes y la anunciada proyecci\u00f3n del film.<\/p>\n","protected":false},"excerpt":{"rendered":"<p>El grupo de \u00abMujeres K\u00bb de Mercedes tiene programada la presentaci\u00f3n de la pel\u00edcula \u00abLa noche de los l\u00e1pices\u00bb dentro &#8230; <a title=\"Mujeres K proyectar\u00e1n \u00abLa noche de los l\u00e1pices\u00bb entre otras actividades\" class=\"read-more\" href=\"https:\/\/www.hoymercedes.com.ar\/principal\/2012\/09\/11\/mujeres-k-proyectaran-la-noche-de-los-lapices-entre-otras-actividades\/\" aria-label=\"Leer m\u00e1s sobre Mujeres K proyectar\u00e1n \u00abLa noche de los l\u00e1pices\u00bb entre otras actividades\">Leer m\u00e1s<\/a><\/p>\n","protected":false},"author":1,"featured_media":0,"comment_status":"open","ping_status":"open","sticky":false,"template":"","format":"standard","meta":{"_monsterinsights_skip_tracking":false,"_monsterinsights_sitenote_active":false,"_monsterinsights_sitenote_note":"","_monsterinsights_sitenote_category":0,"jetpack_post_was_ever_published":false,"_jetpack_newsletter_access":"","_jetpack_dont_email_post_to_subs":false,"_jetpack_newsletter_tier_id":0,"_jetpack_memberships_contains_paywalled_content":false,"_jetpack_memberships_contains_paid_content":false,"footnotes":"","jetpack_publicize_message":"","jetpack_publicize_feature_enabled":true,"jetpack_social_post_already_shared":false,"jetpack_social_options":{"image_generator_settings":{"template":"highway","default_image_id":0,"font":"","enabled":false},"version":2},"_wpas_customize_per_network":false},"categories":[5],"tags":[2723,644],"class_list":["post-16012","post","type-post","status-publish","format-standard","hentry","category-politica","tag-la-noche-de-los-lapices","tag-mujeres-k-mercedes","generate-columns","tablet-grid-50","mobile-grid-100","grid-parent","grid-50"],"jetpack_publicize_connections":[],"jetpack_featured_media_url":"","wps_subtitle":"","jetpack_sharing_enabled":true,"_links":{"self":[{"href":"https:\/\/www.hoymercedes.com.ar\/principal\/wp-json\/wp\/v2\/posts\/16012","targetHints":{"allow":["GET"]}}],"collection":[{"href":"https:\/\/www.hoymercedes.com.ar\/principal\/wp-json\/wp\/v2\/posts"}],"about":[{"href":"https:\/\/www.hoymercedes.com.ar\/principal\/wp-json\/wp\/v2\/types\/post"}],"author":[{"embeddable":true,"href":"https:\/\/www.hoymercedes.com.ar\/principal\/wp-json\/wp\/v2\/users\/1"}],"replies":[{"embeddable":true,"href":"https:\/\/www.hoymercedes.com.ar\/principal\/wp-json\/wp\/v2\/comments?post=16012"}],"version-history":[{"count":0,"href":"https:\/\/www.hoymercedes.com.ar\/principal\/wp-json\/wp\/v2\/posts\/16012\/revisions"}],"wp:attachment":[{"href":"https:\/\/www.hoymercedes.com.ar\/principal\/wp-json\/wp\/v2\/media?parent=16012"}],"wp:term":[{"taxonomy":"category","embeddable":true,"href":"https:\/\/www.hoymercedes.com.ar\/principal\/wp-json\/wp\/v2\/categories?post=16012"},{"taxonomy":"post_tag","embeddable":true,"href":"https:\/\/www.hoymercedes.com.ar\/principal\/wp-json\/wp\/v2\/tags?post=16012"}],"curies":[{"name":"wp","href":"https:\/\/api.w.org\/{rel}","templated":true}]}}