{"id":160131,"date":"2023-03-27T11:00:00","date_gmt":"2023-03-27T14:00:00","guid":{"rendered":"https:\/\/www.hoymercedes.com.ar\/principal\/?p=160131"},"modified":"2023-03-27T10:33:37","modified_gmt":"2023-03-27T13:33:37","slug":"tenia-pedido-de-captura-en-peru-y-fue-atrapado-por-policia-mercedina","status":"publish","type":"post","link":"https:\/\/www.hoymercedes.com.ar\/principal\/2023\/03\/27\/tenia-pedido-de-captura-en-peru-y-fue-atrapado-por-policia-mercedina\/","title":{"rendered":"Ten\u00eda pedido de captura en Per\u00fa y fue atrapado por polic\u00eda mercedina"},"content":{"rendered":"\n<figure class=\"wp-block-image size-full\"><img loading=\"lazy\" decoding=\"async\" width=\"960\" height=\"806\" data-attachment-id=\"160132\" data-permalink=\"https:\/\/www.hoymercedes.com.ar\/principal\/2023\/03\/27\/tenia-pedido-de-captura-en-peru-y-fue-atrapado-por-policia-mercedina\/whatsapp-image-2023-03-22-at-21-43-03\/#main\" data-orig-file=\"https:\/\/www.hoymercedes.com.ar\/principal\/wp-content\/uploads\/2023\/03\/WhatsApp-Image-2023-03-22-at-21.43.03.jpeg\" data-orig-size=\"960,806\" data-comments-opened=\"0\" data-image-meta=\"{&quot;aperture&quot;:&quot;0&quot;,&quot;credit&quot;:&quot;&quot;,&quot;camera&quot;:&quot;&quot;,&quot;caption&quot;:&quot;&quot;,&quot;created_timestamp&quot;:&quot;0&quot;,&quot;copyright&quot;:&quot;&quot;,&quot;focal_length&quot;:&quot;0&quot;,&quot;iso&quot;:&quot;0&quot;,&quot;shutter_speed&quot;:&quot;0&quot;,&quot;title&quot;:&quot;&quot;,&quot;orientation&quot;:&quot;0&quot;}\" data-image-title=\"WhatsApp-Image-2023-03-22-at-21.43.03\" data-image-description=\"\" data-image-caption=\"\" data-large-file=\"https:\/\/www.hoymercedes.com.ar\/principal\/wp-content\/uploads\/2023\/03\/WhatsApp-Image-2023-03-22-at-21.43.03.jpeg\" src=\"https:\/\/www.hoymercedes.com.ar\/principal\/wp-content\/uploads\/2023\/03\/WhatsApp-Image-2023-03-22-at-21.43.03.jpeg\" alt=\"\" class=\"wp-image-160132\" srcset=\"https:\/\/www.hoymercedes.com.ar\/principal\/wp-content\/uploads\/2023\/03\/WhatsApp-Image-2023-03-22-at-21.43.03.jpeg 960w, https:\/\/www.hoymercedes.com.ar\/principal\/wp-content\/uploads\/2023\/03\/WhatsApp-Image-2023-03-22-at-21.43.03-630x529.jpeg 630w, https:\/\/www.hoymercedes.com.ar\/principal\/wp-content\/uploads\/2023\/03\/WhatsApp-Image-2023-03-22-at-21.43.03-150x126.jpeg 150w\" sizes=\"auto, (max-width: 960px) 100vw, 960px\" \/><\/figure>\n\n\n\n<p>Un hombre de 41 a\u00f1os de edad fue detenido tras una amplia investigaci\u00f3n que incluy\u00f3 seguimiento con polic\u00eda de civil, intento de fuga y resistencia a la autoridad. En el radio c\u00e9ntrico de Mercedes se lo detuvo tras descender de un micro. Es materia de la investigaci\u00f3n a donde se dirig\u00eda, pero se encontr\u00f3 en su poder 90 gramos de coca\u00edna fraccionados para su posible comercializaci\u00f3n.<\/p>\n\n\n\n<p>La Polic\u00eda ven\u00eda llevando una investigaci\u00f3n sobre el sujeto que se encontraba radicado en el conurbano y se sospechaba era parte acciones delictivas e il\u00edcitas.<\/p>\n\n\n\n<p>Finalmente, se lo logr\u00f3 detener en Mercedes donde, adem\u00e1s de comprobar que ten\u00eda sustancias il\u00edcitas en su poder, ten\u00eda un pedido internacional de captura activo, proveniente desde el Per\u00fa, por homicidio.<\/p>\n\n\n\n<p>Ahora no s\u00f3lo deber\u00e1 rendir cuenta por los actos cometidos en nuestro pa\u00eds sino que tambi\u00e9n deber\u00e1 ser tratado judicialmente por lo solicitado desde el extranjero.<\/p>\n","protected":false},"excerpt":{"rendered":"<p>Un hombre de 41 a\u00f1os de edad fue detenido tras una amplia investigaci\u00f3n que incluy\u00f3 seguimiento con polic\u00eda de civil, &#8230; <a title=\"Ten\u00eda pedido de captura en Per\u00fa y fue atrapado por polic\u00eda mercedina\" class=\"read-more\" href=\"https:\/\/www.hoymercedes.com.ar\/principal\/2023\/03\/27\/tenia-pedido-de-captura-en-peru-y-fue-atrapado-por-policia-mercedina\/\" aria-label=\"Leer m\u00e1s sobre Ten\u00eda pedido de captura en Per\u00fa y fue atrapado por polic\u00eda mercedina\">Leer m\u00e1s<\/a><\/p>\n","protected":false},"author":1,"featured_media":160132,"comment_status":"closed","ping_status":"open","sticky":false,"template":"","format":"standard","meta":{"_monsterinsights_skip_tracking":false,"_monsterinsights_sitenote_active":false,"_monsterinsights_sitenote_note":"","_monsterinsights_sitenote_category":0,"jetpack_post_was_ever_published":false,"_jetpack_newsletter_access":"","_jetpack_dont_email_post_to_subs":false,"_jetpack_newsletter_tier_id":0,"_jetpack_memberships_contains_paywalled_content":false,"_jetpack_memberships_contains_paid_content":false,"footnotes":"","jetpack_publicize_message":"","jetpack_publicize_feature_enabled":true,"jetpack_social_post_already_shared":true,"jetpack_social_options":{"image_generator_settings":{"template":"highway","default_image_id":0,"font":"","enabled":false},"version":2},"_wpas_customize_per_network":false},"categories":[85],"tags":[6728,5766],"class_list":["post-160131","post","type-post","status-publish","format-standard","has-post-thumbnail","hentry","category-policial","tag-detenido","tag-policia-comunal","generate-columns","tablet-grid-50","mobile-grid-100","grid-parent","grid-50"],"jetpack_publicize_connections":[],"jetpack_featured_media_url":"https:\/\/www.hoymercedes.com.ar\/principal\/wp-content\/uploads\/2023\/03\/WhatsApp-Image-2023-03-22-at-21.43.03.jpeg","wps_subtitle":"Detenido ","jetpack_sharing_enabled":true,"_links":{"self":[{"href":"https:\/\/www.hoymercedes.com.ar\/principal\/wp-json\/wp\/v2\/posts\/160131","targetHints":{"allow":["GET"]}}],"collection":[{"href":"https:\/\/www.hoymercedes.com.ar\/principal\/wp-json\/wp\/v2\/posts"}],"about":[{"href":"https:\/\/www.hoymercedes.com.ar\/principal\/wp-json\/wp\/v2\/types\/post"}],"author":[{"embeddable":true,"href":"https:\/\/www.hoymercedes.com.ar\/principal\/wp-json\/wp\/v2\/users\/1"}],"replies":[{"embeddable":true,"href":"https:\/\/www.hoymercedes.com.ar\/principal\/wp-json\/wp\/v2\/comments?post=160131"}],"version-history":[{"count":0,"href":"https:\/\/www.hoymercedes.com.ar\/principal\/wp-json\/wp\/v2\/posts\/160131\/revisions"}],"wp:featuredmedia":[{"embeddable":true,"href":"https:\/\/www.hoymercedes.com.ar\/principal\/wp-json\/wp\/v2\/media\/160132"}],"wp:attachment":[{"href":"https:\/\/www.hoymercedes.com.ar\/principal\/wp-json\/wp\/v2\/media?parent=160131"}],"wp:term":[{"taxonomy":"category","embeddable":true,"href":"https:\/\/www.hoymercedes.com.ar\/principal\/wp-json\/wp\/v2\/categories?post=160131"},{"taxonomy":"post_tag","embeddable":true,"href":"https:\/\/www.hoymercedes.com.ar\/principal\/wp-json\/wp\/v2\/tags?post=160131"}],"curies":[{"name":"wp","href":"https:\/\/api.w.org\/{rel}","templated":true}]}}