{"id":1602,"date":"2011-01-11T05:13:45","date_gmt":"2011-01-11T05:13:45","guid":{"rendered":"http:\/\/www.hoymercedes.com.ar\/principal\/?p=1602"},"modified":"2011-01-11T05:13:45","modified_gmt":"2011-01-11T05:13:45","slug":"un-detenido-se-quito-la-vida-ahorcandose-con-las-mangas-de-su-remera","status":"publish","type":"post","link":"https:\/\/www.hoymercedes.com.ar\/principal\/2011\/01\/11\/un-detenido-se-quito-la-vida-ahorcandose-con-las-mangas-de-su-remera\/","title":{"rendered":"Un detenido se quit\u00f3 la vida ahorc\u00e1ndose con las mangas de su remera"},"content":{"rendered":"<p style=\"text-align: justify;\">El comisario Carlos Benaghi confirm\u00f3 que el s\u00e1bado pasado un hombre que hab\u00eda sido detenido presumiblemente por intento de robo se quit\u00f3 la vida ahorc\u00e1ndose con la remera que ten\u00eda puesta dentro de la celda en la que estaba alojado en Comisar\u00eda Mercedes.<\/p>\n<p style=\"text-align: justify;\">El funcionario policial explico al ser consultado por los medios de prensa\u00a0 que se trataba de Manuel Leandro Pasukoni, de 32 a\u00f1os, que se domiciliaba en la localidad de San Alberto Partido de la Matanza quien en principio hab\u00eda venido a Mercedes como vendedor ambulante, pero luego seg\u00fan una denuncia recibida en la Comisar\u00eda habr\u00eda sustra\u00eddo algunos elementos del interior de un autom\u00f3vil por lo cual fue detenido por personal de la Estaci\u00f3n Comunal Mercedes y trasladado a la sede de la misma en calle 37 entre 24 y 26.<\/p>\n<p style=\"text-align: justify;\">El detenido que contaba con antecedentes desde hace algunos a\u00f1os por delitos contra la propiedad concretamente hurto de automotores <em>\u201cno dio signos en ning\u00fan momento de encontrase en un estado depresivo, manteniendo en todo momento\u00a0 un dialogo normal incluso hasta instantes antes de la tr\u00e1gica determinaci\u00f3n hab\u00eda estado dialogando con efectivos de Comisar\u00eda que hasta el hab\u00edan alcanzado agua porque \u00e9l la hab\u00eda solicitado\u201d.<\/em><\/p>\n<p style=\"text-align: justify;\">M\u00e1s adelante el comisario Benaghi precis\u00f3\u00a0 <em>\u201cdesde hace tiempo es muy com\u00fan ver llegar a nuestra ciudad vendedores ambulantes de localidades como Moreno y La Matanza por lo cual siempre realizamos tareas preventivas tratando de identificar a los mismos ya que suele ocurrir que tras la apariencia de un vendedor ambulante que viene a Mercedes a ganarse un mango, como se suele decir, terminan cometiendo alg\u00fan hecho il\u00edcito\u00bb<\/em><\/p>\n<p style=\"text-align: justify;\"><em> <\/em><\/p>\n<p style=\"text-align: justify;\">La v\u00edctima para poder consumar lo planeado utiliz\u00f3 las mangas de la remera que llevaba puesta para luego utilizar como elemento de apoyo la reja de la puerta de ingreso a la celda<\/p>\n","protected":false},"excerpt":{"rendered":"<p>El comisario Carlos Benaghi confirm\u00f3 que el s\u00e1bado pasado un hombre que hab\u00eda sido detenido presumiblemente por intento de robo &#8230; <a title=\"Un detenido se quit\u00f3 la vida ahorc\u00e1ndose con las mangas de su remera\" class=\"read-more\" href=\"https:\/\/www.hoymercedes.com.ar\/principal\/2011\/01\/11\/un-detenido-se-quito-la-vida-ahorcandose-con-las-mangas-de-su-remera\/\" aria-label=\"Leer m\u00e1s sobre Un detenido se quit\u00f3 la vida ahorc\u00e1ndose con las mangas de su remera\">Leer m\u00e1s<\/a><\/p>\n","protected":false},"author":1,"featured_media":0,"comment_status":"open","ping_status":"open","sticky":false,"template":"","format":"standard","meta":{"_monsterinsights_skip_tracking":false,"_monsterinsights_sitenote_active":false,"_monsterinsights_sitenote_note":"","_monsterinsights_sitenote_category":0,"jetpack_post_was_ever_published":false,"_jetpack_newsletter_access":"","_jetpack_dont_email_post_to_subs":false,"_jetpack_newsletter_tier_id":0,"_jetpack_memberships_contains_paywalled_content":false,"_jetpack_memberships_contains_paid_content":false,"footnotes":"","jetpack_publicize_message":"","jetpack_publicize_feature_enabled":true,"jetpack_social_post_already_shared":false,"jetpack_social_options":{"image_generator_settings":{"template":"highway","default_image_id":0,"font":"","enabled":false},"version":2},"_wpas_customize_per_network":false},"categories":[85,8],"tags":[355,126,354],"class_list":["post-1602","post","type-post","status-publish","format-standard","hentry","category-policial","category-sociedad","tag-comisario-benaghi","tag-policia-mercedes","tag-suicidio-detenido","generate-columns","tablet-grid-50","mobile-grid-100","grid-parent","grid-50"],"jetpack_publicize_connections":[],"jetpack_featured_media_url":"","wps_subtitle":"","jetpack_sharing_enabled":true,"_links":{"self":[{"href":"https:\/\/www.hoymercedes.com.ar\/principal\/wp-json\/wp\/v2\/posts\/1602","targetHints":{"allow":["GET"]}}],"collection":[{"href":"https:\/\/www.hoymercedes.com.ar\/principal\/wp-json\/wp\/v2\/posts"}],"about":[{"href":"https:\/\/www.hoymercedes.com.ar\/principal\/wp-json\/wp\/v2\/types\/post"}],"author":[{"embeddable":true,"href":"https:\/\/www.hoymercedes.com.ar\/principal\/wp-json\/wp\/v2\/users\/1"}],"replies":[{"embeddable":true,"href":"https:\/\/www.hoymercedes.com.ar\/principal\/wp-json\/wp\/v2\/comments?post=1602"}],"version-history":[{"count":0,"href":"https:\/\/www.hoymercedes.com.ar\/principal\/wp-json\/wp\/v2\/posts\/1602\/revisions"}],"wp:attachment":[{"href":"https:\/\/www.hoymercedes.com.ar\/principal\/wp-json\/wp\/v2\/media?parent=1602"}],"wp:term":[{"taxonomy":"category","embeddable":true,"href":"https:\/\/www.hoymercedes.com.ar\/principal\/wp-json\/wp\/v2\/categories?post=1602"},{"taxonomy":"post_tag","embeddable":true,"href":"https:\/\/www.hoymercedes.com.ar\/principal\/wp-json\/wp\/v2\/tags?post=1602"}],"curies":[{"name":"wp","href":"https:\/\/api.w.org\/{rel}","templated":true}]}}