{"id":160266,"date":"2023-03-29T13:57:00","date_gmt":"2023-03-29T16:57:00","guid":{"rendered":"https:\/\/www.hoymercedes.com.ar\/principal\/?p=160266"},"modified":"2023-03-29T17:59:46","modified_gmt":"2023-03-29T20:59:46","slug":"piden-elevar-a-juicio-la-causa-por-la-muerte-de-chinchu-rodriguez","status":"publish","type":"post","link":"https:\/\/www.hoymercedes.com.ar\/principal\/2023\/03\/29\/piden-elevar-a-juicio-la-causa-por-la-muerte-de-chinchu-rodriguez\/","title":{"rendered":"Piden elevar a juicio la causa por la muerte de \u201cChinchu\u201d Rodr\u00edguez"},"content":{"rendered":"\n<p><strong><em>Para el fiscal Villalba se encuentra acreditado que existieron incumplimientos que aumentaron el riesgo de una actividad de por si riesgosa. Si prospera la acusaci\u00f3n, tres funcionarios locales de EDEN enfrentar\u00edan cargos por homicidio culposo.<\/em><\/strong><\/p>\n\n\n\n<p>El pasado mi\u00e9rcoles el Ministerio P\u00fablico Fiscal le solicit\u00f3 al juez de garant\u00edas la elevaci\u00f3n a juicio oral y p\u00fablico de la causa sobre el fallecimiento por electrocuci\u00f3n de Esteban \u201cChinchu\u201d Rodr\u00edguez contra funcionarios de la empresa EDEN por homicidio culposo.<\/p>\n\n\n\n<p>La UFI N\u00b0 2, a cargo del doctor Sebasti\u00e1n Villalba entiende que hay elementos suficientes en esta etapa del proceso para establecer la existencia de serias irregularidades en el&nbsp; funcionamiento de esta empresa y por ende llevar al banquillo a tres de sus responsables en la ciudad de Mercedes.<\/p>\n\n\n\n<p>Seg\u00fan lo elevado por la Fiscal\u00eda, por los hechos antes descriptos se ha recibido declaraci\u00f3n a los imputados en orden al delito de homicidio culposo a tres directivos locales de la empresa EDEN.<\/p>\n\n\n\n<p>Para el fiscal toda vez que los imputados en trato mediante infracci\u00f3n de los deberes a su cargo han aportado una contribuci\u00f3n causal al resultado, es que deben responder en car\u00e1cter de coautores materiales penalmente responsables de la participaci\u00f3n culposa.<\/p>\n\n\n\n<p>Teniendo ello en consideraci\u00f3n y toda vez que los imputados en trato mediante infracci\u00f3n de los deberes a su cargo -como el fiscal entiende que se probar\u00e1- han aportado una contribuci\u00f3n causal al resultado, es que deben responder en car\u00e1cter de coautores materiales penalmente responsables.<\/p>\n\n\n\n<p>Seg\u00fan el Ministerio P\u00fablico Fiscal se encuentra acreditado, al menos con el grado de conocimiento que demanda esta etapa del proceso, que el de Gerente de \u00c1rea -a cargo de la Sucursal Mercedes- de la empresa EDEN. SA. (en el per\u00edodo en que ocup\u00f3 aquel cargo con anterioridad al 01\/09\/2021), el Ingeniero en Electr\u00f3nica (en su car\u00e1cter de Jefe T\u00e9cnico de EDEN) y el Jefe de Distribuci\u00f3n de la firma EDEN. SA. (en el lapso en que desempe\u00f1\u00f3 aquella funci\u00f3n con anterioridad al 28\/11\/2021) cada uno dentro de su \u00e1mbito de actuaci\u00f3n espec\u00edfico, incumplieron las funciones que les hab\u00edan sido atribuidas vinculadas al cumplimiento de la normativa aplicable a la actividad y a las condiciones de seguridad y mantenimiento correctivo y preventivo de las estructuras asociadas a la prestaci\u00f3n del servicio de distribuci\u00f3n y abastecimiento de energ\u00eda el\u00e9ctrica propia de la empresa para la que prestaban servicios y que estaban obligados a realizar y conoc\u00edan, derribando de esa forma el est\u00e1ndar m\u00ednimo de calidad y seguridad que el servicio de suministro de energ\u00eda el\u00e9ctrica debe cumplir y superando con ello el umbral del riesgo permitido propio de la materia a la que se dedicaban y que se vio traducido en la concreci\u00f3n de la muerte de un particular y ocasional transe\u00fante de la v\u00eda p\u00fablica, afirman en la elevaci\u00f3n a juicio.<\/p>\n\n\n\n<p>El fiscal sostiene que &nbsp;en el tiempo en que los funcionarios imputados se encontraron afectados a los puestos arriba se\u00f1alados,&nbsp;<strong>no cumplieron con la normativa vigente en materia de seguridad y no llevaron a cabo los controles de seguridad y mantenimiento en las estructuras el\u00e9ctricas instaladas en la v\u00eda p\u00fablica<\/strong>&nbsp;(o lo hicieron de manera irregular). Es as\u00ed que entiende que los controles hubieran permitido corregir la defectuosa instalaci\u00f3n del cableado de alumbrado p\u00fablico colocado a una menor distancia de la debida \u00f3 colocar material aislante en la rienda que traslad\u00f3 la&nbsp; corriente hacia la vereda enfrentada donde se hallaba emplazada la columna de hierro ubicada en calle 29 y 34. \u201cTampoco se encargaron de reubicar aquel poste hacia el sector que indican las reglas de seguridad; y finalmente, tampoco procuraron colocar y\/o revisar la existencia de conexi\u00f3n a tierra de la chapa galvanizada aferrada a la columna ni en esta \u00faltima estructura\u201d, sostienen en la acusaci\u00f3n.<\/p>\n\n\n\n<p>Para la fiscal\u00eda como consecuencia de todas esa desatenciones, se increment\u00f3 notablemente el riesgo permitido en una actividad \u2013 de por si- ya sumamente riesgosa que se concret\u00f3 en el resultado lesivo motivo de la investigaci\u00f3n.<\/p>\n\n\n\n<p><strong>El hecho<\/strong><\/p>\n\n\n\n<p>Seg\u00fan qued\u00f3 acreditado el 28 de noviembre del a\u00f1o 2021 -siendo las 01.53hs.- en circunstancias en que Esteban Nicol\u00e1s Rodr\u00edguez caminaba por calle 29 -desde calle 40 y en direcci\u00f3n hacia calle 32- intent\u00f3 subir a la vereda cuando imprevistamente tropez\u00f3 y su rostro tom\u00f3 contacto con la chapa galvanizada aferrada a la columna de hierro emplazada en calle 29 esquina 34 que se encontraba electrificada porque el cableado a\u00e9reo -ubicado en la vereda de enfrente, colocado a una distancia indebida- se desgast\u00f3 por el contacto y el rose y electrific\u00f3 una rienda, que no ten\u00eda colocado el correspondiente aislante, que llev\u00f3 la energ\u00eda hasta la chapa de menci\u00f3n adherida al poste que no contaba con la debida conexi\u00f3n a tierra- provoc\u00e1ndole una descarga que le ocasion\u00f3 la muerte por consecuencia de paro cardiorespiratorio traum\u00e1tico originado por una insuficiencia card\u00edaca aguda a punto de partida de una descarga el\u00e9ctrica.<\/p>\n\n\n\n<p><strong>A esperar<\/strong><\/p>\n\n\n\n<p>El auto de elevaci\u00f3n a juicio ahora ser\u00e1 puesto en conocimiento de la defensa de los tres imputados (trascendi\u00f3 que ser\u00edan tres letrados distintos) qui\u00e9nes obviamente pueden oponerse a la misma, solicitar su nulidad y hasta el sobreseimiento de los imputados.<\/p>\n\n\n\n<p>Despu\u00e9s quedar\u00e1 en manos del juez resolver si eleva o no la causa a juicio. En ese caso es de esperar que dicho juicio no se realice antes del 2024.<\/p>\n\n\n\n<p>Colaboraci\u00f3n: Mariano Oyarz\u00fa<\/p>\n","protected":false},"excerpt":{"rendered":"<p>Para el fiscal Villalba se encuentra acreditado que existieron incumplimientos que aumentaron el riesgo de una actividad de por si riesgosa. Si prospera la acusaci\u00f3n, tres funcionarios locales de EDEN enfrentar\u00edan cargos por homicidio culposo. (Foto de Archivo)<\/p>\n","protected":false},"author":1,"featured_media":141302,"comment_status":"closed","ping_status":"open","sticky":false,"template":"","format":"standard","meta":{"_monsterinsights_skip_tracking":false,"_monsterinsights_sitenote_active":false,"_monsterinsights_sitenote_note":"","_monsterinsights_sitenote_category":0,"jetpack_post_was_ever_published":false,"_jetpack_newsletter_access":"","_jetpack_dont_email_post_to_subs":false,"_jetpack_newsletter_tier_id":0,"_jetpack_memberships_contains_paywalled_content":false,"_jetpack_memberships_contains_paid_content":false,"footnotes":"","jetpack_publicize_message":"","jetpack_publicize_feature_enabled":true,"jetpack_social_post_already_shared":true,"jetpack_social_options":{"image_generator_settings":{"template":"highway","default_image_id":0,"font":"","enabled":false},"version":2},"_wpas_customize_per_network":false},"categories":[8],"tags":[],"class_list":["post-160266","post","type-post","status-publish","format-standard","has-post-thumbnail","hentry","category-sociedad","generate-columns","tablet-grid-50","mobile-grid-100","grid-parent","grid-50"],"jetpack_publicize_connections":[],"jetpack_featured_media_url":"https:\/\/www.hoymercedes.com.ar\/principal\/wp-content\/uploads\/2021\/12\/marcha-chinchu-1.jpg","wps_subtitle":"","jetpack_sharing_enabled":true,"_links":{"self":[{"href":"https:\/\/www.hoymercedes.com.ar\/principal\/wp-json\/wp\/v2\/posts\/160266","targetHints":{"allow":["GET"]}}],"collection":[{"href":"https:\/\/www.hoymercedes.com.ar\/principal\/wp-json\/wp\/v2\/posts"}],"about":[{"href":"https:\/\/www.hoymercedes.com.ar\/principal\/wp-json\/wp\/v2\/types\/post"}],"author":[{"embeddable":true,"href":"https:\/\/www.hoymercedes.com.ar\/principal\/wp-json\/wp\/v2\/users\/1"}],"replies":[{"embeddable":true,"href":"https:\/\/www.hoymercedes.com.ar\/principal\/wp-json\/wp\/v2\/comments?post=160266"}],"version-history":[{"count":0,"href":"https:\/\/www.hoymercedes.com.ar\/principal\/wp-json\/wp\/v2\/posts\/160266\/revisions"}],"wp:featuredmedia":[{"embeddable":true,"href":"https:\/\/www.hoymercedes.com.ar\/principal\/wp-json\/wp\/v2\/media\/141302"}],"wp:attachment":[{"href":"https:\/\/www.hoymercedes.com.ar\/principal\/wp-json\/wp\/v2\/media?parent=160266"}],"wp:term":[{"taxonomy":"category","embeddable":true,"href":"https:\/\/www.hoymercedes.com.ar\/principal\/wp-json\/wp\/v2\/categories?post=160266"},{"taxonomy":"post_tag","embeddable":true,"href":"https:\/\/www.hoymercedes.com.ar\/principal\/wp-json\/wp\/v2\/tags?post=160266"}],"curies":[{"name":"wp","href":"https:\/\/api.w.org\/{rel}","templated":true}]}}