{"id":160269,"date":"2023-03-29T16:00:00","date_gmt":"2023-03-29T19:00:00","guid":{"rendered":"https:\/\/www.hoymercedes.com.ar\/principal\/?p=160269"},"modified":"2023-03-29T18:08:08","modified_gmt":"2023-03-29T21:08:08","slug":"vigilia-y-acto-aniversario-por-malvinas","status":"publish","type":"post","link":"https:\/\/www.hoymercedes.com.ar\/principal\/2023\/03\/29\/vigilia-y-acto-aniversario-por-malvinas\/","title":{"rendered":"Vigilia y acto aniversario por Malvinas"},"content":{"rendered":"\n<p><em><strong>El Centro de Veteranos de Malvinas preparan las actividades conmemorativas para el d\u00eda del Veterano y H\u00e9roe de la Guerra en Islas Malvinas. El s\u00e1bado 1 de abril, desde las 21, ser\u00e1 el turno de la Vigilia en La Trocha y luego, el domingo 2, el acto protocolar en el monumento de 29 y 50.<\/strong><\/em><\/p>\n\n\n<div class=\"wp-block-image\">\n<figure class=\"aligncenter size-full\"><img loading=\"lazy\" decoding=\"async\" width=\"750\" height=\"500\" data-attachment-id=\"74197\" data-permalink=\"https:\/\/www.hoymercedes.com.ar\/principal\/2018\/04\/02\/caidos-y-ex-combatientes-en-malvinas-homenajeados-en-acto-protocolar\/02-malvinas-1\/#main\" data-orig-file=\"https:\/\/www.hoymercedes.com.ar\/principal\/wp-content\/uploads\/2018\/04\/02-Malvinas-1.jpg\" data-orig-size=\"750,500\" data-comments-opened=\"0\" data-image-meta=\"{&quot;aperture&quot;:&quot;7.1&quot;,&quot;credit&quot;:&quot;&quot;,&quot;camera&quot;:&quot;NIKON D3100&quot;,&quot;caption&quot;:&quot;&quot;,&quot;created_timestamp&quot;:&quot;1522667568&quot;,&quot;copyright&quot;:&quot;&quot;,&quot;focal_length&quot;:&quot;32&quot;,&quot;iso&quot;:&quot;100&quot;,&quot;shutter_speed&quot;:&quot;0.005&quot;,&quot;title&quot;:&quot;&quot;,&quot;orientation&quot;:&quot;1&quot;}\" data-image-title=\"02 Malvinas 1\" data-image-description=\"\" data-image-caption=\"\" data-large-file=\"https:\/\/www.hoymercedes.com.ar\/principal\/wp-content\/uploads\/2018\/04\/02-Malvinas-1.jpg\" src=\"https:\/\/www.hoymercedes.com.ar\/principal\/wp-content\/uploads\/2018\/04\/02-Malvinas-1.jpg\" alt=\"Fotograf\u00eda de Archivo\" class=\"wp-image-74197\" srcset=\"https:\/\/www.hoymercedes.com.ar\/principal\/wp-content\/uploads\/2018\/04\/02-Malvinas-1.jpg 750w, https:\/\/www.hoymercedes.com.ar\/principal\/wp-content\/uploads\/2018\/04\/02-Malvinas-1-150x100.jpg 150w, https:\/\/www.hoymercedes.com.ar\/principal\/wp-content\/uploads\/2018\/04\/02-Malvinas-1-630x420.jpg 630w\" sizes=\"auto, (max-width: 750px) 100vw, 750px\" \/><figcaption class=\"wp-element-caption\">Fotograf\u00eda de Archivo<\/figcaption><\/figure>\n<\/div>\n\n\n<p>En las v\u00edsperas de los que ser\u00e1 un nuevo 2 de abril, desde el Centro de Veteranos de Malvinas se vienen organizando para llevar adelante la conmemoraci\u00f3n en esta fecha tan sensible de nuestra historia reciente.<\/p>\n\n\n\n<p>En principio y como desde hace dos a\u00f1os, el pr\u00f3ximo 1 de abril se llevar\u00e1 a cabo una nueva Vigilia por Malvinas impulsada por la Comisi\u00f3n de Veteranos de Mercedes y con la valiosa participaci\u00f3n de Amigos Pe\u00f1eros. Desde las 21 horas habr\u00e1 shows en vivo, cantina a beneficio y sorpresas en una propuesta libre, p\u00fablica y gratuita a desarrollarse en La Trocha.<\/p>\n\n\n\n<p>\u201cEstamos muy felices de volver a compartir una actividad tan importante, tan sentida a nuestra identidad\u201d dijo el intendente Juan Ustarroz y destac\u00f3 que \u201cellos son nuestros h\u00e9roes locales y vuelven, una vez m\u00e1s, a convocarnos para compartir una noche tan sentida y significativa\u201d destac\u00f3.<\/p>\n\n\n\n<p>Desde la direcci\u00f3n de cultura, a cargo de Luc\u00eda Capaccio, narraron que estar\u00e1n presentes el ballet Municipal, Daniela Bertaina, Ra\u00edces Mercedinas, Los L\u00f3pez Heredia, Ivana Cestari y Grupo Suyai, siendo un momento destacable el canto del himno a medianoche.<\/p>\n\n\n\n<p>Luego, el domingo 2 se llevar\u00e1 a cabo el acto protocolar en el monumento de 29 y 50 el cual dar\u00e1 inicio a las 11 de la ma\u00f1ana.<\/p>\n\n\n\n<p>Por \u00faltimo, los Veteranos compartir\u00e1n un momento con los Bomberos Voluntarios en el predio de la Sociedad Rural donde se llevar\u00e1 a cabo el festival \u201cTodos por los Bomberos\u201d donde seguramente recibir\u00e1n el merecido homenaje y el afecto de toda la comunidad.<\/p>\n\n\n\n<p>Colaboraci\u00f3n: Mariano Oyarz\u00fa<\/p>\n","protected":false},"excerpt":{"rendered":"<p>El Centro de Veteranos de Malvinas preparan las actividades conmemorativas para el d\u00eda del Veterano y H\u00e9roe de la Guerra en Islas Malvinas. El s\u00e1bado 1 de abril, desde las 21, ser\u00e1 el turno de la Vigilia en La Trocha y luego, el domingo 2, el acto protocolar en el monumento de 29 y 50. (Foto de Archivo)<\/p>\n","protected":false},"author":1,"featured_media":74197,"comment_status":"closed","ping_status":"open","sticky":false,"template":"","format":"standard","meta":{"_monsterinsights_skip_tracking":false,"_monsterinsights_sitenote_active":false,"_monsterinsights_sitenote_note":"","_monsterinsights_sitenote_category":0,"jetpack_post_was_ever_published":false,"_jetpack_newsletter_access":"","_jetpack_dont_email_post_to_subs":false,"_jetpack_newsletter_tier_id":0,"_jetpack_memberships_contains_paywalled_content":false,"_jetpack_memberships_contains_paid_content":false,"footnotes":"","jetpack_publicize_message":"","jetpack_publicize_feature_enabled":true,"jetpack_social_post_already_shared":true,"jetpack_social_options":{"image_generator_settings":{"template":"highway","default_image_id":0,"font":"","enabled":false},"version":2},"_wpas_customize_per_network":false},"categories":[8],"tags":[],"class_list":["post-160269","post","type-post","status-publish","format-standard","has-post-thumbnail","hentry","category-sociedad","generate-columns","tablet-grid-50","mobile-grid-100","grid-parent","grid-50"],"jetpack_publicize_connections":[],"jetpack_featured_media_url":"https:\/\/www.hoymercedes.com.ar\/principal\/wp-content\/uploads\/2018\/04\/02-Malvinas-1.jpg","wps_subtitle":"","jetpack_sharing_enabled":true,"_links":{"self":[{"href":"https:\/\/www.hoymercedes.com.ar\/principal\/wp-json\/wp\/v2\/posts\/160269","targetHints":{"allow":["GET"]}}],"collection":[{"href":"https:\/\/www.hoymercedes.com.ar\/principal\/wp-json\/wp\/v2\/posts"}],"about":[{"href":"https:\/\/www.hoymercedes.com.ar\/principal\/wp-json\/wp\/v2\/types\/post"}],"author":[{"embeddable":true,"href":"https:\/\/www.hoymercedes.com.ar\/principal\/wp-json\/wp\/v2\/users\/1"}],"replies":[{"embeddable":true,"href":"https:\/\/www.hoymercedes.com.ar\/principal\/wp-json\/wp\/v2\/comments?post=160269"}],"version-history":[{"count":0,"href":"https:\/\/www.hoymercedes.com.ar\/principal\/wp-json\/wp\/v2\/posts\/160269\/revisions"}],"wp:featuredmedia":[{"embeddable":true,"href":"https:\/\/www.hoymercedes.com.ar\/principal\/wp-json\/wp\/v2\/media\/74197"}],"wp:attachment":[{"href":"https:\/\/www.hoymercedes.com.ar\/principal\/wp-json\/wp\/v2\/media?parent=160269"}],"wp:term":[{"taxonomy":"category","embeddable":true,"href":"https:\/\/www.hoymercedes.com.ar\/principal\/wp-json\/wp\/v2\/categories?post=160269"},{"taxonomy":"post_tag","embeddable":true,"href":"https:\/\/www.hoymercedes.com.ar\/principal\/wp-json\/wp\/v2\/tags?post=160269"}],"curies":[{"name":"wp","href":"https:\/\/api.w.org\/{rel}","templated":true}]}}