{"id":160272,"date":"2023-03-29T18:27:55","date_gmt":"2023-03-29T21:27:55","guid":{"rendered":"https:\/\/www.hoymercedes.com.ar\/principal\/?p=160272"},"modified":"2023-03-29T18:27:58","modified_gmt":"2023-03-29T21:27:58","slug":"nueva-jornada-de-la-tierra-y-el-buen-vivir","status":"publish","type":"post","link":"https:\/\/www.hoymercedes.com.ar\/principal\/2023\/03\/29\/nueva-jornada-de-la-tierra-y-el-buen-vivir\/","title":{"rendered":"Nueva jornada de \u201cLa tierra y el buen vivir\u201d"},"content":{"rendered":"\n<p>El Municipio de Mercedes a trav\u00e9s de diversas \u00e1reas lleva adelante el programa \u201cLa Tierra y El Buen Vivir\u201d, que se desarrollar\u00e1 este viernes 31 de marzo en la plaza San Luis de 17 a 19 horas.<\/p>\n\n\n<div class=\"wp-block-image\">\n<figure class=\"aligncenter size-full\"><img loading=\"lazy\" decoding=\"async\" width=\"800\" height=\"534\" data-attachment-id=\"160273\" data-permalink=\"https:\/\/www.hoymercedes.com.ar\/principal\/2023\/03\/29\/nueva-jornada-de-la-tierra-y-el-buen-vivir\/dsc06836\/#main\" data-orig-file=\"https:\/\/www.hoymercedes.com.ar\/principal\/wp-content\/uploads\/2023\/03\/DSC06836.jpg\" data-orig-size=\"800,534\" data-comments-opened=\"0\" data-image-meta=\"{&quot;aperture&quot;:&quot;0&quot;,&quot;credit&quot;:&quot;&quot;,&quot;camera&quot;:&quot;&quot;,&quot;caption&quot;:&quot;&quot;,&quot;created_timestamp&quot;:&quot;0&quot;,&quot;copyright&quot;:&quot;&quot;,&quot;focal_length&quot;:&quot;0&quot;,&quot;iso&quot;:&quot;0&quot;,&quot;shutter_speed&quot;:&quot;0&quot;,&quot;title&quot;:&quot;&quot;,&quot;orientation&quot;:&quot;0&quot;}\" data-image-title=\"DSC06836\" data-image-description=\"\" data-image-caption=\"\" data-large-file=\"https:\/\/www.hoymercedes.com.ar\/principal\/wp-content\/uploads\/2023\/03\/DSC06836.jpg\" src=\"https:\/\/www.hoymercedes.com.ar\/principal\/wp-content\/uploads\/2023\/03\/DSC06836.jpg\" alt=\"\" class=\"wp-image-160273\" srcset=\"https:\/\/www.hoymercedes.com.ar\/principal\/wp-content\/uploads\/2023\/03\/DSC06836.jpg 800w, https:\/\/www.hoymercedes.com.ar\/principal\/wp-content\/uploads\/2023\/03\/DSC06836-630x421.jpg 630w, https:\/\/www.hoymercedes.com.ar\/principal\/wp-content\/uploads\/2023\/03\/DSC06836-150x100.jpg 150w\" sizes=\"auto, (max-width: 800px) 100vw, 800px\" \/><\/figure>\n<\/div>\n\n\n<p>Esta nueva acci\u00f3n que ya se despleg\u00f3 en algunos puntos de la ciudad, realiza una gran tarea informativa, d\u00f3nde, adem\u00e1s, se desarrollan actividades: charla sobre compostaje, huerta y jard\u00edn de mariposas, entrega de composteras, kits de huerta y luces LED, vacunaci\u00f3n y desparasitaci\u00f3n para perros y gatos, como as\u00ed tambi\u00e9n, charla de cuidado animal. En la jornada se llevar\u00e1 adelante el taller de alimentaci\u00f3n: nada se pierde, todo se transforma.<\/p>\n\n\n\n<p>Los objetivos m\u00e1s destacados del programa es el bienestar animal, el buen vivir, la armon\u00eda con el medio ambiente, como as\u00ed tambi\u00e9n, la toma de conciencia e importancia de nuestro desarrollo con el ecosistema.<\/p>\n\n\n\n<p>Es importante destacar que esta acci\u00f3n conlleva el trabajo de diferentes \u00e1reas del Municipio de Mercedes que van desde ambiente, zoonosis, la Secretar\u00eda de Desarrollo de la Comunidad y sus planes de alimentaci\u00f3n, la Sub Secretar\u00eda de Servicios P\u00fablicos con el programa de plantas nativas, y organismos proteccionistas.<\/p>\n\n\n\n<p>Adem\u00e1s, quienes participen de esta jornada, compartir\u00e1n una merienda saludable y juegos para los m\u00e1s chicos.<\/p>\n\n\n\n<p>Fuente: Prensa Municipal<\/p>\n","protected":false},"excerpt":{"rendered":"<p>El Municipio de Mercedes a trav\u00e9s de diversas \u00e1reas lleva adelante el programa \u201cLa Tierra y El Buen Vivir\u201d, que se desarrollar\u00e1 este viernes 31 de marzo en la plaza San Luis de 17 a 19 horas.<\/p>\n","protected":false},"author":1,"featured_media":160273,"comment_status":"closed","ping_status":"open","sticky":false,"template":"","format":"standard","meta":{"_monsterinsights_skip_tracking":false,"_monsterinsights_sitenote_active":false,"_monsterinsights_sitenote_note":"","_monsterinsights_sitenote_category":0,"jetpack_post_was_ever_published":false,"_jetpack_newsletter_access":"","_jetpack_dont_email_post_to_subs":false,"_jetpack_newsletter_tier_id":0,"_jetpack_memberships_contains_paywalled_content":false,"_jetpack_memberships_contains_paid_content":false,"footnotes":"","jetpack_publicize_message":"","jetpack_publicize_feature_enabled":true,"jetpack_social_post_already_shared":true,"jetpack_social_options":{"image_generator_settings":{"template":"highway","default_image_id":0,"font":"","enabled":false},"version":2},"_wpas_customize_per_network":false},"categories":[8],"tags":[],"class_list":["post-160272","post","type-post","status-publish","format-standard","has-post-thumbnail","hentry","category-sociedad","generate-columns","tablet-grid-50","mobile-grid-100","grid-parent","grid-50"],"jetpack_publicize_connections":[],"jetpack_featured_media_url":"https:\/\/www.hoymercedes.com.ar\/principal\/wp-content\/uploads\/2023\/03\/DSC06836.jpg","wps_subtitle":"","jetpack_sharing_enabled":true,"_links":{"self":[{"href":"https:\/\/www.hoymercedes.com.ar\/principal\/wp-json\/wp\/v2\/posts\/160272","targetHints":{"allow":["GET"]}}],"collection":[{"href":"https:\/\/www.hoymercedes.com.ar\/principal\/wp-json\/wp\/v2\/posts"}],"about":[{"href":"https:\/\/www.hoymercedes.com.ar\/principal\/wp-json\/wp\/v2\/types\/post"}],"author":[{"embeddable":true,"href":"https:\/\/www.hoymercedes.com.ar\/principal\/wp-json\/wp\/v2\/users\/1"}],"replies":[{"embeddable":true,"href":"https:\/\/www.hoymercedes.com.ar\/principal\/wp-json\/wp\/v2\/comments?post=160272"}],"version-history":[{"count":0,"href":"https:\/\/www.hoymercedes.com.ar\/principal\/wp-json\/wp\/v2\/posts\/160272\/revisions"}],"wp:featuredmedia":[{"embeddable":true,"href":"https:\/\/www.hoymercedes.com.ar\/principal\/wp-json\/wp\/v2\/media\/160273"}],"wp:attachment":[{"href":"https:\/\/www.hoymercedes.com.ar\/principal\/wp-json\/wp\/v2\/media?parent=160272"}],"wp:term":[{"taxonomy":"category","embeddable":true,"href":"https:\/\/www.hoymercedes.com.ar\/principal\/wp-json\/wp\/v2\/categories?post=160272"},{"taxonomy":"post_tag","embeddable":true,"href":"https:\/\/www.hoymercedes.com.ar\/principal\/wp-json\/wp\/v2\/tags?post=160272"}],"curies":[{"name":"wp","href":"https:\/\/api.w.org\/{rel}","templated":true}]}}