{"id":160278,"date":"2023-03-29T19:55:46","date_gmt":"2023-03-29T22:55:46","guid":{"rendered":"https:\/\/www.hoymercedes.com.ar\/principal\/?p=160278"},"modified":"2023-03-29T19:55:49","modified_gmt":"2023-03-29T22:55:49","slug":"festival-todos-por-bomberos-este-domingo-2-de-abril","status":"publish","type":"post","link":"https:\/\/www.hoymercedes.com.ar\/principal\/2023\/03\/29\/festival-todos-por-bomberos-este-domingo-2-de-abril\/","title":{"rendered":"Festival Todos por Bomberos este domingo 2 de abril"},"content":{"rendered":"\n<p><strong><em>Tras la postergaci\u00f3n del 12 de marzo, los Bomberos se preparan para el festival el pr\u00f3ximo domingo 2 de abril. Habr\u00e1 venta de comida por kilo, patio cervecero, exhibici\u00f3n de equitaci\u00f3n y paseos a caballo, sorteos y varios shows musicales contando con el cierre a cargo de Alcides. Tambi\u00e9n homenajear\u00e1n a los Veteranos de Malvinas.<\/em><\/strong><\/p>\n\n\n<div class=\"wp-block-image\">\n<figure class=\"aligncenter size-full\"><img loading=\"lazy\" decoding=\"async\" width=\"696\" height=\"464\" data-attachment-id=\"159501\" data-permalink=\"https:\/\/www.hoymercedes.com.ar\/principal\/2023\/03\/13\/cerca-de-600-personas-participaron-de-la-cena-solidaria-con-bomberos\/image-20-3\/#main\" data-orig-file=\"https:\/\/www.hoymercedes.com.ar\/principal\/wp-content\/uploads\/2023\/03\/image-20.png\" data-orig-size=\"696,464\" data-comments-opened=\"0\" data-image-meta=\"{&quot;aperture&quot;:&quot;0&quot;,&quot;credit&quot;:&quot;&quot;,&quot;camera&quot;:&quot;&quot;,&quot;caption&quot;:&quot;&quot;,&quot;created_timestamp&quot;:&quot;0&quot;,&quot;copyright&quot;:&quot;&quot;,&quot;focal_length&quot;:&quot;0&quot;,&quot;iso&quot;:&quot;0&quot;,&quot;shutter_speed&quot;:&quot;0&quot;,&quot;title&quot;:&quot;&quot;,&quot;orientation&quot;:&quot;0&quot;}\" data-image-title=\"image-20\" data-image-description=\"\" data-image-caption=\"\" data-large-file=\"https:\/\/www.hoymercedes.com.ar\/principal\/wp-content\/uploads\/2023\/03\/image-20.png\" src=\"https:\/\/www.hoymercedes.com.ar\/principal\/wp-content\/uploads\/2023\/03\/image-20.png\" alt=\"\" class=\"wp-image-159501\" srcset=\"https:\/\/www.hoymercedes.com.ar\/principal\/wp-content\/uploads\/2023\/03\/image-20.png 696w, https:\/\/www.hoymercedes.com.ar\/principal\/wp-content\/uploads\/2023\/03\/image-20-630x420.png 630w, https:\/\/www.hoymercedes.com.ar\/principal\/wp-content\/uploads\/2023\/03\/image-20-150x100.png 150w\" sizes=\"auto, (max-width: 696px) 100vw, 696px\" \/><\/figure>\n<\/div>\n\n\n<p>Para el pasado 11 y 12 de marzo los Bomberos Voluntarios de Mercedes ten\u00edan previsto realizar un festival solidario conjuntamente con la Sociedad Rural, el municipio y la C\u00e1mara Econ\u00f3mica. Seg\u00fan se hab\u00eda anunciado oportunamente se iba a concretar una cena solidaria con una tarjeta de un valor de 3 mil pesos el s\u00e1bado, en tanto el domingo se iba a vencer porciones de vaquillona que bien pod\u00edan retirarse en la Rural o comer directamente en el lugar. A cuyos efectos se iba a preparar el predio.<\/p>\n\n\n\n<p>Pero como consecuencia de las alt\u00edsimas temperaturas que se registraban por esos d\u00edas, la organizaci\u00f3n decidi\u00f3 continuar con la cena y postergar el almuerzo para el 2 de abril. Vale destacar que ambos eventos tienen como objetivo recaudar dinero para la compra de insumos y m\u00f3viles para la tan querida instituci\u00f3n.<\/p>\n\n\n\n<p>Tras la postergaci\u00f3n mencionada, finalmente se llevar\u00e1 a cabo este 2 de abril en el predio de la Sociedad Rural Mercedes.<\/p>\n\n\n\n<p>Vaquillonas, canchos con pelo, corderos, lechones al asador, carne por peso, ensaladas, cantinas, patio cervecero y mucho m\u00e1s ser\u00e1 en la oferta gastron\u00f3mica.<\/p>\n\n\n\n<p>Adem\u00e1s, habr\u00e1 gran cantidad de artistas de todos los g\u00e9neros musicales que ser\u00e1n parte de la propuesta cultural a beneficio.<\/p>\n\n\n\n<p>La actividad es al aire libre con lo cual tendr\u00e1 una gran oportunidad de encontrarnos y ser solidarios con la gran y querida instituci\u00f3n mercedina.<\/p>\n\n\n\n<p>Con respecto a la jornada, el jefe de Bomberos Mario Quaglia manifest\u00f3 que \u201cla entrada es gratuita a partir de las 10 de la ma\u00f1ana y va a haber artesanos, un escenario con varios shows donde el cierre estar\u00e1 a cargo de Alcides.\u201d<\/p>\n\n\n\n<p>Adem\u00e1s, dentro de los atractivos que ser\u00e1n parte del festival Quaglia coment\u00f3 que \u201chabr\u00e1 una granja, salto de equitaci\u00f3n y quiz\u00e1s autos antiguos su se consigue porque se est\u00e1 todo muy medio por cerrar.\u201d<\/p>\n\n\n\n<p>En ese sentido, tambi\u00e9n sostuvo que \u201chabr\u00e1 algunas camisetas para sortear, adem\u00e1s el sorteo de una rifa que quiz\u00e1s larguemos ahora esta semana y tambi\u00e9n se vender\u00e1n ah\u00ed en el predio\u201d.<\/p>\n\n\n\n<p>\u201cEsperemos que nos vaya bien, que el tiempo nos acompa\u00f1e y veremos c\u00f3mo es la convocatoria\u201d cerr\u00f3 el jefe de los Bomberos Voluntarios de Mercedes.<\/p>\n\n\n\n<p>Por otra parte, coment\u00f3 que se est\u00e1 organizando un posible homenaje a los veteranos de Malvinas que se hagan presentes en el lugar dado que el Festival se llevar\u00e1 a cabo durante la jornada del 2 abril donde se cumple un nuevo aniversario del inicio de la guerra.<\/p>\n\n\n\n<p>En ese sentido, los Bomberos buscar\u00e1n aprovechar un monumento a los ca\u00eddos y veteranos de guerra que se inaugur\u00f3 en el predio de la rural en septiembre del 2022.<\/p>\n\n\n\n<p>Colaboraci\u00f3n: Mariano Oyarz\u00fa<\/p>\n","protected":false},"excerpt":{"rendered":"<p>Los Bomberos se preparan para el festival el pr\u00f3ximo domingo 2 de abril. Habr\u00e1 venta de comida por kilo, patio cervecero, exhibici\u00f3n de equitaci\u00f3n y paseos a caballo, sorteos y varios shows musicales contando con el cierre a cargo de Alcides. Tambi\u00e9n homenajear\u00e1n a los Veteranos de Malvinas.<\/p>\n","protected":false},"author":1,"featured_media":159501,"comment_status":"closed","ping_status":"open","sticky":false,"template":"","format":"standard","meta":{"_monsterinsights_skip_tracking":false,"_monsterinsights_sitenote_active":false,"_monsterinsights_sitenote_note":"","_monsterinsights_sitenote_category":0,"jetpack_post_was_ever_published":false,"_jetpack_newsletter_access":"","_jetpack_dont_email_post_to_subs":false,"_jetpack_newsletter_tier_id":0,"_jetpack_memberships_contains_paywalled_content":false,"_jetpack_memberships_contains_paid_content":false,"footnotes":"","jetpack_publicize_message":"","jetpack_publicize_feature_enabled":true,"jetpack_social_post_already_shared":true,"jetpack_social_options":{"image_generator_settings":{"template":"highway","default_image_id":0,"font":"","enabled":false},"version":2},"_wpas_customize_per_network":false},"categories":[8],"tags":[],"class_list":["post-160278","post","type-post","status-publish","format-standard","has-post-thumbnail","hentry","category-sociedad","generate-columns","tablet-grid-50","mobile-grid-100","grid-parent","grid-50"],"jetpack_publicize_connections":[],"jetpack_featured_media_url":"https:\/\/www.hoymercedes.com.ar\/principal\/wp-content\/uploads\/2023\/03\/image-20.png","wps_subtitle":"","jetpack_sharing_enabled":true,"_links":{"self":[{"href":"https:\/\/www.hoymercedes.com.ar\/principal\/wp-json\/wp\/v2\/posts\/160278","targetHints":{"allow":["GET"]}}],"collection":[{"href":"https:\/\/www.hoymercedes.com.ar\/principal\/wp-json\/wp\/v2\/posts"}],"about":[{"href":"https:\/\/www.hoymercedes.com.ar\/principal\/wp-json\/wp\/v2\/types\/post"}],"author":[{"embeddable":true,"href":"https:\/\/www.hoymercedes.com.ar\/principal\/wp-json\/wp\/v2\/users\/1"}],"replies":[{"embeddable":true,"href":"https:\/\/www.hoymercedes.com.ar\/principal\/wp-json\/wp\/v2\/comments?post=160278"}],"version-history":[{"count":0,"href":"https:\/\/www.hoymercedes.com.ar\/principal\/wp-json\/wp\/v2\/posts\/160278\/revisions"}],"wp:featuredmedia":[{"embeddable":true,"href":"https:\/\/www.hoymercedes.com.ar\/principal\/wp-json\/wp\/v2\/media\/159501"}],"wp:attachment":[{"href":"https:\/\/www.hoymercedes.com.ar\/principal\/wp-json\/wp\/v2\/media?parent=160278"}],"wp:term":[{"taxonomy":"category","embeddable":true,"href":"https:\/\/www.hoymercedes.com.ar\/principal\/wp-json\/wp\/v2\/categories?post=160278"},{"taxonomy":"post_tag","embeddable":true,"href":"https:\/\/www.hoymercedes.com.ar\/principal\/wp-json\/wp\/v2\/tags?post=160278"}],"curies":[{"name":"wp","href":"https:\/\/api.w.org\/{rel}","templated":true}]}}