{"id":160322,"date":"2023-03-30T15:53:34","date_gmt":"2023-03-30T18:53:34","guid":{"rendered":"https:\/\/www.hoymercedes.com.ar\/principal\/?p=160322"},"modified":"2023-03-30T15:53:36","modified_gmt":"2023-03-30T18:53:36","slug":"bancos-vuelven-a-su-horario-de-atencion-de-10-a-15-hs","status":"publish","type":"post","link":"https:\/\/www.hoymercedes.com.ar\/principal\/2023\/03\/30\/bancos-vuelven-a-su-horario-de-atencion-de-10-a-15-hs\/","title":{"rendered":"Bancos vuelven a su horario de atenci\u00f3n de 10 a 15 hs"},"content":{"rendered":"\n<p>A partir del lunes 3 de abril las entidades financieras bonaerenses retoman la atenci\u00f3n al p\u00fablico en la franja horaria 10 a 15.\u00a0Hasta el viernes 31 corre el horario de verano. <\/p>\n\n\n\n<p>Las entidades financieras de la provincia de Buenos Aires abrir\u00e1n desde el lunes 3 de abril en el horario habitual de 10 a 15 en todo el territorio provincial. De esta manera, los bancos p\u00fablicos y privados regresar\u00e1n a su horario invernal. <\/p>\n\n\n\n<p>El horario de verano se estableci\u00f3 en noviembre \u00faltimo a trav\u00e9s de un decreto del Poder Ejecutivo bonaerense, que dispuso la apertura de los bancos entre las 8 y las 13 en m\u00e1s de 106 distritos del interior de la Provincia hasta el 31 de marzo. <\/p>\n\n\n\n<p>La medida fue de aplicaci\u00f3n exclusiva en los distritos que se adhirieron a esta resoluci\u00f3n oficial del gobierno provincial, ideada para cuidar a las personas de la exposici\u00f3n a las altas temperaturas veraniegas. Entre estos distritos se encuentra el Partido de Mercedes. <\/p>\n","protected":false},"excerpt":{"rendered":"<p>A partir del lunes 3 de abril las entidades financieras bonaerenses retoman la atenci\u00f3n al p\u00fablico en la franja horaria &#8230; <a title=\"Bancos vuelven a su horario de atenci\u00f3n de 10 a 15 hs\" class=\"read-more\" href=\"https:\/\/www.hoymercedes.com.ar\/principal\/2023\/03\/30\/bancos-vuelven-a-su-horario-de-atencion-de-10-a-15-hs\/\" aria-label=\"Leer m\u00e1s sobre Bancos vuelven a su horario de atenci\u00f3n de 10 a 15 hs\">Leer m\u00e1s<\/a><\/p>\n","protected":false},"author":1,"featured_media":108903,"comment_status":"closed","ping_status":"open","sticky":false,"template":"","format":"standard","meta":{"_monsterinsights_skip_tracking":false,"_monsterinsights_sitenote_active":false,"_monsterinsights_sitenote_note":"","_monsterinsights_sitenote_category":0,"jetpack_post_was_ever_published":false,"_jetpack_newsletter_access":"","_jetpack_dont_email_post_to_subs":false,"_jetpack_newsletter_tier_id":0,"_jetpack_memberships_contains_paywalled_content":false,"_jetpack_memberships_contains_paid_content":false,"footnotes":"","jetpack_publicize_message":"","jetpack_publicize_feature_enabled":true,"jetpack_social_post_already_shared":true,"jetpack_social_options":{"image_generator_settings":{"template":"highway","default_image_id":0,"font":"","enabled":false},"version":2},"_wpas_customize_per_network":false},"categories":[8],"tags":[],"class_list":["post-160322","post","type-post","status-publish","format-standard","has-post-thumbnail","hentry","category-sociedad","generate-columns","tablet-grid-50","mobile-grid-100","grid-parent","grid-50"],"jetpack_publicize_connections":[],"jetpack_featured_media_url":"https:\/\/www.hoymercedes.com.ar\/principal\/wp-content\/uploads\/2020\/04\/03-colas-bancos.jpg","wps_subtitle":"","jetpack_sharing_enabled":true,"_links":{"self":[{"href":"https:\/\/www.hoymercedes.com.ar\/principal\/wp-json\/wp\/v2\/posts\/160322","targetHints":{"allow":["GET"]}}],"collection":[{"href":"https:\/\/www.hoymercedes.com.ar\/principal\/wp-json\/wp\/v2\/posts"}],"about":[{"href":"https:\/\/www.hoymercedes.com.ar\/principal\/wp-json\/wp\/v2\/types\/post"}],"author":[{"embeddable":true,"href":"https:\/\/www.hoymercedes.com.ar\/principal\/wp-json\/wp\/v2\/users\/1"}],"replies":[{"embeddable":true,"href":"https:\/\/www.hoymercedes.com.ar\/principal\/wp-json\/wp\/v2\/comments?post=160322"}],"version-history":[{"count":0,"href":"https:\/\/www.hoymercedes.com.ar\/principal\/wp-json\/wp\/v2\/posts\/160322\/revisions"}],"wp:featuredmedia":[{"embeddable":true,"href":"https:\/\/www.hoymercedes.com.ar\/principal\/wp-json\/wp\/v2\/media\/108903"}],"wp:attachment":[{"href":"https:\/\/www.hoymercedes.com.ar\/principal\/wp-json\/wp\/v2\/media?parent=160322"}],"wp:term":[{"taxonomy":"category","embeddable":true,"href":"https:\/\/www.hoymercedes.com.ar\/principal\/wp-json\/wp\/v2\/categories?post=160322"},{"taxonomy":"post_tag","embeddable":true,"href":"https:\/\/www.hoymercedes.com.ar\/principal\/wp-json\/wp\/v2\/tags?post=160322"}],"curies":[{"name":"wp","href":"https:\/\/api.w.org\/{rel}","templated":true}]}}