{"id":160333,"date":"2023-03-30T18:00:00","date_gmt":"2023-03-30T21:00:00","guid":{"rendered":"https:\/\/www.hoymercedes.com.ar\/principal\/?p=160333"},"modified":"2023-03-30T17:01:24","modified_gmt":"2023-03-30T20:01:24","slug":"muestra-malvinas-relato-de-una-usurpacion-en-el-museo-udaondo-de-lujan","status":"publish","type":"post","link":"https:\/\/www.hoymercedes.com.ar\/principal\/2023\/03\/30\/muestra-malvinas-relato-de-una-usurpacion-en-el-museo-udaondo-de-lujan\/","title":{"rendered":"Muestra \u201cMalvinas. Relato de una Usurpaci\u00f3n\u201d en el Museo Udaondo de Luj\u00e1n"},"content":{"rendered":"\n<p>El domingo 2 de abril, a la hora 12, se realizar\u00e1 un acto en el Complejo Museogr\u00e1fico \u201cEnrique Udaondo\u201d de Luj\u00e1n, donde se descubrir\u00e1 una placa recordatoria y se inaugurar\u00e1 la muestra \u201cMalvinas. Relato de una Usurpaci\u00f3n\u201d, con la exhibici\u00f3n de piezas pertenecientes a los Veteranos.<\/p>\n\n\n<div class=\"wp-block-image\">\n<figure class=\"aligncenter size-full\"><img loading=\"lazy\" decoding=\"async\" width=\"801\" height=\"401\" data-attachment-id=\"160274\" data-permalink=\"https:\/\/www.hoymercedes.com.ar\/principal\/2023\/03\/29\/nueva-jornada-de-la-tierra-y-el-buen-vivir\/800x400\/#main\" data-orig-file=\"https:\/\/www.hoymercedes.com.ar\/principal\/wp-content\/uploads\/2023\/03\/800x400-.png\" data-orig-size=\"801,401\" data-comments-opened=\"0\" data-image-meta=\"{&quot;aperture&quot;:&quot;0&quot;,&quot;credit&quot;:&quot;&quot;,&quot;camera&quot;:&quot;&quot;,&quot;caption&quot;:&quot;&quot;,&quot;created_timestamp&quot;:&quot;0&quot;,&quot;copyright&quot;:&quot;&quot;,&quot;focal_length&quot;:&quot;0&quot;,&quot;iso&quot;:&quot;0&quot;,&quot;shutter_speed&quot;:&quot;0&quot;,&quot;title&quot;:&quot;&quot;,&quot;orientation&quot;:&quot;0&quot;}\" data-image-title=\"800&amp;#215;400\" data-image-description=\"\" data-image-caption=\"\" data-large-file=\"https:\/\/www.hoymercedes.com.ar\/principal\/wp-content\/uploads\/2023\/03\/800x400-.png\" src=\"https:\/\/www.hoymercedes.com.ar\/principal\/wp-content\/uploads\/2023\/03\/800x400-.png\" alt=\"\" class=\"wp-image-160274\" srcset=\"https:\/\/www.hoymercedes.com.ar\/principal\/wp-content\/uploads\/2023\/03\/800x400-.png 801w, https:\/\/www.hoymercedes.com.ar\/principal\/wp-content\/uploads\/2023\/03\/800x400--630x315.png 630w, https:\/\/www.hoymercedes.com.ar\/principal\/wp-content\/uploads\/2023\/03\/800x400--150x75.png 150w\" sizes=\"auto, (max-width: 801px) 100vw, 801px\" \/><\/figure>\n<\/div>\n\n\n<p>Durante el encuentro, y en el marco del centenario del museo, la Asociaci\u00f3n Civil AVG Luj\u00e1n \u201c2 de Abril\u201d har\u00e1 entrega al Complejo Museogr\u00e1fico de un relieve de las Islas Malvinas, una placa recordatoria de los 190 a\u00f1os de la usurpaci\u00f3n y un se\u00f1alador de distancias, que indica, entre otras referencias, la cantidad de kil\u00f3metros existentes entre Luj\u00e1n y las Islas Malvinas.<\/p>\n\n\n\n<p>Tambi\u00e9n se anunciar\u00e1n los conversatorios para las escuelas y se exhibir\u00e1n en el Sal\u00f3n Cultural piezas pertenecientes a los veteranos, a cargo de la Uni\u00f3n de Veteranos de Malvinas de Luj\u00e1n. Adem\u00e1s, el patio central del Museo se nombrar\u00e1 como Patio Malvinas.<\/p>\n\n\n\n<p><\/p>\n","protected":false},"excerpt":{"rendered":"<p>El domingo 2 de abril, a la hora 12, se realizar\u00e1 un acto en el Complejo Museogr\u00e1fico \u201cEnrique Udaondo\u201d de &#8230; <a title=\"Muestra \u201cMalvinas. Relato de una Usurpaci\u00f3n\u201d en el Museo Udaondo de Luj\u00e1n\" class=\"read-more\" href=\"https:\/\/www.hoymercedes.com.ar\/principal\/2023\/03\/30\/muestra-malvinas-relato-de-una-usurpacion-en-el-museo-udaondo-de-lujan\/\" aria-label=\"Leer m\u00e1s sobre Muestra \u201cMalvinas. Relato de una Usurpaci\u00f3n\u201d en el Museo Udaondo de Luj\u00e1n\">Leer m\u00e1s<\/a><\/p>\n","protected":false},"author":1,"featured_media":160274,"comment_status":"closed","ping_status":"open","sticky":false,"template":"","format":"standard","meta":{"_monsterinsights_skip_tracking":false,"_monsterinsights_sitenote_active":false,"_monsterinsights_sitenote_note":"","_monsterinsights_sitenote_category":0,"jetpack_post_was_ever_published":false,"_jetpack_newsletter_access":"","_jetpack_dont_email_post_to_subs":false,"_jetpack_newsletter_tier_id":0,"_jetpack_memberships_contains_paywalled_content":false,"_jetpack_memberships_contains_paid_content":false,"footnotes":"","jetpack_publicize_message":"","jetpack_publicize_feature_enabled":true,"jetpack_social_post_already_shared":true,"jetpack_social_options":{"image_generator_settings":{"template":"highway","default_image_id":0,"font":"","enabled":false},"version":2},"_wpas_customize_per_network":false},"categories":[201],"tags":[7805],"class_list":["post-160333","post","type-post","status-publish","format-standard","has-post-thumbnail","hentry","category-lujan-2","tag-cultura","generate-columns","tablet-grid-50","mobile-grid-100","grid-parent","grid-50"],"jetpack_publicize_connections":[],"jetpack_featured_media_url":"https:\/\/www.hoymercedes.com.ar\/principal\/wp-content\/uploads\/2023\/03\/800x400-.png","wps_subtitle":"","jetpack_sharing_enabled":true,"_links":{"self":[{"href":"https:\/\/www.hoymercedes.com.ar\/principal\/wp-json\/wp\/v2\/posts\/160333","targetHints":{"allow":["GET"]}}],"collection":[{"href":"https:\/\/www.hoymercedes.com.ar\/principal\/wp-json\/wp\/v2\/posts"}],"about":[{"href":"https:\/\/www.hoymercedes.com.ar\/principal\/wp-json\/wp\/v2\/types\/post"}],"author":[{"embeddable":true,"href":"https:\/\/www.hoymercedes.com.ar\/principal\/wp-json\/wp\/v2\/users\/1"}],"replies":[{"embeddable":true,"href":"https:\/\/www.hoymercedes.com.ar\/principal\/wp-json\/wp\/v2\/comments?post=160333"}],"version-history":[{"count":0,"href":"https:\/\/www.hoymercedes.com.ar\/principal\/wp-json\/wp\/v2\/posts\/160333\/revisions"}],"wp:featuredmedia":[{"embeddable":true,"href":"https:\/\/www.hoymercedes.com.ar\/principal\/wp-json\/wp\/v2\/media\/160274"}],"wp:attachment":[{"href":"https:\/\/www.hoymercedes.com.ar\/principal\/wp-json\/wp\/v2\/media?parent=160333"}],"wp:term":[{"taxonomy":"category","embeddable":true,"href":"https:\/\/www.hoymercedes.com.ar\/principal\/wp-json\/wp\/v2\/categories?post=160333"},{"taxonomy":"post_tag","embeddable":true,"href":"https:\/\/www.hoymercedes.com.ar\/principal\/wp-json\/wp\/v2\/tags?post=160333"}],"curies":[{"name":"wp","href":"https:\/\/api.w.org\/{rel}","templated":true}]}}