{"id":160339,"date":"2023-03-30T19:06:00","date_gmt":"2023-03-30T22:06:00","guid":{"rendered":"https:\/\/www.hoymercedes.com.ar\/principal\/?p=160339"},"modified":"2023-03-30T17:16:04","modified_gmt":"2023-03-30T20:16:04","slug":"calabozos-y-dragones-y-john-wick-en-el-cine-mercedes","status":"publish","type":"post","link":"https:\/\/www.hoymercedes.com.ar\/principal\/2023\/03\/30\/calabozos-y-dragones-y-john-wick-en-el-cine-mercedes\/","title":{"rendered":"Calabozos y Dragones y John Wick en el Cine Mercedes"},"content":{"rendered":"\n<p>Desde el viernes 31 de marzo y hasta el martes 4 de abril, el Cine Mercedes estar\u00e1 proyectando Calabozos y Dragones (funciones 17:45 hs) y John Wick 4 (funciones 20:30 hs)<\/p>\n\n\n<div class=\"wp-block-image\">\n<figure class=\"aligncenter size-full\"><img loading=\"lazy\" decoding=\"async\" width=\"661\" height=\"800\" data-attachment-id=\"160342\" data-permalink=\"https:\/\/www.hoymercedes.com.ar\/principal\/2023\/03\/30\/calabozos-y-dragones-y-john-wick-en-el-cine-mercedes\/gacetilla-cine-mercedes-23-2\/#main\" data-orig-file=\"https:\/\/www.hoymercedes.com.ar\/principal\/wp-content\/uploads\/2023\/03\/Gacetilla-Cine-Mercedes-23.jpg\" data-orig-size=\"661,800\" data-comments-opened=\"0\" data-image-meta=\"{&quot;aperture&quot;:&quot;0&quot;,&quot;credit&quot;:&quot;&quot;,&quot;camera&quot;:&quot;&quot;,&quot;caption&quot;:&quot;&quot;,&quot;created_timestamp&quot;:&quot;0&quot;,&quot;copyright&quot;:&quot;&quot;,&quot;focal_length&quot;:&quot;0&quot;,&quot;iso&quot;:&quot;0&quot;,&quot;shutter_speed&quot;:&quot;0&quot;,&quot;title&quot;:&quot;&quot;,&quot;orientation&quot;:&quot;1&quot;}\" data-image-title=\"Gacetilla Cine Mercedes (23)\" data-image-description=\"\" data-image-caption=\"\" data-large-file=\"https:\/\/www.hoymercedes.com.ar\/principal\/wp-content\/uploads\/2023\/03\/Gacetilla-Cine-Mercedes-23.jpg\" src=\"https:\/\/www.hoymercedes.com.ar\/principal\/wp-content\/uploads\/2023\/03\/Gacetilla-Cine-Mercedes-23.jpg\" alt=\"\" class=\"wp-image-160342\" srcset=\"https:\/\/www.hoymercedes.com.ar\/principal\/wp-content\/uploads\/2023\/03\/Gacetilla-Cine-Mercedes-23.jpg 661w, https:\/\/www.hoymercedes.com.ar\/principal\/wp-content\/uploads\/2023\/03\/Gacetilla-Cine-Mercedes-23-512x620.jpg 512w, https:\/\/www.hoymercedes.com.ar\/principal\/wp-content\/uploads\/2023\/03\/Gacetilla-Cine-Mercedes-23-124x150.jpg 124w\" sizes=\"auto, (max-width: 661px) 100vw, 661px\" \/><\/figure>\n<\/div>\n\n\n<p>Sinopsis \u00abCalabozos y Dragones\u00bb: Adaptaci\u00f3n cinematogr\u00e1fica del primer juego de rol de la historia, publicado por primera vez en 1974. Un ladr\u00f3n encantador y una banda de aventureros incre\u00edbles emprenden un atraco \u00e9pico para recuperar una reliquia perdida, pero las cosas salen rematadamente mal cuando se topan con las personas equivocadas.<\/p>\n\n\n\n<p>Sinopsis \u00abJhon Wick 4\u00bb: John Wick, legendario asesino retirado, vuelve de nuevo a la acci\u00f3n impulsado por una incontrolable b\u00fasqueda de venganza. Al tener que luchar contra asesinos sedientos de sangre que le persiguen, John tendr\u00e1 que llevar sus habilidades al l\u00edmite si quiere salir esta vez con vida.<\/p>\n","protected":false},"excerpt":{"rendered":"<p>Desde el viernes 31 de marzo y hasta el martes 4 de abril, el Cine Mercedes estar\u00e1 proyectando Calabozos y Dragones (funciones 17:45 hs) y John Wick 4 (funciones 20:30 hs)<\/p>\n","protected":false},"author":1,"featured_media":160340,"comment_status":"closed","ping_status":"open","sticky":false,"template":"","format":"standard","meta":{"_monsterinsights_skip_tracking":false,"_monsterinsights_sitenote_active":false,"_monsterinsights_sitenote_note":"","_monsterinsights_sitenote_category":0,"jetpack_post_was_ever_published":false,"_jetpack_newsletter_access":"","_jetpack_dont_email_post_to_subs":false,"_jetpack_newsletter_tier_id":0,"_jetpack_memberships_contains_paywalled_content":false,"_jetpack_memberships_contains_paid_content":false,"footnotes":"","jetpack_publicize_message":"","jetpack_publicize_feature_enabled":true,"jetpack_social_post_already_shared":true,"jetpack_social_options":{"image_generator_settings":{"template":"highway","default_image_id":0,"font":"","enabled":false},"version":2},"_wpas_customize_per_network":false},"categories":[104],"tags":[7805],"class_list":["post-160339","post","type-post","status-publish","format-standard","has-post-thumbnail","hentry","category-cultura","tag-cultura","generate-columns","tablet-grid-50","mobile-grid-100","grid-parent","grid-50"],"jetpack_publicize_connections":[],"jetpack_featured_media_url":"https:\/\/www.hoymercedes.com.ar\/principal\/wp-content\/uploads\/2023\/03\/calbozosydragones.jpg","wps_subtitle":"","jetpack_sharing_enabled":true,"_links":{"self":[{"href":"https:\/\/www.hoymercedes.com.ar\/principal\/wp-json\/wp\/v2\/posts\/160339","targetHints":{"allow":["GET"]}}],"collection":[{"href":"https:\/\/www.hoymercedes.com.ar\/principal\/wp-json\/wp\/v2\/posts"}],"about":[{"href":"https:\/\/www.hoymercedes.com.ar\/principal\/wp-json\/wp\/v2\/types\/post"}],"author":[{"embeddable":true,"href":"https:\/\/www.hoymercedes.com.ar\/principal\/wp-json\/wp\/v2\/users\/1"}],"replies":[{"embeddable":true,"href":"https:\/\/www.hoymercedes.com.ar\/principal\/wp-json\/wp\/v2\/comments?post=160339"}],"version-history":[{"count":0,"href":"https:\/\/www.hoymercedes.com.ar\/principal\/wp-json\/wp\/v2\/posts\/160339\/revisions"}],"wp:featuredmedia":[{"embeddable":true,"href":"https:\/\/www.hoymercedes.com.ar\/principal\/wp-json\/wp\/v2\/media\/160340"}],"wp:attachment":[{"href":"https:\/\/www.hoymercedes.com.ar\/principal\/wp-json\/wp\/v2\/media?parent=160339"}],"wp:term":[{"taxonomy":"category","embeddable":true,"href":"https:\/\/www.hoymercedes.com.ar\/principal\/wp-json\/wp\/v2\/categories?post=160339"},{"taxonomy":"post_tag","embeddable":true,"href":"https:\/\/www.hoymercedes.com.ar\/principal\/wp-json\/wp\/v2\/tags?post=160339"}],"curies":[{"name":"wp","href":"https:\/\/api.w.org\/{rel}","templated":true}]}}