{"id":160347,"date":"2023-03-30T20:00:00","date_gmt":"2023-03-30T23:00:00","guid":{"rendered":"https:\/\/www.hoymercedes.com.ar\/principal\/?p=160347"},"modified":"2023-03-30T18:49:07","modified_gmt":"2023-03-30T21:49:07","slug":"responsables-de-sigma-agro-son-llamados-a-indagatoria","status":"publish","type":"post","link":"https:\/\/www.hoymercedes.com.ar\/principal\/2023\/03\/30\/responsables-de-sigma-agro-son-llamados-a-indagatoria\/","title":{"rendered":"Responsables de  SIGMA Agro son llamados a indagatoria"},"content":{"rendered":"\n<p><strong>El Fiscal Luis Emilio Carcagno a cargo de la UFI nro. 6 de Mercedes cit\u00f3 a indagatoria a los responsables de Sigma Agro S. A., por el incendio, explosi\u00f3n y derrame de m\u00e1s de un mill\u00f3n de litros de agrot\u00f3xicos en la localidad de \u201cLa Verde\u201d ocurrido el 27 de septiembre de 2019.<\/strong><\/p>\n\n\n\n<p>El titular de la UIF N\u00b0 6 expres\u00f3 al tomar le decisi\u00f3n que: \u201cExisten en la presente investigaci\u00f3n elementos suficientes e indicios vehementes de la comisi\u00f3n, por parte de los se\u00f1ores Jer\u00f3nimo Araujo Muller y Gustavo Marcelo Ruffa, en su car\u00e1cter de presidente y apoderado legal respectivamente de la empresa Sigma Agro S.A., de los delitos que en este estad\u00edo de la investigaci\u00f3n corresponden ser calificados como \u00abInfracci\u00f3n al art. 55 en funci\u00f3n del 57 de la Ley de residuos peligrosos\u00bb.<\/p>\n\n\n\n<p>Las pruebas reunidas son contundentes y acreditan, tal como lo sostiene el Fiscal, que: \u201c\u2026la empresa Sigma Agro S.A. funcionaba ilegalmente produciendo distintos tipos de herbicidas y agroqu\u00edmicos hasta el d\u00eda en que el siniestro de marras ocurrido el 27 de septiembre de 2019 puso fin a su invisibilidad, quedando por tanto expuestas tanto sus irregularidades administrativas como las omisiones que derivaron en su correspondiente sanci\u00f3n, dispuesta por el O.P.D.S. en fecha 28\/05\/2022.\u201d.<\/p>\n\n\n\n<p>Con las pruebas aportadas en la causa el Fiscal pudo afirmar con respaldo que la empresa SIGMA Agro SA incumpli\u00f3 toda la normativa ambiental y con dicho incumplimiento impidi\u00f3 determinar con exactitud cada una de las sustancias contaminantes, la magnitud de la contaminaci\u00f3n en la extensi\u00f3n de suelo, recurso h\u00eddrico y\/o medio ambiente en general, el impacto en la salud p\u00fablica y la recomposici\u00f3n del da\u00f1o ambiental causado, es as\u00ed que en funci\u00f3n del riesgo causado a la salud de la poblaci\u00f3n y medio ambiente se les imputa a los empresarios responsables de SIGMA el delito de atentado a la salud p\u00fablica o infracci\u00f3n a la ley de residuos peligrosos.<\/p>\n\n\n\n<p>Si bien la decisi\u00f3n de llamar a indagatoria es bien recibida por las organizaciones y vecinos no dejan de reclamar las excesivas demoras en el tramite judicial, tambi\u00e9n reclaman que el llamado de indagatoria sea ampliado a los funcionarios provinciales y municipales que permitieron durante a\u00f1os a funcionar en el marco de ilegalidad que el Fiscal pudo comprobar. Una de las graves demoras se registra en el Juzgado Civil y Comercial Nro. 10 de Mercedes a cargo de la Dra. Cintia Soto donde la magistrada no resuelve las cuestiones planteadas en plazo razonable y no aplica al proceso judicial los mandatos que establece la ley ambiental.<\/p>\n\n\n\n<p>El avance de la causa penal contra los empresarios de SIGMA AGRO SA por el desastre socioambiental causado por el incendio, explosi\u00f3n y derrame masivo de sustancias t\u00f3xicas es un hecho positivo y necesario dado que los autores del delito investigado deben ser condenados por el grave da\u00f1o causado. Lamentablemente esa misma empresa protagoniz\u00f3 otro grave hecho ocurrido el 22 de febrero de 2023 en la autopista del Oeste, a la altura de Ituzaing\u00f3, donde se incendi\u00f3 un cami\u00f3n que transportaba Cletodim, sustancia muy t\u00f3xica, y cuyo contenido tambi\u00e9n se esparci\u00f3 en el ambiente, en ese nuevo hecho.Tambi\u00e9n se instruye una causa penal por los mismos delitos ya cometidos y la Organizaci\u00f3n de Ambientalistas Autoconvocados ya se present\u00f3 como querellante para impulsar esa investigaci\u00f3n penal. <\/p>\n\n\n\n<p>(Fuente: Representaci\u00f3n letrada de Vecinos Autoconvocados)<\/p>\n\n\n\n<figure class=\"wp-block-table\"><table><tbody><tr><td><\/td><\/tr><tr><td><br><br><br><br><\/td><\/tr><\/tbody><\/table><\/figure>\n","protected":false},"excerpt":{"rendered":"<p>El Fiscal Luis Emilio Carcagno a cargo de la UFI nro. 6 de Mercedes cit\u00f3 a indagatoria a los responsables de Sigma Agro S. A., por el incendio, explosi\u00f3n y derrame de m\u00e1s de un mill\u00f3n de litros de agrot\u00f3xicos en la localidad de \u201cLa Verde\u201d ocurrido el 27 de septiembre de 2019. (Foto de Archivo)<\/p>\n","protected":false},"author":1,"featured_media":100534,"comment_status":"closed","ping_status":"open","sticky":false,"template":"","format":"standard","meta":{"_monsterinsights_skip_tracking":false,"_monsterinsights_sitenote_active":false,"_monsterinsights_sitenote_note":"","_monsterinsights_sitenote_category":0,"jetpack_post_was_ever_published":false,"_jetpack_newsletter_access":"","_jetpack_dont_email_post_to_subs":false,"_jetpack_newsletter_tier_id":0,"_jetpack_memberships_contains_paywalled_content":false,"_jetpack_memberships_contains_paid_content":false,"footnotes":"","jetpack_publicize_message":"","jetpack_publicize_feature_enabled":true,"jetpack_social_post_already_shared":true,"jetpack_social_options":{"image_generator_settings":{"template":"highway","default_image_id":0,"font":"","enabled":false},"version":2},"_wpas_customize_per_network":false},"categories":[8],"tags":[],"class_list":["post-160347","post","type-post","status-publish","format-standard","has-post-thumbnail","hentry","category-sociedad","generate-columns","tablet-grid-50","mobile-grid-100","grid-parent","grid-50"],"jetpack_publicize_connections":[],"jetpack_featured_media_url":"https:\/\/www.hoymercedes.com.ar\/principal\/wp-content\/uploads\/2019\/09\/Incendio-La-Verde-1.jpeg","wps_subtitle":"","jetpack_sharing_enabled":true,"_links":{"self":[{"href":"https:\/\/www.hoymercedes.com.ar\/principal\/wp-json\/wp\/v2\/posts\/160347","targetHints":{"allow":["GET"]}}],"collection":[{"href":"https:\/\/www.hoymercedes.com.ar\/principal\/wp-json\/wp\/v2\/posts"}],"about":[{"href":"https:\/\/www.hoymercedes.com.ar\/principal\/wp-json\/wp\/v2\/types\/post"}],"author":[{"embeddable":true,"href":"https:\/\/www.hoymercedes.com.ar\/principal\/wp-json\/wp\/v2\/users\/1"}],"replies":[{"embeddable":true,"href":"https:\/\/www.hoymercedes.com.ar\/principal\/wp-json\/wp\/v2\/comments?post=160347"}],"version-history":[{"count":0,"href":"https:\/\/www.hoymercedes.com.ar\/principal\/wp-json\/wp\/v2\/posts\/160347\/revisions"}],"wp:featuredmedia":[{"embeddable":true,"href":"https:\/\/www.hoymercedes.com.ar\/principal\/wp-json\/wp\/v2\/media\/100534"}],"wp:attachment":[{"href":"https:\/\/www.hoymercedes.com.ar\/principal\/wp-json\/wp\/v2\/media?parent=160347"}],"wp:term":[{"taxonomy":"category","embeddable":true,"href":"https:\/\/www.hoymercedes.com.ar\/principal\/wp-json\/wp\/v2\/categories?post=160347"},{"taxonomy":"post_tag","embeddable":true,"href":"https:\/\/www.hoymercedes.com.ar\/principal\/wp-json\/wp\/v2\/tags?post=160347"}],"curies":[{"name":"wp","href":"https:\/\/api.w.org\/{rel}","templated":true}]}}