{"id":16042,"date":"2012-09-12T03:55:59","date_gmt":"2012-09-12T03:55:59","guid":{"rendered":"http:\/\/www.hoymercedes.com.ar\/principal\/?p=16042"},"modified":"2012-09-12T03:57:55","modified_gmt":"2012-09-12T03:57:55","slug":"espana-gestiona-creacion-de-juzgado-de-familia-para-mercedes","status":"publish","type":"post","link":"https:\/\/www.hoymercedes.com.ar\/principal\/2012\/09\/12\/espana-gestiona-creacion-de-juzgado-de-familia-para-mercedes\/","title":{"rendered":"Espa\u00f1a gestiona creaci\u00f3n de juzgado de familia para Mercedes"},"content":{"rendered":"<p>El proyecto de ley para crear un nuevo juzgado de familia en el Departamento Judicial de Mercedes podr\u00eda ser tratado y aprobado sobre tablas en la sesi\u00f3n de este jueves. El diputado Alberto Espa\u00f1a inform\u00f3 que est\u00e1 en tratativas con los bloques opositores a fin de lograr el tratamiento y la aprobaci\u00f3n de la norma que crea otro Juzgado de Familia. \u201cSabemos que este tema es importante no solo para los habitantes de la ciudad sino para todo el Departamento Judicial. Las estad\u00edsticas son claras y marcan la necesidad inmediata de crear otro juzgado\u201d, explic\u00f3 el diputado mercedino. Con la aprobaci\u00f3n en la c\u00e1mara baja, se convertir\u00eda en ley la iniciativa.<\/p>\n<p>Vale recordar que el pasado 16 de agosto en la Honorable C\u00e1mara de Senadores de la Provincia de Buenos Aires se trat\u00f3 sobre tablas el Proyecto, el cual recibi\u00f3 la media sanci\u00f3n que se pretend\u00eda.<\/p>\n<p>Para ello se tom\u00f3 en cuenta que seg\u00fan inform\u00f3 la Secretar\u00eda de Planificaci\u00f3n de la Suprema Corte de Justicia de la Provincia de Buenos, las causas ingresadas en el a\u00f1o 2009 al Juzgado de Familia del Departamento Judicial de Mercedes fueron 2.933, superando con ello en m\u00e1s de 1.000 causas anuales a cualquier otro Juzgado de Familia de la provincia de Buenos Aires,cifras estas que se vienen repitiendo todos los a\u00f1os. Es por ello que el \u00fanico Juzgado de Familia de Mercedes se encuentra muy complicado en su accionar debido a este n\u00famero de causas, a lo cual se suma el hecho de tener bajo su competencia una materia de alta sensibilidad y urgencia social (en la mayor\u00eda de los casos hay menores), y a\u00fan de alta conflictividad, lo que complica a\u00fan m\u00e1s la situaci\u00f3n.<\/p>\n<p>\u201cEsto lo han entendido los diputados del bloque y lo est\u00e1n comprendiendo los legisladores de la oposici\u00f3n, as\u00ed que es muy posible que este jueves tenga tratamiento sobre tablas y se apruebe esta iniciativa\u201d enfatiz\u00f3 Espa\u00f1a quien sostuvo la importancia de que en un tema tan sensible como son los derechos del ni\u00f1o, la justicia llegue r\u00e1pidamente a tomar decisiones.<\/p>\n","protected":false},"excerpt":{"rendered":"<p>El proyecto de ley para crear un nuevo juzgado de familia en el Departamento Judicial de Mercedes podr\u00eda ser tratado &#8230; <a title=\"Espa\u00f1a gestiona creaci\u00f3n de juzgado de familia para Mercedes\" class=\"read-more\" href=\"https:\/\/www.hoymercedes.com.ar\/principal\/2012\/09\/12\/espana-gestiona-creacion-de-juzgado-de-familia-para-mercedes\/\" aria-label=\"Leer m\u00e1s sobre Espa\u00f1a gestiona creaci\u00f3n de juzgado de familia para Mercedes\">Leer m\u00e1s<\/a><\/p>\n","protected":false},"author":1,"featured_media":0,"comment_status":"open","ping_status":"open","sticky":false,"template":"","format":"standard","meta":{"_monsterinsights_skip_tracking":false,"_monsterinsights_sitenote_active":false,"_monsterinsights_sitenote_note":"","_monsterinsights_sitenote_category":0,"jetpack_post_was_ever_published":false,"_jetpack_newsletter_access":"","_jetpack_dont_email_post_to_subs":false,"_jetpack_newsletter_tier_id":0,"_jetpack_memberships_contains_paywalled_content":false,"_jetpack_memberships_contains_paid_content":false,"footnotes":"","jetpack_publicize_message":"","jetpack_publicize_feature_enabled":true,"jetpack_social_post_already_shared":false,"jetpack_social_options":{"image_generator_settings":{"template":"highway","default_image_id":0,"font":"","enabled":false},"version":2},"_wpas_customize_per_network":false},"categories":[5],"tags":[2687,1204,2726],"class_list":["post-16042","post","type-post","status-publish","format-standard","hentry","category-politica","tag-alberto-espana","tag-cucho-espana","tag-dipiutado-alberto-espana","generate-columns","tablet-grid-50","mobile-grid-100","grid-parent","grid-50"],"jetpack_publicize_connections":[],"jetpack_featured_media_url":"","wps_subtitle":"","jetpack_sharing_enabled":true,"_links":{"self":[{"href":"https:\/\/www.hoymercedes.com.ar\/principal\/wp-json\/wp\/v2\/posts\/16042","targetHints":{"allow":["GET"]}}],"collection":[{"href":"https:\/\/www.hoymercedes.com.ar\/principal\/wp-json\/wp\/v2\/posts"}],"about":[{"href":"https:\/\/www.hoymercedes.com.ar\/principal\/wp-json\/wp\/v2\/types\/post"}],"author":[{"embeddable":true,"href":"https:\/\/www.hoymercedes.com.ar\/principal\/wp-json\/wp\/v2\/users\/1"}],"replies":[{"embeddable":true,"href":"https:\/\/www.hoymercedes.com.ar\/principal\/wp-json\/wp\/v2\/comments?post=16042"}],"version-history":[{"count":0,"href":"https:\/\/www.hoymercedes.com.ar\/principal\/wp-json\/wp\/v2\/posts\/16042\/revisions"}],"wp:attachment":[{"href":"https:\/\/www.hoymercedes.com.ar\/principal\/wp-json\/wp\/v2\/media?parent=16042"}],"wp:term":[{"taxonomy":"category","embeddable":true,"href":"https:\/\/www.hoymercedes.com.ar\/principal\/wp-json\/wp\/v2\/categories?post=16042"},{"taxonomy":"post_tag","embeddable":true,"href":"https:\/\/www.hoymercedes.com.ar\/principal\/wp-json\/wp\/v2\/tags?post=16042"}],"curies":[{"name":"wp","href":"https:\/\/api.w.org\/{rel}","templated":true}]}}