{"id":160431,"date":"2023-04-02T13:30:00","date_gmt":"2023-04-02T16:30:00","guid":{"rendered":"https:\/\/www.hoymercedes.com.ar\/principal\/?p=160431"},"modified":"2023-04-02T13:11:37","modified_gmt":"2023-04-02T16:11:37","slug":"gran-asistencia-en-la-vigilia-por-malvinas","status":"publish","type":"post","link":"https:\/\/www.hoymercedes.com.ar\/principal\/2023\/04\/02\/gran-asistencia-en-la-vigilia-por-malvinas\/","title":{"rendered":"Gran asistencia en la Vigilia por Malvinas"},"content":{"rendered":"\n<figure class=\"wp-block-image size-large\"><img loading=\"lazy\" decoding=\"async\" width=\"1024\" height=\"684\" data-attachment-id=\"160432\" data-permalink=\"https:\/\/www.hoymercedes.com.ar\/principal\/2023\/04\/02\/gran-asistencia-en-la-vigilia-por-malvinas\/mhm_8843\/#main\" data-orig-file=\"https:\/\/www.hoymercedes.com.ar\/principal\/wp-content\/uploads\/2023\/04\/MHM_8843.jpg\" data-orig-size=\"1316,879\" data-comments-opened=\"0\" data-image-meta=\"{&quot;aperture&quot;:&quot;0&quot;,&quot;credit&quot;:&quot;&quot;,&quot;camera&quot;:&quot;&quot;,&quot;caption&quot;:&quot;&quot;,&quot;created_timestamp&quot;:&quot;0&quot;,&quot;copyright&quot;:&quot;&quot;,&quot;focal_length&quot;:&quot;0&quot;,&quot;iso&quot;:&quot;0&quot;,&quot;shutter_speed&quot;:&quot;0&quot;,&quot;title&quot;:&quot;&quot;,&quot;orientation&quot;:&quot;0&quot;}\" data-image-title=\"MHM_8843\" data-image-description=\"\" data-image-caption=\"\" data-large-file=\"https:\/\/www.hoymercedes.com.ar\/principal\/wp-content\/uploads\/2023\/04\/MHM_8843-1024x684.jpg\" src=\"https:\/\/www.hoymercedes.com.ar\/principal\/wp-content\/uploads\/2023\/04\/MHM_8843-1024x684.jpg\" alt=\"\" class=\"wp-image-160432\" srcset=\"https:\/\/www.hoymercedes.com.ar\/principal\/wp-content\/uploads\/2023\/04\/MHM_8843-1024x684.jpg 1024w, https:\/\/www.hoymercedes.com.ar\/principal\/wp-content\/uploads\/2023\/04\/MHM_8843-630x421.jpg 630w, https:\/\/www.hoymercedes.com.ar\/principal\/wp-content\/uploads\/2023\/04\/MHM_8843-150x100.jpg 150w, https:\/\/www.hoymercedes.com.ar\/principal\/wp-content\/uploads\/2023\/04\/MHM_8843.jpg 1316w\" sizes=\"auto, (max-width: 1024px) 100vw, 1024px\" \/><\/figure>\n\n\n\n<p>Se vivi\u00f3 una nueva y asistida vigilia por Malvinas en La Trocha. Convocados por el <strong>Centro de Veteranos de Mercedes<\/strong>. Hubo reconocimientos, bandas en vivo, cantina solidaria y un emotivo momento a la medianoche con el canto del Himno Nacional Argentino por parte de los presentes.<\/p>\n\n\n\n<p>La noche fue una vez m\u00e1s un <strong>\u00e9xito de convocatoria y acompa\u00f1amiento<\/strong> para nuestros <strong>h\u00e9roes locales.<\/strong><\/p>\n\n\n\n<p>Estuvieron presentes el ballet Municipal, Daniela Bertaina, Ra\u00edces Mercedinas, Los L\u00f3pez Heredia, Ivana Cestari y Grupo Suyai, siendo un momento destacable el canto del himno a medianoche.<\/p>\n\n\n\n<figure class=\"wp-block-image size-large\"><img loading=\"lazy\" decoding=\"async\" width=\"1024\" height=\"684\" data-attachment-id=\"160433\" data-permalink=\"https:\/\/www.hoymercedes.com.ar\/principal\/2023\/04\/02\/gran-asistencia-en-la-vigilia-por-malvinas\/mhm_8628\/#main\" data-orig-file=\"https:\/\/www.hoymercedes.com.ar\/principal\/wp-content\/uploads\/2023\/04\/MHM_8628.jpg\" data-orig-size=\"1316,879\" data-comments-opened=\"0\" data-image-meta=\"{&quot;aperture&quot;:&quot;0&quot;,&quot;credit&quot;:&quot;&quot;,&quot;camera&quot;:&quot;&quot;,&quot;caption&quot;:&quot;&quot;,&quot;created_timestamp&quot;:&quot;0&quot;,&quot;copyright&quot;:&quot;&quot;,&quot;focal_length&quot;:&quot;0&quot;,&quot;iso&quot;:&quot;0&quot;,&quot;shutter_speed&quot;:&quot;0&quot;,&quot;title&quot;:&quot;&quot;,&quot;orientation&quot;:&quot;0&quot;}\" data-image-title=\"MHM_8628\" data-image-description=\"\" data-image-caption=\"\" data-large-file=\"https:\/\/www.hoymercedes.com.ar\/principal\/wp-content\/uploads\/2023\/04\/MHM_8628-1024x684.jpg\" src=\"https:\/\/www.hoymercedes.com.ar\/principal\/wp-content\/uploads\/2023\/04\/MHM_8628-1024x684.jpg\" alt=\"\" class=\"wp-image-160433\" srcset=\"https:\/\/www.hoymercedes.com.ar\/principal\/wp-content\/uploads\/2023\/04\/MHM_8628-1024x684.jpg 1024w, https:\/\/www.hoymercedes.com.ar\/principal\/wp-content\/uploads\/2023\/04\/MHM_8628-630x421.jpg 630w, https:\/\/www.hoymercedes.com.ar\/principal\/wp-content\/uploads\/2023\/04\/MHM_8628-150x100.jpg 150w, https:\/\/www.hoymercedes.com.ar\/principal\/wp-content\/uploads\/2023\/04\/MHM_8628.jpg 1316w\" sizes=\"auto, (max-width: 1024px) 100vw, 1024px\" \/><\/figure>\n\n\n\n<p><strong>Roberto Est\u00e9vez<\/strong> record\u00f3 que \u00abla hicimos por primera vez en el 2019, tuvo una pausa por la pandemia y fue retomada el a\u00f1o pasado\u201d y a\u00f1adi\u00f3 \u201cLos Amigos Pe\u00f1eros nos plantearon esta iniciativa, fuimos a hablar con el intendente Ustarroz qui\u00e9n nos escuch\u00f3 y nos apoy\u00f3 para que esto siga a trav\u00e9s de los a\u00f1os\u201d.<\/p>\n\n\n\n<p>Tambi\u00e9n, desde el Centro de Veteranos, agradecieron \u00aba cada uno de los presentes, a quienes colaboran para que sea posible este encuentro tan importante y significativo para nosotros\u00bb afirmaron los veteranos, siempre recordando a cada uno de los ca\u00eddos en nuestra ciudad en la guerra.<\/p>\n\n\n\n<figure class=\"wp-block-image size-large\"><img loading=\"lazy\" decoding=\"async\" width=\"1024\" height=\"684\" data-attachment-id=\"160434\" data-permalink=\"https:\/\/www.hoymercedes.com.ar\/principal\/2023\/04\/02\/gran-asistencia-en-la-vigilia-por-malvinas\/mhm_8781\/#main\" data-orig-file=\"https:\/\/www.hoymercedes.com.ar\/principal\/wp-content\/uploads\/2023\/04\/MHM_8781.jpg\" data-orig-size=\"1316,879\" data-comments-opened=\"0\" data-image-meta=\"{&quot;aperture&quot;:&quot;0&quot;,&quot;credit&quot;:&quot;&quot;,&quot;camera&quot;:&quot;&quot;,&quot;caption&quot;:&quot;&quot;,&quot;created_timestamp&quot;:&quot;0&quot;,&quot;copyright&quot;:&quot;&quot;,&quot;focal_length&quot;:&quot;0&quot;,&quot;iso&quot;:&quot;0&quot;,&quot;shutter_speed&quot;:&quot;0&quot;,&quot;title&quot;:&quot;&quot;,&quot;orientation&quot;:&quot;0&quot;}\" data-image-title=\"MHM_8781\" data-image-description=\"\" data-image-caption=\"\" data-large-file=\"https:\/\/www.hoymercedes.com.ar\/principal\/wp-content\/uploads\/2023\/04\/MHM_8781-1024x684.jpg\" src=\"https:\/\/www.hoymercedes.com.ar\/principal\/wp-content\/uploads\/2023\/04\/MHM_8781-1024x684.jpg\" alt=\"\" class=\"wp-image-160434\" srcset=\"https:\/\/www.hoymercedes.com.ar\/principal\/wp-content\/uploads\/2023\/04\/MHM_8781-1024x684.jpg 1024w, https:\/\/www.hoymercedes.com.ar\/principal\/wp-content\/uploads\/2023\/04\/MHM_8781-630x421.jpg 630w, https:\/\/www.hoymercedes.com.ar\/principal\/wp-content\/uploads\/2023\/04\/MHM_8781-150x100.jpg 150w, https:\/\/www.hoymercedes.com.ar\/principal\/wp-content\/uploads\/2023\/04\/MHM_8781.jpg 1316w\" sizes=\"auto, (max-width: 1024px) 100vw, 1024px\" \/><\/figure>\n\n\n\n<p>El <strong>intendente Juan I Ustarroz<\/strong> agradeci\u00f3 a los \u00abamigos pe\u00f1eros por la iniciativa\u00bb y retom\u00f3 las palabras de los veteranos recordando a las familias y ca\u00eddos destacando que \u00ab<strong>siempre tenemos que hacer memoria\u00bb<\/strong> subrayando \u00aba ellos, que tienen una cruz muy pesada manteniendo tambi\u00e9n la memoria viva, sus historias, para que como pueblo las tengamos presentes\u201d reafirmando que \u201clas Malvinas son y ser\u00e1n argentinas\u201d<\/p>\n\n\n\n<figure class=\"wp-block-image size-large\"><img loading=\"lazy\" decoding=\"async\" width=\"1024\" height=\"684\" data-attachment-id=\"160435\" data-permalink=\"https:\/\/www.hoymercedes.com.ar\/principal\/2023\/04\/02\/gran-asistencia-en-la-vigilia-por-malvinas\/mhm_8775\/#main\" data-orig-file=\"https:\/\/www.hoymercedes.com.ar\/principal\/wp-content\/uploads\/2023\/04\/MHM_8775.jpg\" data-orig-size=\"1316,879\" data-comments-opened=\"0\" data-image-meta=\"{&quot;aperture&quot;:&quot;0&quot;,&quot;credit&quot;:&quot;&quot;,&quot;camera&quot;:&quot;&quot;,&quot;caption&quot;:&quot;&quot;,&quot;created_timestamp&quot;:&quot;0&quot;,&quot;copyright&quot;:&quot;&quot;,&quot;focal_length&quot;:&quot;0&quot;,&quot;iso&quot;:&quot;0&quot;,&quot;shutter_speed&quot;:&quot;0&quot;,&quot;title&quot;:&quot;&quot;,&quot;orientation&quot;:&quot;0&quot;}\" data-image-title=\"MHM_8775\" data-image-description=\"\" data-image-caption=\"\" data-large-file=\"https:\/\/www.hoymercedes.com.ar\/principal\/wp-content\/uploads\/2023\/04\/MHM_8775-1024x684.jpg\" src=\"https:\/\/www.hoymercedes.com.ar\/principal\/wp-content\/uploads\/2023\/04\/MHM_8775-1024x684.jpg\" alt=\"\" class=\"wp-image-160435\" srcset=\"https:\/\/www.hoymercedes.com.ar\/principal\/wp-content\/uploads\/2023\/04\/MHM_8775-1024x684.jpg 1024w, https:\/\/www.hoymercedes.com.ar\/principal\/wp-content\/uploads\/2023\/04\/MHM_8775-630x421.jpg 630w, https:\/\/www.hoymercedes.com.ar\/principal\/wp-content\/uploads\/2023\/04\/MHM_8775-150x100.jpg 150w, https:\/\/www.hoymercedes.com.ar\/principal\/wp-content\/uploads\/2023\/04\/MHM_8775.jpg 1316w\" sizes=\"auto, (max-width: 1024px) 100vw, 1024px\" \/><\/figure>\n\n\n\n<p>La velada fue sumamente emotiva y cont\u00f3 con una gran asistencia de vecinos y vecinas en el Complejo Cultural La Trocha.<\/p>\n","protected":false},"excerpt":{"rendered":"<p>Se vivi\u00f3 una nueva y asistida vigilia por Malvinas en La Trocha. Convocados por el Centro de Veteranos de Mercedes. &#8230; <a title=\"Gran asistencia en la Vigilia por Malvinas\" class=\"read-more\" href=\"https:\/\/www.hoymercedes.com.ar\/principal\/2023\/04\/02\/gran-asistencia-en-la-vigilia-por-malvinas\/\" aria-label=\"Leer m\u00e1s sobre Gran asistencia en la Vigilia por Malvinas\">Leer m\u00e1s<\/a><\/p>\n","protected":false},"author":1,"featured_media":160435,"comment_status":"closed","ping_status":"open","sticky":false,"template":"","format":"standard","meta":{"_monsterinsights_skip_tracking":false,"_monsterinsights_sitenote_active":false,"_monsterinsights_sitenote_note":"","_monsterinsights_sitenote_category":0,"jetpack_post_was_ever_published":false,"_jetpack_newsletter_access":"","_jetpack_dont_email_post_to_subs":false,"_jetpack_newsletter_tier_id":0,"_jetpack_memberships_contains_paywalled_content":false,"_jetpack_memberships_contains_paid_content":false,"footnotes":"","jetpack_publicize_message":"","jetpack_publicize_feature_enabled":true,"jetpack_social_post_already_shared":true,"jetpack_social_options":{"image_generator_settings":{"template":"highway","default_image_id":0,"font":"","enabled":false},"version":2},"_wpas_customize_per_network":false},"categories":[8],"tags":[14753,18338],"class_list":["post-160431","post","type-post","status-publish","format-standard","has-post-thumbnail","hentry","category-sociedad","tag-centro-de-veteranos-de-malvinas","tag-vigilia-por-malvinas","generate-columns","tablet-grid-50","mobile-grid-100","grid-parent","grid-50"],"jetpack_publicize_connections":[],"jetpack_featured_media_url":"https:\/\/www.hoymercedes.com.ar\/principal\/wp-content\/uploads\/2023\/04\/MHM_8775.jpg","wps_subtitle":"","jetpack_sharing_enabled":true,"_links":{"self":[{"href":"https:\/\/www.hoymercedes.com.ar\/principal\/wp-json\/wp\/v2\/posts\/160431","targetHints":{"allow":["GET"]}}],"collection":[{"href":"https:\/\/www.hoymercedes.com.ar\/principal\/wp-json\/wp\/v2\/posts"}],"about":[{"href":"https:\/\/www.hoymercedes.com.ar\/principal\/wp-json\/wp\/v2\/types\/post"}],"author":[{"embeddable":true,"href":"https:\/\/www.hoymercedes.com.ar\/principal\/wp-json\/wp\/v2\/users\/1"}],"replies":[{"embeddable":true,"href":"https:\/\/www.hoymercedes.com.ar\/principal\/wp-json\/wp\/v2\/comments?post=160431"}],"version-history":[{"count":0,"href":"https:\/\/www.hoymercedes.com.ar\/principal\/wp-json\/wp\/v2\/posts\/160431\/revisions"}],"wp:featuredmedia":[{"embeddable":true,"href":"https:\/\/www.hoymercedes.com.ar\/principal\/wp-json\/wp\/v2\/media\/160435"}],"wp:attachment":[{"href":"https:\/\/www.hoymercedes.com.ar\/principal\/wp-json\/wp\/v2\/media?parent=160431"}],"wp:term":[{"taxonomy":"category","embeddable":true,"href":"https:\/\/www.hoymercedes.com.ar\/principal\/wp-json\/wp\/v2\/categories?post=160431"},{"taxonomy":"post_tag","embeddable":true,"href":"https:\/\/www.hoymercedes.com.ar\/principal\/wp-json\/wp\/v2\/tags?post=160431"}],"curies":[{"name":"wp","href":"https:\/\/api.w.org\/{rel}","templated":true}]}}