{"id":160438,"date":"2023-04-02T14:08:35","date_gmt":"2023-04-02T17:08:35","guid":{"rendered":"https:\/\/www.hoymercedes.com.ar\/principal\/?p=160438"},"modified":"2023-04-02T14:08:37","modified_gmt":"2023-04-02T17:08:37","slug":"vuelve-al-aire-de-la-88-1-por-el-buen-camino-a-partir-del-4-de-abril","status":"publish","type":"post","link":"https:\/\/www.hoymercedes.com.ar\/principal\/2023\/04\/02\/vuelve-al-aire-de-la-88-1-por-el-buen-camino-a-partir-del-4-de-abril\/","title":{"rendered":"Vuelve al aire de la 88.1 \u00abPor El Buen Camino\u00bb a partir del 4 de abril"},"content":{"rendered":"\n<p>El programa radial de inter\u00e9s general que se emite de lunes a viernes por UDPlay 88.1 FM Santa Mar\u00eda, comenzar\u00e1 el pr\u00f3ximo martes 4 de abril su octava temporada con algunas modificaciones que lo hacen\u00a0<em>\u201cparecido pero no igual\u201d<\/em>\u00a0dicen desde la producci\u00f3n. <\/p>\n\n\n\n<figure class=\"wp-block-image size-full\"><img loading=\"lazy\" decoding=\"async\" width=\"1014\" height=\"487\" data-attachment-id=\"160439\" data-permalink=\"https:\/\/www.hoymercedes.com.ar\/principal\/2023\/04\/02\/vuelve-al-aire-de-la-88-1-por-el-buen-camino-a-partir-del-4-de-abril\/whatsapp-image-2023-04-02-at-11-57-49-1014x487\/#main\" data-orig-file=\"https:\/\/www.hoymercedes.com.ar\/principal\/wp-content\/uploads\/2023\/04\/WhatsApp-Image-2023-04-02-at-11.57.49-1014x487-1.jpeg\" data-orig-size=\"1014,487\" data-comments-opened=\"0\" data-image-meta=\"{&quot;aperture&quot;:&quot;0&quot;,&quot;credit&quot;:&quot;&quot;,&quot;camera&quot;:&quot;&quot;,&quot;caption&quot;:&quot;&quot;,&quot;created_timestamp&quot;:&quot;0&quot;,&quot;copyright&quot;:&quot;&quot;,&quot;focal_length&quot;:&quot;0&quot;,&quot;iso&quot;:&quot;0&quot;,&quot;shutter_speed&quot;:&quot;0&quot;,&quot;title&quot;:&quot;&quot;,&quot;orientation&quot;:&quot;0&quot;}\" data-image-title=\"WhatsApp-Image-2023-04-02-at-11.57.49-1014&amp;#215;487\" data-image-description=\"\" data-image-caption=\"\" data-large-file=\"https:\/\/www.hoymercedes.com.ar\/principal\/wp-content\/uploads\/2023\/04\/WhatsApp-Image-2023-04-02-at-11.57.49-1014x487-1.jpeg\" src=\"https:\/\/www.hoymercedes.com.ar\/principal\/wp-content\/uploads\/2023\/04\/WhatsApp-Image-2023-04-02-at-11.57.49-1014x487-1.jpeg\" alt=\"\" class=\"wp-image-160439\" srcset=\"https:\/\/www.hoymercedes.com.ar\/principal\/wp-content\/uploads\/2023\/04\/WhatsApp-Image-2023-04-02-at-11.57.49-1014x487-1.jpeg 1014w, https:\/\/www.hoymercedes.com.ar\/principal\/wp-content\/uploads\/2023\/04\/WhatsApp-Image-2023-04-02-at-11.57.49-1014x487-1-630x303.jpeg 630w, https:\/\/www.hoymercedes.com.ar\/principal\/wp-content\/uploads\/2023\/04\/WhatsApp-Image-2023-04-02-at-11.57.49-1014x487-1-150x72.jpeg 150w\" sizes=\"auto, (max-width: 1014px) 100vw, 1014px\" \/><\/figure>\n\n\n\n<p>En primer lugar el programa ampliar\u00e1 su franja horaria y ahora cubrir\u00e1 toda la ma\u00f1ana de 8 a 12 con la conducci\u00f3n de&nbsp;<strong>Fernando Pachiani y Margarita Garau.<\/strong><\/p>\n\n\n\n<p>El programa ya era ameno, fresco y espont\u00e1neo con Fernando y ahora suma la simpat\u00eda, alegr\u00eda y simpleza de Margarita para transitar juntos por el buen camino con el aporte inestimable de destacad\u00edsimos columnistas invitados que abordan diferentes temas cada d\u00eda:<\/p>\n\n\n\n<p>Lunes: Actualidad econ\u00f3mica con el Dr. Marcelo Elizondo; Recomendaciones libreras con Aldana Perazzo, la tradicional columna literaria, y Hablemos de yoga con Jos\u00e9 Lofrano.<\/p>\n\n\n\n<p>Martes: La columna de Historia Argentina con Rub\u00e9n Pancho Lombardi y la de opini\u00f3n con la Agenda Abierta de H\u00e9ctor Espina.<\/p>\n\n\n\n<p>Mi\u00e9rcoles: Curiosidades de las artes con la artista pl\u00e1stica Ana de Oto, columna que se env\u00eda desde Valencia, Espa\u00f1a y la cl\u00e1sica columna de cine con Mar\u00eda del Carmen G\u00f3mez Carranza<\/p>\n\n\n\n<p>Jueves: Relatos con Mar\u00eda Luj\u00e1n Luna, la columna de ciencia con el Prof. Miguel Briones y la siempre esperada columna de actualidad pol\u00edtica a cargo del periodista Walter Anido.<\/p>\n\n\n\n<p>Viernes: PBC Tour un recorrido por ciudades del interior para conocer&nbsp; fiestas y realizaciones populares y &nbsp;Encuentro con la palabra, narraciones en la voz de Jorge Vilaltella.<\/p>\n\n\n\n<p>Y todos los d\u00edas la cobertura m\u00e1s amplia del deporte local y regional a trav\u00e9s de los informes del reconocido periodista deportivo Walter Altavista. Tambi\u00e9n este a\u00f1o se incorporar\u00e1 como columnista el Rector del Seminario Arquidiocesano Pbro. Lucas Jerez, director del \u00e1rea acad\u00e9mica.<\/p>\n\n\n\n<p>Adem\u00e1s en esta nueva temporada, la producci\u00f3n del programa tiene previsto volver con una secci\u00f3n que fue todo un \u00e9xito durante el 2020 y 2021, se trata de&nbsp;<strong>\u201cMercedinos por el mundo:<\/strong>&nbsp;entrevistas que reflejan distintas historias de vida, anhelos, sue\u00f1os de mercedinos que se radicaron hace muchos a\u00f1os en el interior del pa\u00eds o en el extranjero.<\/p>\n\n\n\n<p><strong>PBC&nbsp;<\/strong>vuelve con m\u00e1s horas, m\u00e1s compa\u00f1\u00eda, la mejor m\u00fasica y una nueva temporada que promete.<\/p>\n","protected":false},"excerpt":{"rendered":"<p>El programa radial de inter\u00e9s general que se emite de lunes a viernes por UDPlay 88.1 FM Santa Mar\u00eda, comenzar\u00e1 &#8230; <a title=\"Vuelve al aire de la 88.1 \u00abPor El Buen Camino\u00bb a partir del 4 de abril\" class=\"read-more\" href=\"https:\/\/www.hoymercedes.com.ar\/principal\/2023\/04\/02\/vuelve-al-aire-de-la-88-1-por-el-buen-camino-a-partir-del-4-de-abril\/\" aria-label=\"Leer m\u00e1s sobre Vuelve al aire de la 88.1 \u00abPor El Buen Camino\u00bb a partir del 4 de abril\">Leer m\u00e1s<\/a><\/p>\n","protected":false},"author":1,"featured_media":0,"comment_status":"closed","ping_status":"open","sticky":false,"template":"","format":"standard","meta":{"_monsterinsights_skip_tracking":false,"_monsterinsights_sitenote_active":false,"_monsterinsights_sitenote_note":"","_monsterinsights_sitenote_category":0,"jetpack_post_was_ever_published":false,"_jetpack_newsletter_access":"","_jetpack_dont_email_post_to_subs":false,"_jetpack_newsletter_tier_id":0,"_jetpack_memberships_contains_paywalled_content":false,"_jetpack_memberships_contains_paid_content":false,"footnotes":"","jetpack_publicize_message":"","jetpack_publicize_feature_enabled":true,"jetpack_social_post_already_shared":true,"jetpack_social_options":{"image_generator_settings":{"template":"highway","default_image_id":0,"font":"","enabled":false},"version":2},"_wpas_customize_per_network":false},"categories":[8],"tags":[],"class_list":["post-160438","post","type-post","status-publish","format-standard","hentry","category-sociedad","generate-columns","tablet-grid-50","mobile-grid-100","grid-parent","grid-50"],"jetpack_publicize_connections":[],"jetpack_featured_media_url":"","wps_subtitle":"","jetpack_sharing_enabled":true,"_links":{"self":[{"href":"https:\/\/www.hoymercedes.com.ar\/principal\/wp-json\/wp\/v2\/posts\/160438","targetHints":{"allow":["GET"]}}],"collection":[{"href":"https:\/\/www.hoymercedes.com.ar\/principal\/wp-json\/wp\/v2\/posts"}],"about":[{"href":"https:\/\/www.hoymercedes.com.ar\/principal\/wp-json\/wp\/v2\/types\/post"}],"author":[{"embeddable":true,"href":"https:\/\/www.hoymercedes.com.ar\/principal\/wp-json\/wp\/v2\/users\/1"}],"replies":[{"embeddable":true,"href":"https:\/\/www.hoymercedes.com.ar\/principal\/wp-json\/wp\/v2\/comments?post=160438"}],"version-history":[{"count":0,"href":"https:\/\/www.hoymercedes.com.ar\/principal\/wp-json\/wp\/v2\/posts\/160438\/revisions"}],"wp:attachment":[{"href":"https:\/\/www.hoymercedes.com.ar\/principal\/wp-json\/wp\/v2\/media?parent=160438"}],"wp:term":[{"taxonomy":"category","embeddable":true,"href":"https:\/\/www.hoymercedes.com.ar\/principal\/wp-json\/wp\/v2\/categories?post=160438"},{"taxonomy":"post_tag","embeddable":true,"href":"https:\/\/www.hoymercedes.com.ar\/principal\/wp-json\/wp\/v2\/tags?post=160438"}],"curies":[{"name":"wp","href":"https:\/\/api.w.org\/{rel}","templated":true}]}}