{"id":160446,"date":"2023-04-02T17:00:00","date_gmt":"2023-04-02T20:00:00","guid":{"rendered":"https:\/\/www.hoymercedes.com.ar\/principal\/?p=160446"},"modified":"2023-04-02T19:07:04","modified_gmt":"2023-04-02T22:07:04","slug":"se-realizo-con-gran-asistencia-el-acto-a-41o-anos-de-malvinas","status":"publish","type":"post","link":"https:\/\/www.hoymercedes.com.ar\/principal\/2023\/04\/02\/se-realizo-con-gran-asistencia-el-acto-a-41o-anos-de-malvinas\/","title":{"rendered":"Se realiz\u00f3 con gran asistencia el acto a 41\u00ba a\u00f1os de Malvinas"},"content":{"rendered":"\n<p>Frente al monumento a los Veteranos y Ca\u00eddos de Malvinas se llev\u00f3 a cabo muy concurrido acto por el 2 de abril. El Centro de Veteranos de Mercedes encabez\u00f3 el conmovedor y sentido encuentro de identidad nacional y memoria por el D\u00eda del Veterano y de los Ca\u00eddos en la guerra de Malvinas. Hubo una gran cantidad de abanderados educativos, instituciones, vecinos, vecinas y referentes sociales. Roberto Est\u00e9vez y Marcelo De Cunto fueron los oradores principales. El intendente Ustarroz tambi\u00e9n expres\u00f3 unas palabras alusivas.<\/p>\n\n\n\n<figure class=\"wp-block-image size-large\"><img loading=\"lazy\" decoding=\"async\" width=\"1024\" height=\"684\" data-attachment-id=\"160447\" data-permalink=\"https:\/\/www.hoymercedes.com.ar\/principal\/2023\/04\/02\/se-realizo-con-gran-asistencia-el-acto-a-41o-anos-de-malvinas\/mhm_9002\/#main\" data-orig-file=\"https:\/\/www.hoymercedes.com.ar\/principal\/wp-content\/uploads\/2023\/04\/MHM_9002.jpg\" data-orig-size=\"1316,879\" data-comments-opened=\"0\" data-image-meta=\"{&quot;aperture&quot;:&quot;0&quot;,&quot;credit&quot;:&quot;&quot;,&quot;camera&quot;:&quot;&quot;,&quot;caption&quot;:&quot;&quot;,&quot;created_timestamp&quot;:&quot;0&quot;,&quot;copyright&quot;:&quot;&quot;,&quot;focal_length&quot;:&quot;0&quot;,&quot;iso&quot;:&quot;0&quot;,&quot;shutter_speed&quot;:&quot;0&quot;,&quot;title&quot;:&quot;&quot;,&quot;orientation&quot;:&quot;0&quot;}\" data-image-title=\"MHM_9002\" data-image-description=\"\" data-image-caption=\"\" data-large-file=\"https:\/\/www.hoymercedes.com.ar\/principal\/wp-content\/uploads\/2023\/04\/MHM_9002-1024x684.jpg\" src=\"https:\/\/www.hoymercedes.com.ar\/principal\/wp-content\/uploads\/2023\/04\/MHM_9002-1024x684.jpg\" alt=\"\" class=\"wp-image-160447\" srcset=\"https:\/\/www.hoymercedes.com.ar\/principal\/wp-content\/uploads\/2023\/04\/MHM_9002-1024x684.jpg 1024w, https:\/\/www.hoymercedes.com.ar\/principal\/wp-content\/uploads\/2023\/04\/MHM_9002-630x421.jpg 630w, https:\/\/www.hoymercedes.com.ar\/principal\/wp-content\/uploads\/2023\/04\/MHM_9002-150x100.jpg 150w, https:\/\/www.hoymercedes.com.ar\/principal\/wp-content\/uploads\/2023\/04\/MHM_9002.jpg 1316w\" sizes=\"auto, (max-width: 1024px) 100vw, 1024px\" \/><\/figure>\n\n\n\n<p><strong>Marcelo De Cunto <\/strong>al tomar la palabra agradeci\u00f3 \u201ca cada uno de los presentes\u201d y destac\u00f3 que \u201ccada vez es m\u00e1s dif\u00edcil. A trav\u00e9s del intendente quiero agradecer a todas y todos los presentes y en especial a cada docente y alumnos. Nosotros hace 41 a\u00f1os que venimos peleando solos para que Malvinas no se olvida. Con el tiempo lo logramos. Hoy es un ejemplo. Hay much\u00edsima gente\u201d y \u201cpara que sea as\u00ed es necesario un apoyo del Estado. Ahora es impresionante como han cambiado en los colegios estas actividades. Es impresionante lo que saben los chicos y chicas de Malvinas. Quiero volver a felicitar a los docentes por ello\u201d remarc\u00f3 el ex veterano.<\/p>\n\n\n\n<p>Destac\u00f3 que \u201clos pibes de Malvinas son los 649 muertos que quedaron all\u00e1\u201d y dijo \u201cquiero nombras al soldado <strong>Luna y Balvidares<\/strong> que son mercedinos\u201d para recibir un amplio y cerrado aplauso de los presentes.<\/p>\n\n\n\n<figure class=\"wp-block-image size-large\"><img loading=\"lazy\" decoding=\"async\" width=\"1024\" height=\"684\" data-attachment-id=\"160450\" data-permalink=\"https:\/\/www.hoymercedes.com.ar\/principal\/2023\/04\/02\/se-realizo-con-gran-asistencia-el-acto-a-41o-anos-de-malvinas\/mhm_9276\/#main\" data-orig-file=\"https:\/\/www.hoymercedes.com.ar\/principal\/wp-content\/uploads\/2023\/04\/MHM_9276.jpg\" data-orig-size=\"1316,879\" data-comments-opened=\"0\" data-image-meta=\"{&quot;aperture&quot;:&quot;0&quot;,&quot;credit&quot;:&quot;&quot;,&quot;camera&quot;:&quot;&quot;,&quot;caption&quot;:&quot;&quot;,&quot;created_timestamp&quot;:&quot;0&quot;,&quot;copyright&quot;:&quot;&quot;,&quot;focal_length&quot;:&quot;0&quot;,&quot;iso&quot;:&quot;0&quot;,&quot;shutter_speed&quot;:&quot;0&quot;,&quot;title&quot;:&quot;&quot;,&quot;orientation&quot;:&quot;0&quot;}\" data-image-title=\"MHM_9276\" data-image-description=\"\" data-image-caption=\"\" data-large-file=\"https:\/\/www.hoymercedes.com.ar\/principal\/wp-content\/uploads\/2023\/04\/MHM_9276-1024x684.jpg\" src=\"https:\/\/www.hoymercedes.com.ar\/principal\/wp-content\/uploads\/2023\/04\/MHM_9276-1024x684.jpg\" alt=\"\" class=\"wp-image-160450\" srcset=\"https:\/\/www.hoymercedes.com.ar\/principal\/wp-content\/uploads\/2023\/04\/MHM_9276-1024x684.jpg 1024w, https:\/\/www.hoymercedes.com.ar\/principal\/wp-content\/uploads\/2023\/04\/MHM_9276-630x421.jpg 630w, https:\/\/www.hoymercedes.com.ar\/principal\/wp-content\/uploads\/2023\/04\/MHM_9276-150x100.jpg 150w, https:\/\/www.hoymercedes.com.ar\/principal\/wp-content\/uploads\/2023\/04\/MHM_9276.jpg 1316w\" sizes=\"auto, (max-width: 1024px) 100vw, 1024px\" \/><\/figure>\n\n\n\n<p>Mencion\u00f3 que \u201ceste a\u00f1o se cumplen 40 a\u00f1os de democracia. No nos olvidemos nunca de Malvinas, pero tambi\u00e9n peleemos por la democracia, que es fundamental para que un pa\u00eds crezca\u201d afirm\u00f3.<\/p>\n\n\n\n<p><strong>Vivir para siempre<\/strong><\/p>\n\n\n\n<p><strong>Roberto Est\u00e9vez <\/strong>recalc\u00f3 que \u201ctener en la memoria a los que estuvieron y quedaron all\u00e1, estando eternamente custodiando las islas, nuestro homenaje es para ellos, nuestros verdaderos h\u00e9roes a 41 a\u00f1os de la guerra\u201d y \u201cgracias intendentes por acompa\u00f1arnos, a cada colegio, a cada uno de los que siguen transmitiendo la historia\u201d coment\u00f3 y reiter\u00f3 la invitaci\u00f3n a visitar el Centro de los Veteranos, frente a terminal donde se dan charlas y visitas educativas y culturales.<\/p>\n\n\n\n<figure class=\"wp-block-image size-large\"><img loading=\"lazy\" decoding=\"async\" width=\"1024\" height=\"684\" data-attachment-id=\"160449\" data-permalink=\"https:\/\/www.hoymercedes.com.ar\/principal\/2023\/04\/02\/se-realizo-con-gran-asistencia-el-acto-a-41o-anos-de-malvinas\/mhm_9319\/#main\" data-orig-file=\"https:\/\/www.hoymercedes.com.ar\/principal\/wp-content\/uploads\/2023\/04\/MHM_9319.jpg\" data-orig-size=\"1316,879\" data-comments-opened=\"0\" data-image-meta=\"{&quot;aperture&quot;:&quot;0&quot;,&quot;credit&quot;:&quot;&quot;,&quot;camera&quot;:&quot;&quot;,&quot;caption&quot;:&quot;&quot;,&quot;created_timestamp&quot;:&quot;0&quot;,&quot;copyright&quot;:&quot;&quot;,&quot;focal_length&quot;:&quot;0&quot;,&quot;iso&quot;:&quot;0&quot;,&quot;shutter_speed&quot;:&quot;0&quot;,&quot;title&quot;:&quot;&quot;,&quot;orientation&quot;:&quot;0&quot;}\" data-image-title=\"MHM_9319\" data-image-description=\"\" data-image-caption=\"\" data-large-file=\"https:\/\/www.hoymercedes.com.ar\/principal\/wp-content\/uploads\/2023\/04\/MHM_9319-1024x684.jpg\" src=\"https:\/\/www.hoymercedes.com.ar\/principal\/wp-content\/uploads\/2023\/04\/MHM_9319-1024x684.jpg\" alt=\"\" class=\"wp-image-160449\" srcset=\"https:\/\/www.hoymercedes.com.ar\/principal\/wp-content\/uploads\/2023\/04\/MHM_9319-1024x684.jpg 1024w, https:\/\/www.hoymercedes.com.ar\/principal\/wp-content\/uploads\/2023\/04\/MHM_9319-630x421.jpg 630w, https:\/\/www.hoymercedes.com.ar\/principal\/wp-content\/uploads\/2023\/04\/MHM_9319-150x100.jpg 150w, https:\/\/www.hoymercedes.com.ar\/principal\/wp-content\/uploads\/2023\/04\/MHM_9319.jpg 1316w\" sizes=\"auto, (max-width: 1024px) 100vw, 1024px\" \/><\/figure>\n\n\n\n<p><strong>Memoria<\/strong><\/p>\n\n\n\n<p>El intendente <strong>Juan I. Ustarroz<\/strong> coment\u00f3 la nutrida asistencia y que \u201cuna de las madres dijo reci\u00e9n que siempre acompa\u00f1ar\u00e1 a su hijo y eso es uno de los sentimientos de los sentimientos m\u00e1s lindos\u201d y que \u201ceso es la memoria, volver a pasar por el coraz\u00f3n a personas, momentos\u201d.<\/p>\n\n\n\n<figure class=\"wp-block-image size-large\"><img loading=\"lazy\" decoding=\"async\" width=\"1024\" height=\"684\" data-attachment-id=\"160451\" data-permalink=\"https:\/\/www.hoymercedes.com.ar\/principal\/2023\/04\/02\/se-realizo-con-gran-asistencia-el-acto-a-41o-anos-de-malvinas\/mhm_9339\/#main\" data-orig-file=\"https:\/\/www.hoymercedes.com.ar\/principal\/wp-content\/uploads\/2023\/04\/MHM_9339.jpg\" data-orig-size=\"1316,879\" data-comments-opened=\"0\" data-image-meta=\"{&quot;aperture&quot;:&quot;0&quot;,&quot;credit&quot;:&quot;&quot;,&quot;camera&quot;:&quot;&quot;,&quot;caption&quot;:&quot;&quot;,&quot;created_timestamp&quot;:&quot;0&quot;,&quot;copyright&quot;:&quot;&quot;,&quot;focal_length&quot;:&quot;0&quot;,&quot;iso&quot;:&quot;0&quot;,&quot;shutter_speed&quot;:&quot;0&quot;,&quot;title&quot;:&quot;&quot;,&quot;orientation&quot;:&quot;0&quot;}\" data-image-title=\"MHM_9339\" data-image-description=\"\" data-image-caption=\"\" data-large-file=\"https:\/\/www.hoymercedes.com.ar\/principal\/wp-content\/uploads\/2023\/04\/MHM_9339-1024x684.jpg\" src=\"https:\/\/www.hoymercedes.com.ar\/principal\/wp-content\/uploads\/2023\/04\/MHM_9339-1024x684.jpg\" alt=\"\" class=\"wp-image-160451\" srcset=\"https:\/\/www.hoymercedes.com.ar\/principal\/wp-content\/uploads\/2023\/04\/MHM_9339-1024x684.jpg 1024w, https:\/\/www.hoymercedes.com.ar\/principal\/wp-content\/uploads\/2023\/04\/MHM_9339-630x421.jpg 630w, https:\/\/www.hoymercedes.com.ar\/principal\/wp-content\/uploads\/2023\/04\/MHM_9339-150x100.jpg 150w, https:\/\/www.hoymercedes.com.ar\/principal\/wp-content\/uploads\/2023\/04\/MHM_9339.jpg 1316w\" sizes=\"auto, (max-width: 1024px) 100vw, 1024px\" \/><\/figure>\n\n\n\n<p><strong>Soberan\u00eda<\/strong><\/p>\n\n\n\n<p>\u201cCuando hablamos de una guerra es trauma, dolor, sufrimiento. Y hoy estamos todos ac\u00e1 para abrazar al que fue a Malvinas, al familiar, a quienes est\u00e1n acompa\u00f1ando\u201d como as\u00ed tambi\u00e9n \u201creconociendo a todo el sistema educativo, a los j\u00f3venes, por es importante educar, conocer, comprender, qu\u00e9 fue y es Malvinas, conocerlos a ellos y la causa Malvinas que sea de unidad para nuestro pueblo\u201d, afirm\u00f3 el jefe comunal.<\/p>\n\n\n\n<p>Antes de finalizar destac\u00f3 que \u201clas Malvinas son argentinas, no son inglesas, nos la robaron y de eso no hay ninguna duda\u201d e invit\u00f3 a que \u201ca\u00f1os tras a\u00f1o debemos ser m\u00e1s, con m\u00e1s propuestas y encuentros porque a pesar del sufrimiento tenemos que estas m\u00e1s unidos que nunca\u201d.<\/p>\n\n\n\n<figure class=\"wp-block-image size-large\"><img loading=\"lazy\" decoding=\"async\" width=\"1024\" height=\"684\" data-attachment-id=\"160448\" data-permalink=\"https:\/\/www.hoymercedes.com.ar\/principal\/2023\/04\/02\/se-realizo-con-gran-asistencia-el-acto-a-41o-anos-de-malvinas\/mhm_9101\/#main\" data-orig-file=\"https:\/\/www.hoymercedes.com.ar\/principal\/wp-content\/uploads\/2023\/04\/MHM_9101.jpg\" data-orig-size=\"1316,879\" data-comments-opened=\"0\" data-image-meta=\"{&quot;aperture&quot;:&quot;0&quot;,&quot;credit&quot;:&quot;&quot;,&quot;camera&quot;:&quot;&quot;,&quot;caption&quot;:&quot;&quot;,&quot;created_timestamp&quot;:&quot;0&quot;,&quot;copyright&quot;:&quot;&quot;,&quot;focal_length&quot;:&quot;0&quot;,&quot;iso&quot;:&quot;0&quot;,&quot;shutter_speed&quot;:&quot;0&quot;,&quot;title&quot;:&quot;&quot;,&quot;orientation&quot;:&quot;0&quot;}\" data-image-title=\"MHM_9101\" data-image-description=\"\" data-image-caption=\"\" data-large-file=\"https:\/\/www.hoymercedes.com.ar\/principal\/wp-content\/uploads\/2023\/04\/MHM_9101-1024x684.jpg\" src=\"https:\/\/www.hoymercedes.com.ar\/principal\/wp-content\/uploads\/2023\/04\/MHM_9101-1024x684.jpg\" alt=\"\" class=\"wp-image-160448\" srcset=\"https:\/\/www.hoymercedes.com.ar\/principal\/wp-content\/uploads\/2023\/04\/MHM_9101-1024x684.jpg 1024w, https:\/\/www.hoymercedes.com.ar\/principal\/wp-content\/uploads\/2023\/04\/MHM_9101-630x421.jpg 630w, https:\/\/www.hoymercedes.com.ar\/principal\/wp-content\/uploads\/2023\/04\/MHM_9101-150x100.jpg 150w, https:\/\/www.hoymercedes.com.ar\/principal\/wp-content\/uploads\/2023\/04\/MHM_9101.jpg 1316w\" sizes=\"auto, (max-width: 1024px) 100vw, 1024px\" \/><\/figure>\n\n\n\n<p><strong>Acompa\u00f1amiento<\/strong><\/p>\n\n\n\n<p>Hubo un gran acompa\u00f1amiento y enorme cantidad de ofrendas florales colocadas en el monumento de 29 y 50, como pocas veces antes. Tambi\u00e9n se vivi\u00f3 una bendici\u00f3n a instancias del Padre Hern\u00e1n, de iglesia San Jos\u00e9.<\/p>\n\n\n\n<p>Info: MM\/Redes\/HM <\/p>\n\n\n\n<figure class=\"wp-block-embed is-type-video is-provider-youtube wp-block-embed-youtube wp-embed-aspect-16-9 wp-has-aspect-ratio\"><div class=\"wp-block-embed__wrapper\">\n<span class=\"embed-youtube\" style=\"text-align:center; display: block;\"><iframe loading=\"lazy\" class=\"youtube-player\" width=\"1200\" height=\"675\" src=\"https:\/\/www.youtube.com\/embed\/Fpov5cki4XQ?version=3&#038;rel=1&#038;showsearch=0&#038;showinfo=1&#038;iv_load_policy=1&#038;fs=1&#038;hl=es-ES&#038;autohide=2&#038;wmode=transparent\" allowfullscreen=\"true\" style=\"border:0;\" sandbox=\"allow-scripts allow-same-origin allow-popups allow-presentation allow-popups-to-escape-sandbox\"><\/iframe><\/span>\n<\/div><\/figure>\n","protected":false},"excerpt":{"rendered":"<p>Frente al monumento a los Veteranos y Ca\u00eddos de Malvinas se llev\u00f3 a cabo muy concurrido acto por el 2 &#8230; <a title=\"Se realiz\u00f3 con gran asistencia el acto a 41\u00ba a\u00f1os de Malvinas\" class=\"read-more\" href=\"https:\/\/www.hoymercedes.com.ar\/principal\/2023\/04\/02\/se-realizo-con-gran-asistencia-el-acto-a-41o-anos-de-malvinas\/\" aria-label=\"Leer m\u00e1s sobre Se realiz\u00f3 con gran asistencia el acto a 41\u00ba a\u00f1os de Malvinas\">Leer m\u00e1s<\/a><\/p>\n","protected":false},"author":1,"featured_media":160444,"comment_status":"closed","ping_status":"open","sticky":false,"template":"","format":"standard","meta":{"_monsterinsights_skip_tracking":false,"_monsterinsights_sitenote_active":false,"_monsterinsights_sitenote_note":"","_monsterinsights_sitenote_category":0,"jetpack_post_was_ever_published":false,"_jetpack_newsletter_access":"","_jetpack_dont_email_post_to_subs":false,"_jetpack_newsletter_tier_id":0,"_jetpack_memberships_contains_paywalled_content":false,"_jetpack_memberships_contains_paid_content":false,"footnotes":"","jetpack_publicize_message":"","jetpack_publicize_feature_enabled":true,"jetpack_social_post_already_shared":true,"jetpack_social_options":{"image_generator_settings":{"template":"highway","default_image_id":0,"font":"","enabled":false},"version":2},"_wpas_customize_per_network":false},"categories":[8],"tags":[18707,18706,620,18708,18709,424],"class_list":["post-160446","post","type-post","status-publish","format-standard","has-post-thumbnail","hentry","category-sociedad","tag-41-anos-de-la-guerra-de-malvinas","tag-acto-por-malvinas","tag-malvinas-argentinas","tag-marcelo-de-cunto-veterano","tag-roberto-estevez-veterano","tag-ustarroz","generate-columns","tablet-grid-50","mobile-grid-100","grid-parent","grid-50"],"jetpack_publicize_connections":[],"jetpack_featured_media_url":"https:\/\/www.hoymercedes.com.ar\/principal\/wp-content\/uploads\/2023\/04\/MHM_9035.jpg","wps_subtitle":"Instituciones y memoria","jetpack_sharing_enabled":true,"_links":{"self":[{"href":"https:\/\/www.hoymercedes.com.ar\/principal\/wp-json\/wp\/v2\/posts\/160446","targetHints":{"allow":["GET"]}}],"collection":[{"href":"https:\/\/www.hoymercedes.com.ar\/principal\/wp-json\/wp\/v2\/posts"}],"about":[{"href":"https:\/\/www.hoymercedes.com.ar\/principal\/wp-json\/wp\/v2\/types\/post"}],"author":[{"embeddable":true,"href":"https:\/\/www.hoymercedes.com.ar\/principal\/wp-json\/wp\/v2\/users\/1"}],"replies":[{"embeddable":true,"href":"https:\/\/www.hoymercedes.com.ar\/principal\/wp-json\/wp\/v2\/comments?post=160446"}],"version-history":[{"count":0,"href":"https:\/\/www.hoymercedes.com.ar\/principal\/wp-json\/wp\/v2\/posts\/160446\/revisions"}],"wp:featuredmedia":[{"embeddable":true,"href":"https:\/\/www.hoymercedes.com.ar\/principal\/wp-json\/wp\/v2\/media\/160444"}],"wp:attachment":[{"href":"https:\/\/www.hoymercedes.com.ar\/principal\/wp-json\/wp\/v2\/media?parent=160446"}],"wp:term":[{"taxonomy":"category","embeddable":true,"href":"https:\/\/www.hoymercedes.com.ar\/principal\/wp-json\/wp\/v2\/categories?post=160446"},{"taxonomy":"post_tag","embeddable":true,"href":"https:\/\/www.hoymercedes.com.ar\/principal\/wp-json\/wp\/v2\/tags?post=160446"}],"curies":[{"name":"wp","href":"https:\/\/api.w.org\/{rel}","templated":true}]}}