{"id":160460,"date":"2023-04-02T21:30:00","date_gmt":"2023-04-03T00:30:00","guid":{"rendered":"https:\/\/www.hoymercedes.com.ar\/principal\/?p=160460"},"modified":"2023-04-02T21:52:48","modified_gmt":"2023-04-03T00:52:48","slug":"se-vivio-el-festival-todos-por-bomberos","status":"publish","type":"post","link":"https:\/\/www.hoymercedes.com.ar\/principal\/2023\/04\/02\/se-vivio-el-festival-todos-por-bomberos\/","title":{"rendered":"Se vivi\u00f3 el Festival Todos por Bomberos"},"content":{"rendered":"\n<figure class=\"wp-block-image size-large\"><img loading=\"lazy\" decoding=\"async\" width=\"1024\" height=\"682\" data-attachment-id=\"160461\" data-permalink=\"https:\/\/www.hoymercedes.com.ar\/principal\/2023\/04\/02\/se-vivio-el-festival-todos-por-bomberos\/dsc_1119\/#main\" data-orig-file=\"https:\/\/www.hoymercedes.com.ar\/principal\/wp-content\/uploads\/2023\/04\/DSC_1119.jpg\" data-orig-size=\"1319,879\" data-comments-opened=\"0\" data-image-meta=\"{&quot;aperture&quot;:&quot;0&quot;,&quot;credit&quot;:&quot;&quot;,&quot;camera&quot;:&quot;&quot;,&quot;caption&quot;:&quot;&quot;,&quot;created_timestamp&quot;:&quot;0&quot;,&quot;copyright&quot;:&quot;&quot;,&quot;focal_length&quot;:&quot;0&quot;,&quot;iso&quot;:&quot;0&quot;,&quot;shutter_speed&quot;:&quot;0&quot;,&quot;title&quot;:&quot;&quot;,&quot;orientation&quot;:&quot;0&quot;}\" data-image-title=\"DSC_1119\" data-image-description=\"\" data-image-caption=\"\" data-large-file=\"https:\/\/www.hoymercedes.com.ar\/principal\/wp-content\/uploads\/2023\/04\/DSC_1119-1024x682.jpg\" src=\"https:\/\/www.hoymercedes.com.ar\/principal\/wp-content\/uploads\/2023\/04\/DSC_1119-1024x682.jpg\" alt=\"\" class=\"wp-image-160461\" srcset=\"https:\/\/www.hoymercedes.com.ar\/principal\/wp-content\/uploads\/2023\/04\/DSC_1119-1024x682.jpg 1024w, https:\/\/www.hoymercedes.com.ar\/principal\/wp-content\/uploads\/2023\/04\/DSC_1119-630x420.jpg 630w, https:\/\/www.hoymercedes.com.ar\/principal\/wp-content\/uploads\/2023\/04\/DSC_1119-150x100.jpg 150w, https:\/\/www.hoymercedes.com.ar\/principal\/wp-content\/uploads\/2023\/04\/DSC_1119-700x465.jpg 700w, https:\/\/www.hoymercedes.com.ar\/principal\/wp-content\/uploads\/2023\/04\/DSC_1119.jpg 1319w\" sizes=\"auto, (max-width: 1024px) 100vw, 1024px\" \/><\/figure>\n\n\n\n<p>El Festival <strong>Todos Por Bomberos<\/strong> convoc\u00f3 un excelente marco de p\u00fablico, a pesar del clima, e importante apoyo a nuestro Cuerpo de Bomberos local. Fue en la Sociedad Rural. Hubo reconocimiento al Centro de Veteranos, shows en vivo, cantina solidaria y exposici\u00f3n.<\/p>\n\n\n\n<p>La Sociedad Rural y Bomberos entregaron Centro de Veteranos de Guerra un reconocimiento por la fecha tan significativa para nuestro pa\u00eds en el 41 aniversario de la gesta.<\/p>\n\n\n\n<p><strong>Mario Quaglia<\/strong>, jefe del cuerpo de bomberos, cont\u00f3 que \u201creconocemos a nuestros veteranos donde se juntaron las fechas de nuestro festival con este d\u00eda de Malvinas. Los llamamos y decidimos hacerlo y queremos contarlo porque desde el primer momento dijeron que sigui\u00e9ramos adelante\u201d mencion\u00f3 tras entregarle la placa para que expongan en su Casa Museo.<\/p>\n\n\n\n<figure class=\"wp-block-image size-large\"><img loading=\"lazy\" decoding=\"async\" width=\"1024\" height=\"682\" data-attachment-id=\"160462\" data-permalink=\"https:\/\/www.hoymercedes.com.ar\/principal\/2023\/04\/02\/se-vivio-el-festival-todos-por-bomberos\/dsc_1028\/#main\" data-orig-file=\"https:\/\/www.hoymercedes.com.ar\/principal\/wp-content\/uploads\/2023\/04\/DSC_1028.jpg\" data-orig-size=\"1319,879\" data-comments-opened=\"0\" data-image-meta=\"{&quot;aperture&quot;:&quot;0&quot;,&quot;credit&quot;:&quot;&quot;,&quot;camera&quot;:&quot;&quot;,&quot;caption&quot;:&quot;&quot;,&quot;created_timestamp&quot;:&quot;0&quot;,&quot;copyright&quot;:&quot;&quot;,&quot;focal_length&quot;:&quot;0&quot;,&quot;iso&quot;:&quot;0&quot;,&quot;shutter_speed&quot;:&quot;0&quot;,&quot;title&quot;:&quot;&quot;,&quot;orientation&quot;:&quot;0&quot;}\" data-image-title=\"DSC_1028\" data-image-description=\"\" data-image-caption=\"\" data-large-file=\"https:\/\/www.hoymercedes.com.ar\/principal\/wp-content\/uploads\/2023\/04\/DSC_1028-1024x682.jpg\" src=\"https:\/\/www.hoymercedes.com.ar\/principal\/wp-content\/uploads\/2023\/04\/DSC_1028-1024x682.jpg\" alt=\"\" class=\"wp-image-160462\" srcset=\"https:\/\/www.hoymercedes.com.ar\/principal\/wp-content\/uploads\/2023\/04\/DSC_1028-1024x682.jpg 1024w, https:\/\/www.hoymercedes.com.ar\/principal\/wp-content\/uploads\/2023\/04\/DSC_1028-630x420.jpg 630w, https:\/\/www.hoymercedes.com.ar\/principal\/wp-content\/uploads\/2023\/04\/DSC_1028-150x100.jpg 150w, https:\/\/www.hoymercedes.com.ar\/principal\/wp-content\/uploads\/2023\/04\/DSC_1028-700x465.jpg 700w, https:\/\/www.hoymercedes.com.ar\/principal\/wp-content\/uploads\/2023\/04\/DSC_1028.jpg 1319w\" sizes=\"auto, (max-width: 1024px) 100vw, 1024px\" \/><\/figure>\n\n\n\n<p>\u201cCreo firmemente en la relaci\u00f3n de las instituciones y eso es pilar para el fortalecimiento de la sociedad\u201d dijo Quaglia y destac\u00f3 \u201cgracias a todos\u201d.<\/p>\n\n\n\n<p>Por su parte <strong>Sergio Cestari,<\/strong> mencion\u00f3 que \u201cde todo coraz\u00f3n queremos agradecer. Gracias a quienes asistieron a esta fiesta de los bomberos\u201d y coment\u00f3 c\u00f3mo coordinaron con Bomberos para compartir esta fecha tan sentida y \u201cquer\u00edamos estar ac\u00e1 con ustedes. Muchas gracias\u201d y reiter\u00f3 \u201csiempre el homenaje es para los que no volvieron, que siguen en Malvinas. Gracias\u201d.<\/p>\n\n\n\n<p><strong>Leonardo Fabundez<\/strong> expres\u00f3 que \u201cHay un gran marco de p\u00fablico. Cuando pesaba en estos d\u00edas a quienes agradecer vimos que es imposible. Es mucha la gente que apoy\u00f3 este festival\u201d cont\u00f3 y dijo que \u201ccientos de personas han colaborado\u201d para destacar que \u201cmuchas instituciones participando, porque este evento se organiza desde la Rural y Bomberos, pero hay much\u00edsimas atr\u00e1s\u201d cont\u00f3. Antes de finalizar expres\u00f3 que \u201choy se vendi\u00f3 comida para m\u00e1s de 2000 personas, lo cual muestra tambi\u00e9n el \u00e9xito de la fiesta\u201d dijo narrando lo bien que les fue en las cantinas solidarias.<\/p>\n\n\n\n<figure class=\"wp-block-image size-large\"><img loading=\"lazy\" decoding=\"async\" width=\"1024\" height=\"682\" data-attachment-id=\"160463\" data-permalink=\"https:\/\/www.hoymercedes.com.ar\/principal\/2023\/04\/02\/se-vivio-el-festival-todos-por-bomberos\/dsc_1136\/#main\" data-orig-file=\"https:\/\/www.hoymercedes.com.ar\/principal\/wp-content\/uploads\/2023\/04\/DSC_1136.jpg\" data-orig-size=\"1319,879\" data-comments-opened=\"0\" data-image-meta=\"{&quot;aperture&quot;:&quot;0&quot;,&quot;credit&quot;:&quot;&quot;,&quot;camera&quot;:&quot;&quot;,&quot;caption&quot;:&quot;&quot;,&quot;created_timestamp&quot;:&quot;0&quot;,&quot;copyright&quot;:&quot;&quot;,&quot;focal_length&quot;:&quot;0&quot;,&quot;iso&quot;:&quot;0&quot;,&quot;shutter_speed&quot;:&quot;0&quot;,&quot;title&quot;:&quot;&quot;,&quot;orientation&quot;:&quot;0&quot;}\" data-image-title=\"DSC_1136\" data-image-description=\"\" data-image-caption=\"\" data-large-file=\"https:\/\/www.hoymercedes.com.ar\/principal\/wp-content\/uploads\/2023\/04\/DSC_1136-1024x682.jpg\" src=\"https:\/\/www.hoymercedes.com.ar\/principal\/wp-content\/uploads\/2023\/04\/DSC_1136-1024x682.jpg\" alt=\"\" class=\"wp-image-160463\" srcset=\"https:\/\/www.hoymercedes.com.ar\/principal\/wp-content\/uploads\/2023\/04\/DSC_1136-1024x682.jpg 1024w, https:\/\/www.hoymercedes.com.ar\/principal\/wp-content\/uploads\/2023\/04\/DSC_1136-630x420.jpg 630w, https:\/\/www.hoymercedes.com.ar\/principal\/wp-content\/uploads\/2023\/04\/DSC_1136-150x100.jpg 150w, https:\/\/www.hoymercedes.com.ar\/principal\/wp-content\/uploads\/2023\/04\/DSC_1136-700x465.jpg 700w, https:\/\/www.hoymercedes.com.ar\/principal\/wp-content\/uploads\/2023\/04\/DSC_1136.jpg 1319w\" sizes=\"auto, (max-width: 1024px) 100vw, 1024px\" \/><\/figure>\n\n\n\n<p>El intendente <strong>Juan I. Ustarroz<\/strong>, tambi\u00e9n invitado a expresar unas palabras, afirm\u00f3 que \u201cfelicitaciones y gracias bomberos por esta gran jornada\u201d y mencion\u00f3 \u201cla lluvia amenaz\u00f3, pero finalmente se vendi\u00f3 todo y vino much\u00edsima gente\u201d y pidi\u00f3 un aplauso \u201ca todos los que han trabajado tanto de manera solidaria. Gracias a como pueblo a nuestros bomberos, que d\u00eda a d\u00eda dan su vida para cuidarnos\u201d y remarc\u00f3 \u201cla excelente visi\u00f3n que tuvieron de vincular la fiesta con los veteranos, qu\u00e9 lindo es este encuentro familiar y un pueblo que abraza a nuestros veteranos y a nuestros bomberos\u201d y \u201ctambi\u00e9n felicitaciones a la Sociedad Rural por esta iniciativa\u201d.<\/p>\n\n\n\n<figure class=\"wp-block-image size-large\"><img loading=\"lazy\" decoding=\"async\" width=\"1024\" height=\"682\" data-attachment-id=\"160464\" data-permalink=\"https:\/\/www.hoymercedes.com.ar\/principal\/2023\/04\/02\/se-vivio-el-festival-todos-por-bomberos\/dsc_1088\/#main\" data-orig-file=\"https:\/\/www.hoymercedes.com.ar\/principal\/wp-content\/uploads\/2023\/04\/DSC_1088.jpg\" data-orig-size=\"1319,879\" data-comments-opened=\"0\" data-image-meta=\"{&quot;aperture&quot;:&quot;0&quot;,&quot;credit&quot;:&quot;&quot;,&quot;camera&quot;:&quot;&quot;,&quot;caption&quot;:&quot;&quot;,&quot;created_timestamp&quot;:&quot;0&quot;,&quot;copyright&quot;:&quot;&quot;,&quot;focal_length&quot;:&quot;0&quot;,&quot;iso&quot;:&quot;0&quot;,&quot;shutter_speed&quot;:&quot;0&quot;,&quot;title&quot;:&quot;&quot;,&quot;orientation&quot;:&quot;0&quot;}\" data-image-title=\"DSC_1088\" data-image-description=\"\" data-image-caption=\"\" data-large-file=\"https:\/\/www.hoymercedes.com.ar\/principal\/wp-content\/uploads\/2023\/04\/DSC_1088-1024x682.jpg\" src=\"https:\/\/www.hoymercedes.com.ar\/principal\/wp-content\/uploads\/2023\/04\/DSC_1088-1024x682.jpg\" alt=\"\" class=\"wp-image-160464\" srcset=\"https:\/\/www.hoymercedes.com.ar\/principal\/wp-content\/uploads\/2023\/04\/DSC_1088-1024x682.jpg 1024w, https:\/\/www.hoymercedes.com.ar\/principal\/wp-content\/uploads\/2023\/04\/DSC_1088-630x420.jpg 630w, https:\/\/www.hoymercedes.com.ar\/principal\/wp-content\/uploads\/2023\/04\/DSC_1088-150x100.jpg 150w, https:\/\/www.hoymercedes.com.ar\/principal\/wp-content\/uploads\/2023\/04\/DSC_1088-700x465.jpg 700w, https:\/\/www.hoymercedes.com.ar\/principal\/wp-content\/uploads\/2023\/04\/DSC_1088.jpg 1319w\" sizes=\"auto, (max-width: 1024px) 100vw, 1024px\" \/><\/figure>\n","protected":false},"excerpt":{"rendered":"<p>El Festival Todos Por Bomberos convoc\u00f3 un excelente marco de p\u00fablico, a pesar del clima, e importante apoyo a nuestro &#8230; <a title=\"Se vivi\u00f3 el Festival Todos por Bomberos\" class=\"read-more\" href=\"https:\/\/www.hoymercedes.com.ar\/principal\/2023\/04\/02\/se-vivio-el-festival-todos-por-bomberos\/\" aria-label=\"Leer m\u00e1s sobre Se vivi\u00f3 el Festival Todos por Bomberos\">Leer m\u00e1s<\/a><\/p>\n","protected":false},"author":1,"featured_media":160461,"comment_status":"closed","ping_status":"open","sticky":false,"template":"","format":"standard","meta":{"_monsterinsights_skip_tracking":false,"_monsterinsights_sitenote_active":false,"_monsterinsights_sitenote_note":"","_monsterinsights_sitenote_category":0,"jetpack_post_was_ever_published":false,"_jetpack_newsletter_access":"","_jetpack_dont_email_post_to_subs":false,"_jetpack_newsletter_tier_id":0,"_jetpack_memberships_contains_paywalled_content":false,"_jetpack_memberships_contains_paid_content":false,"footnotes":"","jetpack_publicize_message":"","jetpack_publicize_feature_enabled":true,"jetpack_social_post_already_shared":true,"jetpack_social_options":{"image_generator_settings":{"template":"highway","default_image_id":0,"font":"","enabled":false},"version":2},"_wpas_customize_per_network":false},"categories":[8],"tags":[865,3807,531,13502],"class_list":["post-160460","post","type-post","status-publish","format-standard","has-post-thumbnail","hentry","category-sociedad","tag-bomberos-voluntarios","tag-juan-ustarro","tag-sociedad-rural","tag-todos-por-bomberos","generate-columns","tablet-grid-50","mobile-grid-100","grid-parent","grid-50"],"jetpack_publicize_connections":[],"jetpack_featured_media_url":"https:\/\/www.hoymercedes.com.ar\/principal\/wp-content\/uploads\/2023\/04\/DSC_1119.jpg","wps_subtitle":"Solidaridad","jetpack_sharing_enabled":true,"_links":{"self":[{"href":"https:\/\/www.hoymercedes.com.ar\/principal\/wp-json\/wp\/v2\/posts\/160460","targetHints":{"allow":["GET"]}}],"collection":[{"href":"https:\/\/www.hoymercedes.com.ar\/principal\/wp-json\/wp\/v2\/posts"}],"about":[{"href":"https:\/\/www.hoymercedes.com.ar\/principal\/wp-json\/wp\/v2\/types\/post"}],"author":[{"embeddable":true,"href":"https:\/\/www.hoymercedes.com.ar\/principal\/wp-json\/wp\/v2\/users\/1"}],"replies":[{"embeddable":true,"href":"https:\/\/www.hoymercedes.com.ar\/principal\/wp-json\/wp\/v2\/comments?post=160460"}],"version-history":[{"count":0,"href":"https:\/\/www.hoymercedes.com.ar\/principal\/wp-json\/wp\/v2\/posts\/160460\/revisions"}],"wp:featuredmedia":[{"embeddable":true,"href":"https:\/\/www.hoymercedes.com.ar\/principal\/wp-json\/wp\/v2\/media\/160461"}],"wp:attachment":[{"href":"https:\/\/www.hoymercedes.com.ar\/principal\/wp-json\/wp\/v2\/media?parent=160460"}],"wp:term":[{"taxonomy":"category","embeddable":true,"href":"https:\/\/www.hoymercedes.com.ar\/principal\/wp-json\/wp\/v2\/categories?post=160460"},{"taxonomy":"post_tag","embeddable":true,"href":"https:\/\/www.hoymercedes.com.ar\/principal\/wp-json\/wp\/v2\/tags?post=160460"}],"curies":[{"name":"wp","href":"https:\/\/api.w.org\/{rel}","templated":true}]}}