{"id":160471,"date":"2023-04-03T09:37:45","date_gmt":"2023-04-03T12:37:45","guid":{"rendered":"https:\/\/www.hoymercedes.com.ar\/principal\/?p=160471"},"modified":"2023-04-03T09:43:23","modified_gmt":"2023-04-03T12:43:23","slug":"murales-en-homenaje-a-heroes-y-veteranos-de-malvinas","status":"publish","type":"post","link":"https:\/\/www.hoymercedes.com.ar\/principal\/2023\/04\/03\/murales-en-homenaje-a-heroes-y-veteranos-de-malvinas\/","title":{"rendered":"Blanco pint\u00f3 murales en homenaje a h\u00e9roes y veteranos de Malvinas"},"content":{"rendered":"\n<p>En el marco de los actos conmemorativos y de homenaje a los Veteranos y H\u00e9roes de la Guerra en Islas Malvinas, el artista pl\u00e1sticos mercedino Jorge Blanco realiz\u00f3 dos murales alusivos. Uno est\u00e1 en San Andr\u00e9s de Giles y el segundo, en Tom\u00e1s Jofr\u00e9 <\/p>\n\n\n\n<figure class=\"wp-block-image size-large is-resized\"><img loading=\"lazy\" decoding=\"async\" data-attachment-id=\"160476\" data-permalink=\"https:\/\/www.hoymercedes.com.ar\/principal\/2023\/04\/03\/murales-en-homenaje-a-heroes-y-veteranos-de-malvinas\/fb_img_1680525688403\/#main\" data-orig-file=\"https:\/\/www.hoymercedes.com.ar\/principal\/wp-content\/uploads\/2023\/04\/FB_IMG_1680525688403.jpg\" data-orig-size=\"1080,810\" data-comments-opened=\"0\" data-image-meta=\"{&quot;aperture&quot;:&quot;0&quot;,&quot;credit&quot;:&quot;&quot;,&quot;camera&quot;:&quot;&quot;,&quot;caption&quot;:&quot;&quot;,&quot;created_timestamp&quot;:&quot;0&quot;,&quot;copyright&quot;:&quot;&quot;,&quot;focal_length&quot;:&quot;0&quot;,&quot;iso&quot;:&quot;0&quot;,&quot;shutter_speed&quot;:&quot;0&quot;,&quot;title&quot;:&quot;&quot;,&quot;orientation&quot;:&quot;0&quot;}\" data-image-title=\"FB_IMG_1680525688403\" data-image-description=\"\" data-image-caption=\"\" data-large-file=\"https:\/\/www.hoymercedes.com.ar\/principal\/wp-content\/uploads\/2023\/04\/FB_IMG_1680525688403-1024x768.jpg\" src=\"https:\/\/www.hoymercedes.com.ar\/principal\/wp-content\/uploads\/2023\/04\/FB_IMG_1680525688403-1024x768.jpg\" alt=\"\" class=\"wp-image-160476\" width=\"219\" height=\"164\" srcset=\"https:\/\/www.hoymercedes.com.ar\/principal\/wp-content\/uploads\/2023\/04\/FB_IMG_1680525688403-1024x768.jpg 1024w, https:\/\/www.hoymercedes.com.ar\/principal\/wp-content\/uploads\/2023\/04\/FB_IMG_1680525688403-630x473.jpg 630w, https:\/\/www.hoymercedes.com.ar\/principal\/wp-content\/uploads\/2023\/04\/FB_IMG_1680525688403-150x113.jpg 150w, https:\/\/www.hoymercedes.com.ar\/principal\/wp-content\/uploads\/2023\/04\/FB_IMG_1680525688403.jpg 1080w\" sizes=\"auto, (max-width: 219px) 100vw, 219px\" \/><\/figure>\n\n\n\n<p>En el marco de la vigilia en San Andr\u00e9s de Giles, sobre una pared de una peque\u00f1a construcci\u00f3n de la plaza, el artista pl\u00e1stico&nbsp;Jorge Blanco pint\u00f3 un&nbsp;mural alusivo a Malvinas. Bautiz\u00f3 a su obra \u201cReivindicaci\u00f3n\u201d. <\/p>\n\n\n\n<p>El d\u00eda domingo se traslad\u00f3 a Tom\u00e1s Jofr\u00e9, y all\u00ed, invitado por la Direcci\u00f3n de Turismo, realiz\u00f3 un mural en el pueblo gastron\u00f3mico. <\/p>\n\n\n\n<figure class=\"wp-block-image size-large\"><img loading=\"lazy\" decoding=\"async\" width=\"1024\" height=\"928\" data-attachment-id=\"160472\" data-permalink=\"https:\/\/www.hoymercedes.com.ar\/principal\/2023\/04\/03\/murales-en-homenaje-a-heroes-y-veteranos-de-malvinas\/mural-en-jofre-2\/#main\" data-orig-file=\"https:\/\/www.hoymercedes.com.ar\/principal\/wp-content\/uploads\/2023\/04\/mural-en-jofre-2.jpg\" data-orig-size=\"1199,1087\" data-comments-opened=\"0\" data-image-meta=\"{&quot;aperture&quot;:&quot;0&quot;,&quot;credit&quot;:&quot;&quot;,&quot;camera&quot;:&quot;&quot;,&quot;caption&quot;:&quot;&quot;,&quot;created_timestamp&quot;:&quot;1680514164&quot;,&quot;copyright&quot;:&quot;&quot;,&quot;focal_length&quot;:&quot;0&quot;,&quot;iso&quot;:&quot;0&quot;,&quot;shutter_speed&quot;:&quot;0&quot;,&quot;title&quot;:&quot;&quot;,&quot;orientation&quot;:&quot;1&quot;}\" data-image-title=\"mural en jofre 2\" data-image-description=\"\" data-image-caption=\"\" data-large-file=\"https:\/\/www.hoymercedes.com.ar\/principal\/wp-content\/uploads\/2023\/04\/mural-en-jofre-2-1024x928.jpg\" src=\"https:\/\/www.hoymercedes.com.ar\/principal\/wp-content\/uploads\/2023\/04\/mural-en-jofre-2-1024x928.jpg\" alt=\"\" class=\"wp-image-160472\" srcset=\"https:\/\/www.hoymercedes.com.ar\/principal\/wp-content\/uploads\/2023\/04\/mural-en-jofre-2-1024x928.jpg 1024w, https:\/\/www.hoymercedes.com.ar\/principal\/wp-content\/uploads\/2023\/04\/mural-en-jofre-2-630x571.jpg 630w, https:\/\/www.hoymercedes.com.ar\/principal\/wp-content\/uploads\/2023\/04\/mural-en-jofre-2-150x136.jpg 150w, https:\/\/www.hoymercedes.com.ar\/principal\/wp-content\/uploads\/2023\/04\/mural-en-jofre-2.jpg 1199w\" sizes=\"auto, (max-width: 1024px) 100vw, 1024px\" \/><\/figure>\n","protected":false},"excerpt":{"rendered":"<p>En el marco de los actos conmemorativos y de homenaje a los Veteranos y H\u00e9roes de la Guerra en Islas &#8230; <a title=\"Blanco pint\u00f3 murales en homenaje a h\u00e9roes y veteranos de Malvinas\" class=\"read-more\" href=\"https:\/\/www.hoymercedes.com.ar\/principal\/2023\/04\/03\/murales-en-homenaje-a-heroes-y-veteranos-de-malvinas\/\" aria-label=\"Leer m\u00e1s sobre Blanco pint\u00f3 murales en homenaje a h\u00e9roes y veteranos de Malvinas\">Leer m\u00e1s<\/a><\/p>\n","protected":false},"author":1,"featured_media":160473,"comment_status":"closed","ping_status":"open","sticky":false,"template":"","format":"standard","meta":{"_monsterinsights_skip_tracking":false,"_monsterinsights_sitenote_active":false,"_monsterinsights_sitenote_note":"","_monsterinsights_sitenote_category":0,"jetpack_post_was_ever_published":false,"_jetpack_newsletter_access":"","_jetpack_dont_email_post_to_subs":false,"_jetpack_newsletter_tier_id":0,"_jetpack_memberships_contains_paywalled_content":false,"_jetpack_memberships_contains_paid_content":false,"footnotes":"","jetpack_publicize_message":"","jetpack_publicize_feature_enabled":true,"jetpack_social_post_already_shared":true,"jetpack_social_options":{"image_generator_settings":{"template":"highway","default_image_id":0,"font":"","enabled":false},"version":2},"_wpas_customize_per_network":false},"categories":[8],"tags":[],"class_list":["post-160471","post","type-post","status-publish","format-standard","has-post-thumbnail","hentry","category-sociedad","generate-columns","tablet-grid-50","mobile-grid-100","grid-parent","grid-50"],"jetpack_publicize_connections":[],"jetpack_featured_media_url":"https:\/\/www.hoymercedes.com.ar\/principal\/wp-content\/uploads\/2023\/04\/Mural-en-JOfre.jpg","wps_subtitle":"","jetpack_sharing_enabled":true,"_links":{"self":[{"href":"https:\/\/www.hoymercedes.com.ar\/principal\/wp-json\/wp\/v2\/posts\/160471","targetHints":{"allow":["GET"]}}],"collection":[{"href":"https:\/\/www.hoymercedes.com.ar\/principal\/wp-json\/wp\/v2\/posts"}],"about":[{"href":"https:\/\/www.hoymercedes.com.ar\/principal\/wp-json\/wp\/v2\/types\/post"}],"author":[{"embeddable":true,"href":"https:\/\/www.hoymercedes.com.ar\/principal\/wp-json\/wp\/v2\/users\/1"}],"replies":[{"embeddable":true,"href":"https:\/\/www.hoymercedes.com.ar\/principal\/wp-json\/wp\/v2\/comments?post=160471"}],"version-history":[{"count":0,"href":"https:\/\/www.hoymercedes.com.ar\/principal\/wp-json\/wp\/v2\/posts\/160471\/revisions"}],"wp:featuredmedia":[{"embeddable":true,"href":"https:\/\/www.hoymercedes.com.ar\/principal\/wp-json\/wp\/v2\/media\/160473"}],"wp:attachment":[{"href":"https:\/\/www.hoymercedes.com.ar\/principal\/wp-json\/wp\/v2\/media?parent=160471"}],"wp:term":[{"taxonomy":"category","embeddable":true,"href":"https:\/\/www.hoymercedes.com.ar\/principal\/wp-json\/wp\/v2\/categories?post=160471"},{"taxonomy":"post_tag","embeddable":true,"href":"https:\/\/www.hoymercedes.com.ar\/principal\/wp-json\/wp\/v2\/tags?post=160471"}],"curies":[{"name":"wp","href":"https:\/\/api.w.org\/{rel}","templated":true}]}}