{"id":160507,"date":"2023-04-02T19:27:00","date_gmt":"2023-04-02T22:27:00","guid":{"rendered":"https:\/\/www.hoymercedes.com.ar\/principal\/?p=160507"},"modified":"2023-04-03T19:33:55","modified_gmt":"2023-04-03T22:33:55","slug":"naturgy-proveera-de-gas-natural-a-los-parques-industriales-moreno-i-y-ii","status":"publish","type":"post","link":"https:\/\/www.hoymercedes.com.ar\/principal\/2023\/04\/02\/naturgy-proveera-de-gas-natural-a-los-parques-industriales-moreno-i-y-ii\/","title":{"rendered":"Naturgy proveer\u00e1 de gas natural a los parques industriales Moreno I y II"},"content":{"rendered":"\n<p>La empresa Naturgy anunci\u00f3 la obra de alimentaci\u00f3n y abastecimiento del servicio para el Parque Industrial Moreno I y II. El objetivo es conectar y brindar el servicio de gas natural por redes a m\u00e1s familias, industrias y estaciones de GNC de la zona.<\/p>\n\n\n<div class=\"wp-block-image\">\n<figure class=\"aligncenter size-full\"><img loading=\"lazy\" decoding=\"async\" width=\"810\" height=\"470\" data-attachment-id=\"160508\" data-permalink=\"https:\/\/www.hoymercedes.com.ar\/principal\/2023\/04\/02\/naturgy-proveera-de-gas-natural-a-los-parques-industriales-moreno-i-y-ii\/gerente-general-de-naturgy-ban-s-a-gerardo-gomez-y-la-intendenta-de-moreno-mariel-fernandez\/#main\" data-orig-file=\"https:\/\/www.hoymercedes.com.ar\/principal\/wp-content\/uploads\/2023\/04\/Gerente-General-de-Naturgy-BAN-S.A.-Gerardo-Gomez-y-la-Intendenta-de-Moreno-Mariel-Fernandez.jpg\" data-orig-size=\"810,470\" data-comments-opened=\"0\" data-image-meta=\"{&quot;aperture&quot;:&quot;0&quot;,&quot;credit&quot;:&quot;&quot;,&quot;camera&quot;:&quot;&quot;,&quot;caption&quot;:&quot;&quot;,&quot;created_timestamp&quot;:&quot;1680201207&quot;,&quot;copyright&quot;:&quot;&quot;,&quot;focal_length&quot;:&quot;0&quot;,&quot;iso&quot;:&quot;0&quot;,&quot;shutter_speed&quot;:&quot;0&quot;,&quot;title&quot;:&quot;&quot;,&quot;orientation&quot;:&quot;1&quot;}\" data-image-title=\"Gerente General de Naturgy BAN S.A., Gerardo G\u00f3mez, y la Intendenta de Moreno, Mariel Fern\u00e1ndez\" data-image-description=\"\" data-image-caption=\"\" data-large-file=\"https:\/\/www.hoymercedes.com.ar\/principal\/wp-content\/uploads\/2023\/04\/Gerente-General-de-Naturgy-BAN-S.A.-Gerardo-Gomez-y-la-Intendenta-de-Moreno-Mariel-Fernandez.jpg\" src=\"https:\/\/www.hoymercedes.com.ar\/principal\/wp-content\/uploads\/2023\/04\/Gerente-General-de-Naturgy-BAN-S.A.-Gerardo-Gomez-y-la-Intendenta-de-Moreno-Mariel-Fernandez.jpg\" alt=\"\" class=\"wp-image-160508\" srcset=\"https:\/\/www.hoymercedes.com.ar\/principal\/wp-content\/uploads\/2023\/04\/Gerente-General-de-Naturgy-BAN-S.A.-Gerardo-Gomez-y-la-Intendenta-de-Moreno-Mariel-Fernandez.jpg 810w, https:\/\/www.hoymercedes.com.ar\/principal\/wp-content\/uploads\/2023\/04\/Gerente-General-de-Naturgy-BAN-S.A.-Gerardo-Gomez-y-la-Intendenta-de-Moreno-Mariel-Fernandez-630x366.jpg 630w, https:\/\/www.hoymercedes.com.ar\/principal\/wp-content\/uploads\/2023\/04\/Gerente-General-de-Naturgy-BAN-S.A.-Gerardo-Gomez-y-la-Intendenta-de-Moreno-Mariel-Fernandez-150x87.jpg 150w\" sizes=\"auto, (max-width: 810px) 100vw, 810px\" \/><\/figure>\n<\/div>\n\n\n<p> En el acto de firma del acuerdo para la ejecuci\u00f3n de la obra estuvieron presentes la Intendenta de Moreno, Mariel Fern\u00e1ndez; el representante del Consorcio de Propietarios del Sector Industrial Planificado de Moreno I; Mauricio Andr\u00e9s Vitali, los apoderados de Provincia Fideicomisos S.A.U.; Cecilia Mariana Sacco y Patricio Harte; y el Gerente General de Naturgy BAN S.A., Gerardo G\u00f3mez, entre otras autoridades.<\/p>\n\n\n\n<p>Esta importante obra en el sistema de alta y media presi\u00f3n de la red de gas natural de Naturgy BAN en la localidad de Moreno y adyacencias, implicar\u00e1 el desarrollo de nuevos emprendimientos productivos y, a futuro, posibilitar\u00e1 la interconexi\u00f3n con el sistema de redes ya existente en el \u00e1rea, lo que significar\u00e1 una mejora del servicio para los vecinos de la zona.<\/p>\n\n\n\n<p>\u00abNos da mucha alegr\u00eda este proyecto porque va a permitir que las industrias que conforman los Parques Industriales desarrollen sus actividades con el servicio que se requiere para seguir generando m\u00e1s producci\u00f3n, m\u00e1s puestos de trabajo y m\u00e1s beneficios para que siga creciendo el desarrollo industrial en Moreno. Y a su vez, se ampl\u00eda este servicio fundamental para las y los vecinos de la zona\u201d, destac\u00f3 la intendenta Mariel Fern\u00e1ndez.<\/p>\n\n\n\n<p>\u201cEs importante y de gran significancia para Naturgy comenzar obras de infraestructura como esta, que mejoran la calidad de vida de los vecinos que viven en la zona y a su vez, llevan soluciones a las empresas e industrias, lo que sin duda promover\u00e1 un mayor desarrollo en la zona oeste del Gran Buenos Aires\u201d, enfatiz\u00f3 el Ing. Gerardo G\u00f3mez de Naturgy BAN.<\/p>\n\n\n\n<p>La obra proyectada por Naturgy se realizar\u00e1 desde la rotonda de las Rutas 24 y 25, y se extender\u00e1 por la ruta 24 hasta el Parque Industrial Moreno1. Este proyecto contempla la construcci\u00f3n de un gasoducto en alta presi\u00f3n de m\u00e1s de 1.200 metros de longitud, hasta la entrada del Parque Industrial, y a su vez, se construir\u00e1 una Planta de Regulaci\u00f3n y Medici\u00f3n de alta a media presi\u00f3n, esta planta proveer\u00e1 de gas al Parque Industrial Moreno I y II, mediante una distribuci\u00f3n en media presi\u00f3n.<\/p>\n\n\n\n<p>Esta obra abastecer\u00e1 a m\u00e1s de 150 parcelas de ambos parques. Y contendr\u00e1 una red interna de distribuci\u00f3n de aproximadamente 9.000 metros de longitud. El proyecto tambi\u00e9n contempla la posibilidad de construcci\u00f3n de una estaci\u00f3n de servicios con expendio de GNC, frente al Parque Industrial Moreno I.<\/p>\n\n\n\n<p>A partir de esta red de distribuci\u00f3n para el Parque Industrial Moreno I y II, Naturgy trabajar\u00e1 en una derivaci\u00f3n especial para brindar la provisi\u00f3n de gas natural al barrio \u201cEl Vergel\u201d, que posibilitar\u00e1 en el futuro, el ingreso gas natural por redes de alrededor de 500 familias.<\/p>\n","protected":false},"excerpt":{"rendered":"<p>La empresa Naturgy anunci\u00f3 la obra de alimentaci\u00f3n y abastecimiento del servicio para el Parque Industrial Moreno I y II. &#8230; <a title=\"Naturgy proveer\u00e1 de gas natural a los parques industriales Moreno I y II\" class=\"read-more\" href=\"https:\/\/www.hoymercedes.com.ar\/principal\/2023\/04\/02\/naturgy-proveera-de-gas-natural-a-los-parques-industriales-moreno-i-y-ii\/\" aria-label=\"Leer m\u00e1s sobre Naturgy proveer\u00e1 de gas natural a los parques industriales Moreno I y II\">Leer m\u00e1s<\/a><\/p>\n","protected":false},"author":1,"featured_media":160508,"comment_status":"closed","ping_status":"open","sticky":false,"template":"","format":"standard","meta":{"_monsterinsights_skip_tracking":false,"_monsterinsights_sitenote_active":false,"_monsterinsights_sitenote_note":"","_monsterinsights_sitenote_category":0,"jetpack_post_was_ever_published":false,"_jetpack_newsletter_access":"","_jetpack_dont_email_post_to_subs":false,"_jetpack_newsletter_tier_id":0,"_jetpack_memberships_contains_paywalled_content":false,"_jetpack_memberships_contains_paid_content":false,"footnotes":"","jetpack_publicize_message":"","jetpack_publicize_feature_enabled":true,"jetpack_social_post_already_shared":true,"jetpack_social_options":{"image_generator_settings":{"template":"highway","default_image_id":0,"font":"","enabled":false},"version":2},"_wpas_customize_per_network":false},"categories":[8],"tags":[],"class_list":["post-160507","post","type-post","status-publish","format-standard","has-post-thumbnail","hentry","category-sociedad","generate-columns","tablet-grid-50","mobile-grid-100","grid-parent","grid-50"],"jetpack_publicize_connections":[],"jetpack_featured_media_url":"https:\/\/www.hoymercedes.com.ar\/principal\/wp-content\/uploads\/2023\/04\/Gerente-General-de-Naturgy-BAN-S.A.-Gerardo-Gomez-y-la-Intendenta-de-Moreno-Mariel-Fernandez.jpg","wps_subtitle":"","jetpack_sharing_enabled":true,"_links":{"self":[{"href":"https:\/\/www.hoymercedes.com.ar\/principal\/wp-json\/wp\/v2\/posts\/160507","targetHints":{"allow":["GET"]}}],"collection":[{"href":"https:\/\/www.hoymercedes.com.ar\/principal\/wp-json\/wp\/v2\/posts"}],"about":[{"href":"https:\/\/www.hoymercedes.com.ar\/principal\/wp-json\/wp\/v2\/types\/post"}],"author":[{"embeddable":true,"href":"https:\/\/www.hoymercedes.com.ar\/principal\/wp-json\/wp\/v2\/users\/1"}],"replies":[{"embeddable":true,"href":"https:\/\/www.hoymercedes.com.ar\/principal\/wp-json\/wp\/v2\/comments?post=160507"}],"version-history":[{"count":0,"href":"https:\/\/www.hoymercedes.com.ar\/principal\/wp-json\/wp\/v2\/posts\/160507\/revisions"}],"wp:featuredmedia":[{"embeddable":true,"href":"https:\/\/www.hoymercedes.com.ar\/principal\/wp-json\/wp\/v2\/media\/160508"}],"wp:attachment":[{"href":"https:\/\/www.hoymercedes.com.ar\/principal\/wp-json\/wp\/v2\/media?parent=160507"}],"wp:term":[{"taxonomy":"category","embeddable":true,"href":"https:\/\/www.hoymercedes.com.ar\/principal\/wp-json\/wp\/v2\/categories?post=160507"},{"taxonomy":"post_tag","embeddable":true,"href":"https:\/\/www.hoymercedes.com.ar\/principal\/wp-json\/wp\/v2\/tags?post=160507"}],"curies":[{"name":"wp","href":"https:\/\/api.w.org\/{rel}","templated":true}]}}