{"id":16056,"date":"2012-09-12T12:03:58","date_gmt":"2012-09-12T12:03:58","guid":{"rendered":"http:\/\/www.hoymercedes.com.ar\/principal\/?p=16056"},"modified":"2012-09-12T12:06:06","modified_gmt":"2012-09-12T12:06:06","slug":"habrian-desbaratado-completamente-banda-de-delincuentes","status":"publish","type":"post","link":"https:\/\/www.hoymercedes.com.ar\/principal\/2012\/09\/12\/habrian-desbaratado-completamente-banda-de-delincuentes\/","title":{"rendered":"Habr\u00edan desbaratado completamente banda de delincuentes"},"content":{"rendered":"<p>Seg\u00fan se conoci\u00f3 se habr\u00eda logrado\u00a0desbaratar\u00a0completamente una banda de delincuentes que ven\u00eda azotando a los campos de la zona. Desde hace tiempo se conocen diversos\u00a0allanamientos y procedimientos policiales en torno a la cuesti\u00f3n.<\/p>\n<p>El Jefe de la Departamental Mercedes, Comisario Mayor Roque Caputo, afirm\u00f3 que la banda que operaba en la zona qued\u00f3 totalmente desbaratada quedando\u00a0ajena\u00a0la especulaci\u00f3n de que tuviesen contactos con potenciales delincuentes de nuestra ciudad que oficiar\u00edan de entregadores.<\/p>\n<p>Las \u00faltimas detenciones se llevaron adelante en la ciudad de Moreno donde encontraron\u00a0veh\u00edculos\u00a0utilizados para las actividades\u00a0il\u00edcitas\u00a0y detuvieron a dos personas. Hay a la fecha siete detenidos y varios bienes que pertenecer\u00edan a las v\u00edctimas recuperados. La causa se encuentra en manos del Dr. Pablo Illanes.<\/p>\n<p>La investigaci\u00f3n, que contin\u00faa su curso, busca ahora determinar el nivel de involucramiento de cada uno de los detenidos. La banda hab\u00eda operado en Chivilcoy, Alberti, 25 de mayo, Mercedes, San Andr\u00e9s de Giles, Luj\u00e1n, San Antonio de Areco y Salto.<\/p>\n<p>&nbsp;<\/p>\n","protected":false},"excerpt":{"rendered":"<p>Seg\u00fan se conoci\u00f3 se habr\u00eda logrado\u00a0desbaratar\u00a0completamente una banda de delincuentes que ven\u00eda azotando a los campos de la zona. Desde &#8230; <a title=\"Habr\u00edan desbaratado completamente banda de delincuentes\" class=\"read-more\" href=\"https:\/\/www.hoymercedes.com.ar\/principal\/2012\/09\/12\/habrian-desbaratado-completamente-banda-de-delincuentes\/\" aria-label=\"Leer m\u00e1s sobre Habr\u00edan desbaratado completamente banda de delincuentes\">Leer m\u00e1s<\/a><\/p>\n","protected":false},"author":1,"featured_media":0,"comment_status":"open","ping_status":"open","sticky":false,"template":"","format":"standard","meta":{"_monsterinsights_skip_tracking":false,"_monsterinsights_sitenote_active":false,"_monsterinsights_sitenote_note":"","_monsterinsights_sitenote_category":0,"jetpack_post_was_ever_published":false,"_jetpack_newsletter_access":"","_jetpack_dont_email_post_to_subs":false,"_jetpack_newsletter_tier_id":0,"_jetpack_memberships_contains_paywalled_content":false,"_jetpack_memberships_contains_paid_content":false,"footnotes":"","jetpack_publicize_message":"","jetpack_publicize_feature_enabled":true,"jetpack_social_post_already_shared":false,"jetpack_social_options":{"image_generator_settings":{"template":"highway","default_image_id":0,"font":"","enabled":false},"version":2},"_wpas_customize_per_network":false},"categories":[85],"tags":[746,126,2729],"class_list":["post-16056","post","type-post","status-publish","format-standard","hentry","category-policial","tag-departamental-mercedes","tag-policia-mercedes","tag-robos-en-el-campo","generate-columns","tablet-grid-50","mobile-grid-100","grid-parent","grid-50"],"jetpack_publicize_connections":[],"jetpack_featured_media_url":"","wps_subtitle":"","jetpack_sharing_enabled":true,"_links":{"self":[{"href":"https:\/\/www.hoymercedes.com.ar\/principal\/wp-json\/wp\/v2\/posts\/16056","targetHints":{"allow":["GET"]}}],"collection":[{"href":"https:\/\/www.hoymercedes.com.ar\/principal\/wp-json\/wp\/v2\/posts"}],"about":[{"href":"https:\/\/www.hoymercedes.com.ar\/principal\/wp-json\/wp\/v2\/types\/post"}],"author":[{"embeddable":true,"href":"https:\/\/www.hoymercedes.com.ar\/principal\/wp-json\/wp\/v2\/users\/1"}],"replies":[{"embeddable":true,"href":"https:\/\/www.hoymercedes.com.ar\/principal\/wp-json\/wp\/v2\/comments?post=16056"}],"version-history":[{"count":0,"href":"https:\/\/www.hoymercedes.com.ar\/principal\/wp-json\/wp\/v2\/posts\/16056\/revisions"}],"wp:attachment":[{"href":"https:\/\/www.hoymercedes.com.ar\/principal\/wp-json\/wp\/v2\/media?parent=16056"}],"wp:term":[{"taxonomy":"category","embeddable":true,"href":"https:\/\/www.hoymercedes.com.ar\/principal\/wp-json\/wp\/v2\/categories?post=16056"},{"taxonomy":"post_tag","embeddable":true,"href":"https:\/\/www.hoymercedes.com.ar\/principal\/wp-json\/wp\/v2\/tags?post=16056"}],"curies":[{"name":"wp","href":"https:\/\/api.w.org\/{rel}","templated":true}]}}