{"id":160671,"date":"2023-04-08T16:02:18","date_gmt":"2023-04-08T19:02:18","guid":{"rendered":"https:\/\/www.hoymercedes.com.ar\/principal\/?p=160671"},"modified":"2023-04-08T16:06:38","modified_gmt":"2023-04-08T19:06:38","slug":"nueva-exposicion-en-el-colegio-de-arquitectos","status":"publish","type":"post","link":"https:\/\/www.hoymercedes.com.ar\/principal\/2023\/04\/08\/nueva-exposicion-en-el-colegio-de-arquitectos\/","title":{"rendered":"Nueva exposici\u00f3n en el Colegio de Arquitectos"},"content":{"rendered":"\n<p>La pr\u00f3xima exposici\u00f3n a realizarse en la Sede del Colegio de Arquitectos Distrito5. , ser\u00e1 el d\u00eda viernes 14 de abril del corriente a las 20:30hs, en Av. 30 No. 564. Expondr\u00e1n ser\u00e1n los artistas Gabriela Bourdieu (escritura), Pablo Russo (grabado) y Diego Moyano (grabado Pop\u2013 up) con su muestra titulada \u201cEsa voz tal vez sea la m\u00eda\u201d<\/p>\n\n\n<div class=\"wp-block-image\">\n<figure class=\"aligncenter size-full\"><img loading=\"lazy\" decoding=\"async\" width=\"800\" height=\"490\" data-attachment-id=\"160673\" data-permalink=\"https:\/\/www.hoymercedes.com.ar\/principal\/2023\/04\/08\/nueva-exposicion-en-el-colegio-de-arquitectos\/unnamed-8-2\/#main\" data-orig-file=\"https:\/\/www.hoymercedes.com.ar\/principal\/wp-content\/uploads\/2023\/04\/unnamed-8.jpg\" data-orig-size=\"800,490\" data-comments-opened=\"0\" data-image-meta=\"{&quot;aperture&quot;:&quot;0&quot;,&quot;credit&quot;:&quot;&quot;,&quot;camera&quot;:&quot;&quot;,&quot;caption&quot;:&quot;&quot;,&quot;created_timestamp&quot;:&quot;0&quot;,&quot;copyright&quot;:&quot;&quot;,&quot;focal_length&quot;:&quot;0&quot;,&quot;iso&quot;:&quot;0&quot;,&quot;shutter_speed&quot;:&quot;0&quot;,&quot;title&quot;:&quot;&quot;,&quot;orientation&quot;:&quot;0&quot;}\" data-image-title=\"unnamed (8)\" data-image-description=\"\" data-image-caption=\"\" data-large-file=\"https:\/\/www.hoymercedes.com.ar\/principal\/wp-content\/uploads\/2023\/04\/unnamed-8.jpg\" src=\"https:\/\/www.hoymercedes.com.ar\/principal\/wp-content\/uploads\/2023\/04\/unnamed-8.jpg\" alt=\"\" class=\"wp-image-160673\" srcset=\"https:\/\/www.hoymercedes.com.ar\/principal\/wp-content\/uploads\/2023\/04\/unnamed-8.jpg 800w, https:\/\/www.hoymercedes.com.ar\/principal\/wp-content\/uploads\/2023\/04\/unnamed-8-630x386.jpg 630w, https:\/\/www.hoymercedes.com.ar\/principal\/wp-content\/uploads\/2023\/04\/unnamed-8-150x92.jpg 150w\" sizes=\"auto, (max-width: 800px) 100vw, 800px\" \/><\/figure>\n<\/div>\n\n\n<p>\u00abEsa voz tal vez sea la m\u00eda\u00bb es una reuni\u00f3n. Una conjunci\u00f3n de sonidos singulares que se desprenden de la palabra, de papeles escritos, grabados y plegados. El encuentro entre la inc\u00f3gnita y la certeza. Lo real y lo imaginario. Lo literal y lo sugerido. La b\u00fasqueda constante en la cual nos reconocemos y deseamos se reconozcan.<\/p>\n\n\n\n<p>Como todos los a\u00f1os, el Coordinador de este ciclo es el Arquitecto y Artista, Sebasti\u00e1n Bocca.<\/p>\n\n\n\n<p>El acceso a la muestra es libre y gratuito y se podr\u00e1 visitar tambi\u00e9n de Lunes a Viernes de 8 a 13 y de 14 a 16 horas. La exposici\u00f3n cerrar\u00e1 el 28 de abril. <\/p>\n\n\n<div class=\"wp-block-image\">\n<figure class=\"aligncenter size-full\"><img loading=\"lazy\" decoding=\"async\" width=\"572\" height=\"800\" data-attachment-id=\"160672\" data-permalink=\"https:\/\/www.hoymercedes.com.ar\/principal\/2023\/04\/08\/nueva-exposicion-en-el-colegio-de-arquitectos\/unnamed-7-2\/#main\" data-orig-file=\"https:\/\/www.hoymercedes.com.ar\/principal\/wp-content\/uploads\/2023\/04\/unnamed-7.jpg\" data-orig-size=\"572,800\" data-comments-opened=\"0\" data-image-meta=\"{&quot;aperture&quot;:&quot;0&quot;,&quot;credit&quot;:&quot;&quot;,&quot;camera&quot;:&quot;&quot;,&quot;caption&quot;:&quot;&quot;,&quot;created_timestamp&quot;:&quot;0&quot;,&quot;copyright&quot;:&quot;&quot;,&quot;focal_length&quot;:&quot;0&quot;,&quot;iso&quot;:&quot;0&quot;,&quot;shutter_speed&quot;:&quot;0&quot;,&quot;title&quot;:&quot;&quot;,&quot;orientation&quot;:&quot;0&quot;}\" data-image-title=\"unnamed (7)\" data-image-description=\"\" data-image-caption=\"\" data-large-file=\"https:\/\/www.hoymercedes.com.ar\/principal\/wp-content\/uploads\/2023\/04\/unnamed-7.jpg\" src=\"https:\/\/www.hoymercedes.com.ar\/principal\/wp-content\/uploads\/2023\/04\/unnamed-7.jpg\" alt=\"\" class=\"wp-image-160672\" srcset=\"https:\/\/www.hoymercedes.com.ar\/principal\/wp-content\/uploads\/2023\/04\/unnamed-7.jpg 572w, https:\/\/www.hoymercedes.com.ar\/principal\/wp-content\/uploads\/2023\/04\/unnamed-7-443x620.jpg 443w, https:\/\/www.hoymercedes.com.ar\/principal\/wp-content\/uploads\/2023\/04\/unnamed-7-107x150.jpg 107w\" sizes=\"auto, (max-width: 572px) 100vw, 572px\" \/><\/figure>\n<\/div>","protected":false},"excerpt":{"rendered":"<p>La pr\u00f3xima exposici\u00f3n a realizarse en la Sede del Colegio de Arquitectos Distrito5. , ser\u00e1 el d\u00eda viernes 14 de &#8230; <a title=\"Nueva exposici\u00f3n en el Colegio de Arquitectos\" class=\"read-more\" href=\"https:\/\/www.hoymercedes.com.ar\/principal\/2023\/04\/08\/nueva-exposicion-en-el-colegio-de-arquitectos\/\" aria-label=\"Leer m\u00e1s sobre Nueva exposici\u00f3n en el Colegio de Arquitectos\">Leer m\u00e1s<\/a><\/p>\n","protected":false},"author":1,"featured_media":160673,"comment_status":"closed","ping_status":"open","sticky":false,"template":"","format":"standard","meta":{"_monsterinsights_skip_tracking":false,"_monsterinsights_sitenote_active":false,"_monsterinsights_sitenote_note":"","_monsterinsights_sitenote_category":0,"jetpack_post_was_ever_published":false,"_jetpack_newsletter_access":"","_jetpack_dont_email_post_to_subs":false,"_jetpack_newsletter_tier_id":0,"_jetpack_memberships_contains_paywalled_content":false,"_jetpack_memberships_contains_paid_content":false,"footnotes":"","jetpack_publicize_message":"","jetpack_publicize_feature_enabled":true,"jetpack_social_post_already_shared":true,"jetpack_social_options":{"image_generator_settings":{"template":"highway","default_image_id":0,"font":"","enabled":false},"version":2},"_wpas_customize_per_network":false},"categories":[104],"tags":[7805],"class_list":["post-160671","post","type-post","status-publish","format-standard","has-post-thumbnail","hentry","category-cultura","tag-cultura","generate-columns","tablet-grid-50","mobile-grid-100","grid-parent","grid-50"],"jetpack_publicize_connections":[],"jetpack_featured_media_url":"https:\/\/www.hoymercedes.com.ar\/principal\/wp-content\/uploads\/2023\/04\/unnamed-8.jpg","wps_subtitle":"","jetpack_sharing_enabled":true,"_links":{"self":[{"href":"https:\/\/www.hoymercedes.com.ar\/principal\/wp-json\/wp\/v2\/posts\/160671","targetHints":{"allow":["GET"]}}],"collection":[{"href":"https:\/\/www.hoymercedes.com.ar\/principal\/wp-json\/wp\/v2\/posts"}],"about":[{"href":"https:\/\/www.hoymercedes.com.ar\/principal\/wp-json\/wp\/v2\/types\/post"}],"author":[{"embeddable":true,"href":"https:\/\/www.hoymercedes.com.ar\/principal\/wp-json\/wp\/v2\/users\/1"}],"replies":[{"embeddable":true,"href":"https:\/\/www.hoymercedes.com.ar\/principal\/wp-json\/wp\/v2\/comments?post=160671"}],"version-history":[{"count":0,"href":"https:\/\/www.hoymercedes.com.ar\/principal\/wp-json\/wp\/v2\/posts\/160671\/revisions"}],"wp:featuredmedia":[{"embeddable":true,"href":"https:\/\/www.hoymercedes.com.ar\/principal\/wp-json\/wp\/v2\/media\/160673"}],"wp:attachment":[{"href":"https:\/\/www.hoymercedes.com.ar\/principal\/wp-json\/wp\/v2\/media?parent=160671"}],"wp:term":[{"taxonomy":"category","embeddable":true,"href":"https:\/\/www.hoymercedes.com.ar\/principal\/wp-json\/wp\/v2\/categories?post=160671"},{"taxonomy":"post_tag","embeddable":true,"href":"https:\/\/www.hoymercedes.com.ar\/principal\/wp-json\/wp\/v2\/tags?post=160671"}],"curies":[{"name":"wp","href":"https:\/\/api.w.org\/{rel}","templated":true}]}}