{"id":16069,"date":"2012-09-13T02:29:37","date_gmt":"2012-09-13T02:29:37","guid":{"rendered":"http:\/\/www.hoymercedes.com.ar\/principal\/?p=16069"},"modified":"2012-09-13T02:29:46","modified_gmt":"2012-09-13T02:29:46","slug":"envion-mercedes-de-campamento-por-el-centro-recreativo-nacional","status":"publish","type":"post","link":"https:\/\/www.hoymercedes.com.ar\/principal\/2012\/09\/13\/envion-mercedes-de-campamento-por-el-centro-recreativo-nacional\/","title":{"rendered":"Envi\u00f3n Mercedes de campamento por el Centro Recreativo Nacional"},"content":{"rendered":"<p><a href=\"https:\/\/www.hoymercedes.com.ar\/principal\/wp-content\/uploads\/2012\/09\/Campamento-Envion.jpg\"><img loading=\"lazy\" decoding=\"async\" data-attachment-id=\"16071\" data-permalink=\"https:\/\/www.hoymercedes.com.ar\/principal\/2012\/09\/13\/envion-mercedes-de-campamento-por-el-centro-recreativo-nacional\/campamento-envion\/#main\" data-orig-file=\"https:\/\/www.hoymercedes.com.ar\/principal\/wp-content\/uploads\/2012\/09\/Campamento-Envion.jpg\" data-orig-size=\"614,461\" data-comments-opened=\"1\" data-image-meta=\"{&quot;aperture&quot;:&quot;0&quot;,&quot;credit&quot;:&quot;&quot;,&quot;camera&quot;:&quot;&quot;,&quot;caption&quot;:&quot;&quot;,&quot;created_timestamp&quot;:&quot;0&quot;,&quot;copyright&quot;:&quot;&quot;,&quot;focal_length&quot;:&quot;0&quot;,&quot;iso&quot;:&quot;0&quot;,&quot;shutter_speed&quot;:&quot;0&quot;,&quot;title&quot;:&quot;&quot;}\" data-image-title=\"Campamento-Envion\" data-image-description=\"\" data-image-caption=\"\" data-large-file=\"https:\/\/www.hoymercedes.com.ar\/principal\/wp-content\/uploads\/2012\/09\/Campamento-Envion.jpg\" class=\"aligncenter size-full wp-image-16071\" title=\"Campamento-Envion\" src=\"https:\/\/www.hoymercedes.com.ar\/principal\/wp-content\/uploads\/2012\/09\/Campamento-Envion.jpg\" alt=\"\" width=\"614\" height=\"461\" \/><\/a><\/p>\n<p>Los d\u00edas, 6 y 7 de septiembre , 25 beneficiarios del Programa de Responsabilidad Social Compartida \u201cEnvi\u00f3n\u201d funciona en la Secretaria de Desarrollo Social de la Municipalidad de Mercedes, concurrieron al Centro recreativo Nacional ubicado en Ezeiza, a fin de participar del campamento Organizado por la Direcci\u00f3n de Campamentos de la Secretaria de Deportes del Gobierno de la Provincia de Buenos Aires, el Objetivo principal es que los j\u00f3venes antes mencionados puedan disfrutar de dos d\u00edas de recreaci\u00f3n , en un medio diferente al habitual y con objetivos definidos, orientados a la educaci\u00f3n para la preservaci\u00f3n responsable del medio ambiente, las experiencias campamentiles ofrecen espacios de aprendizajes significativos y placenteros.<\/p>\n<p>En el Envi\u00f3n Mercedes, \u201cCreemos que la organizaci\u00f3n y el trabajo colectivo son una herramienta necesaria para la transformaci\u00f3n no solo de un proyecto de vida, sino tambi\u00e9n, para una sociedad m\u00e1s justa y solidaria\u201d. El campamento se encuadra en el art\u00edculo 14 de la Constituci\u00f3n Nacional, donde se expresa el principio de la \u201clibertad de ense\u00f1ar y de aprender\u201d haciendo referencia a la igualdad de oportunidades y de posibilidades con pluralismo de oferta y de opciones educativas, reconociendo a las actividades recreativas, actividades deportivas y actividades en y con la naturaleza como parte de estas.<\/p>\n<p>La actividad junto a los beneficiarios tuvo un saldo satisfactorio y es importante recalcar que en primera instancia concurrieron los tutores del programa en el mes de junio, que se capacitaron en coordinaci\u00f3n y liderazgo de grupo, tambi\u00e9n en el Centro Recreativo Nacional.<\/p>\n<p>Los j\u00f3venes que concurrieron al campamento fueron en su mayor\u00eda de los Barrios Marchetti y San Mart\u00edn de nuestra ciudad.<\/p>\n<p>Por ultimo mencionamos que El Envi\u00f3n es una original iniciativa que lleva adelante el Ministerio de Desarrollo Social de la Provincia y que est\u00e1 destinada a chicos de entre 12 y 21 a\u00f1os en situaci\u00f3n de vulnerabilidad social.<\/p>\n<p><span style=\"color: #888888;\">Fuente: Envi\u00f3n<\/span><\/p>\n","protected":false},"excerpt":{"rendered":"<p>Los d\u00edas, 6 y 7 de septiembre , 25 beneficiarios del Programa de Responsabilidad Social Compartida \u201cEnvi\u00f3n\u201d funciona en la &#8230; <a title=\"Envi\u00f3n Mercedes de campamento por el Centro Recreativo Nacional\" class=\"read-more\" href=\"https:\/\/www.hoymercedes.com.ar\/principal\/2012\/09\/13\/envion-mercedes-de-campamento-por-el-centro-recreativo-nacional\/\" aria-label=\"Leer m\u00e1s sobre Envi\u00f3n Mercedes de campamento por el Centro Recreativo Nacional\">Leer m\u00e1s<\/a><\/p>\n","protected":false},"author":1,"featured_media":0,"comment_status":"open","ping_status":"open","sticky":false,"template":"","format":"standard","meta":{"_monsterinsights_skip_tracking":false,"_monsterinsights_sitenote_active":false,"_monsterinsights_sitenote_note":"","_monsterinsights_sitenote_category":0,"jetpack_post_was_ever_published":false,"_jetpack_newsletter_access":"","_jetpack_dont_email_post_to_subs":false,"_jetpack_newsletter_tier_id":0,"_jetpack_memberships_contains_paywalled_content":false,"_jetpack_memberships_contains_paid_content":false,"footnotes":"","jetpack_publicize_message":"","jetpack_publicize_feature_enabled":true,"jetpack_social_post_already_shared":false,"jetpack_social_options":{"image_generator_settings":{"template":"highway","default_image_id":0,"font":"","enabled":false},"version":2},"_wpas_customize_per_network":false},"categories":[5],"tags":[2732,2731],"class_list":["post-16069","post","type-post","status-publish","format-standard","hentry","category-politica","tag-agustin-lasala","tag-programa-envion-mercedes","generate-columns","tablet-grid-50","mobile-grid-100","grid-parent","grid-50"],"jetpack_publicize_connections":[],"jetpack_featured_media_url":"","wps_subtitle":"","jetpack_sharing_enabled":true,"_links":{"self":[{"href":"https:\/\/www.hoymercedes.com.ar\/principal\/wp-json\/wp\/v2\/posts\/16069","targetHints":{"allow":["GET"]}}],"collection":[{"href":"https:\/\/www.hoymercedes.com.ar\/principal\/wp-json\/wp\/v2\/posts"}],"about":[{"href":"https:\/\/www.hoymercedes.com.ar\/principal\/wp-json\/wp\/v2\/types\/post"}],"author":[{"embeddable":true,"href":"https:\/\/www.hoymercedes.com.ar\/principal\/wp-json\/wp\/v2\/users\/1"}],"replies":[{"embeddable":true,"href":"https:\/\/www.hoymercedes.com.ar\/principal\/wp-json\/wp\/v2\/comments?post=16069"}],"version-history":[{"count":0,"href":"https:\/\/www.hoymercedes.com.ar\/principal\/wp-json\/wp\/v2\/posts\/16069\/revisions"}],"wp:attachment":[{"href":"https:\/\/www.hoymercedes.com.ar\/principal\/wp-json\/wp\/v2\/media?parent=16069"}],"wp:term":[{"taxonomy":"category","embeddable":true,"href":"https:\/\/www.hoymercedes.com.ar\/principal\/wp-json\/wp\/v2\/categories?post=16069"},{"taxonomy":"post_tag","embeddable":true,"href":"https:\/\/www.hoymercedes.com.ar\/principal\/wp-json\/wp\/v2\/tags?post=16069"}],"curies":[{"name":"wp","href":"https:\/\/api.w.org\/{rel}","templated":true}]}}