{"id":160711,"date":"2023-04-09T12:24:30","date_gmt":"2023-04-09T15:24:30","guid":{"rendered":"https:\/\/www.hoymercedes.com.ar\/principal\/?p=160711"},"modified":"2023-04-09T12:24:32","modified_gmt":"2023-04-09T15:24:32","slug":"recuperacion-de-motos-y-detenciones-por-parte-de-la-patrulla-rural","status":"publish","type":"post","link":"https:\/\/www.hoymercedes.com.ar\/principal\/2023\/04\/09\/recuperacion-de-motos-y-detenciones-por-parte-de-la-patrulla-rural\/","title":{"rendered":"Recuperaci\u00f3n de motos y detenciones por parte de la Patrulla Rural"},"content":{"rendered":"\n<p>La Patrulla Rural en las \u00faltimas jornadas ha tenido diversas actuaciones con resultado positivo. Ha recuperado motos, elementos robados, detenido cazadores y portadores de sustancias prohibidas, entre otros.<\/p>\n\n\n\n<p>Varias motocicletas de distintas cilindradas fueron recuperadas en varios operativos. Todos ellos en el marco de la zona rural, que es su \u00e1rea de influencia.<\/p>\n\n\n\n<p>Tambi\u00e9n detuvo a un sujeto que ven\u00eda efectuando caza furtiva, algo que est\u00e1 prohibido en la zona y que convoc\u00f3 el anuncio al Ministerio de Desarrollo Agrario.<\/p>\n\n\n\n<p>Otro caso fue la detenci\u00f3n de un masculino, de 20 a\u00f1os de edad, quien ten\u00eda en su poder envoltorio de nylon con sustancias prohibidas que, efectuado el test correspondiente, arroj\u00f3 era cannabis.<\/p>\n\n\n\n<p>Un dato importante es que se lograron recuperar 4 motocicletas. Dos en zona rural dentro del partido de Mercedes, una en la vecina ciudad de Luj\u00e1n con actividad en conjunto con la polic\u00eda de dicha ciudad y otra en el barrio San Martin contando con informaci\u00f3n de distintas fuentes, incluyendo la propia v\u00edctima.<\/p>\n","protected":false},"excerpt":{"rendered":"<p>La Patrulla Rural en las \u00faltimas jornadas ha tenido diversas actuaciones con resultado positivo. Ha recuperado motos, elementos robados, detenido &#8230; <a title=\"Recuperaci\u00f3n de motos y detenciones por parte de la Patrulla Rural\" class=\"read-more\" href=\"https:\/\/www.hoymercedes.com.ar\/principal\/2023\/04\/09\/recuperacion-de-motos-y-detenciones-por-parte-de-la-patrulla-rural\/\" aria-label=\"Leer m\u00e1s sobre Recuperaci\u00f3n de motos y detenciones por parte de la Patrulla Rural\">Leer m\u00e1s<\/a><\/p>\n","protected":false},"author":1,"featured_media":160712,"comment_status":"closed","ping_status":"open","sticky":false,"template":"","format":"standard","meta":{"_monsterinsights_skip_tracking":false,"_monsterinsights_sitenote_active":false,"_monsterinsights_sitenote_note":"","_monsterinsights_sitenote_category":0,"jetpack_post_was_ever_published":false,"_jetpack_newsletter_access":"","_jetpack_dont_email_post_to_subs":false,"_jetpack_newsletter_tier_id":0,"_jetpack_memberships_contains_paywalled_content":false,"_jetpack_memberships_contains_paid_content":false,"footnotes":"","jetpack_publicize_message":"","jetpack_publicize_feature_enabled":true,"jetpack_social_post_already_shared":true,"jetpack_social_options":{"image_generator_settings":{"template":"highway","default_image_id":0,"font":"","enabled":false},"version":2},"_wpas_customize_per_network":false},"categories":[85],"tags":[18458],"class_list":["post-160711","post","type-post","status-publish","format-standard","has-post-thumbnail","hentry","category-policial","tag-patrulla-rural-mercedes","generate-columns","tablet-grid-50","mobile-grid-100","grid-parent","grid-50"],"jetpack_publicize_connections":[],"jetpack_featured_media_url":"https:\/\/www.hoymercedes.com.ar\/principal\/wp-content\/uploads\/2023\/04\/motorecuperada.jpeg","wps_subtitle":"Intervenci\u00f3n policial ","jetpack_sharing_enabled":true,"_links":{"self":[{"href":"https:\/\/www.hoymercedes.com.ar\/principal\/wp-json\/wp\/v2\/posts\/160711","targetHints":{"allow":["GET"]}}],"collection":[{"href":"https:\/\/www.hoymercedes.com.ar\/principal\/wp-json\/wp\/v2\/posts"}],"about":[{"href":"https:\/\/www.hoymercedes.com.ar\/principal\/wp-json\/wp\/v2\/types\/post"}],"author":[{"embeddable":true,"href":"https:\/\/www.hoymercedes.com.ar\/principal\/wp-json\/wp\/v2\/users\/1"}],"replies":[{"embeddable":true,"href":"https:\/\/www.hoymercedes.com.ar\/principal\/wp-json\/wp\/v2\/comments?post=160711"}],"version-history":[{"count":0,"href":"https:\/\/www.hoymercedes.com.ar\/principal\/wp-json\/wp\/v2\/posts\/160711\/revisions"}],"wp:featuredmedia":[{"embeddable":true,"href":"https:\/\/www.hoymercedes.com.ar\/principal\/wp-json\/wp\/v2\/media\/160712"}],"wp:attachment":[{"href":"https:\/\/www.hoymercedes.com.ar\/principal\/wp-json\/wp\/v2\/media?parent=160711"}],"wp:term":[{"taxonomy":"category","embeddable":true,"href":"https:\/\/www.hoymercedes.com.ar\/principal\/wp-json\/wp\/v2\/categories?post=160711"},{"taxonomy":"post_tag","embeddable":true,"href":"https:\/\/www.hoymercedes.com.ar\/principal\/wp-json\/wp\/v2\/tags?post=160711"}],"curies":[{"name":"wp","href":"https:\/\/api.w.org\/{rel}","templated":true}]}}