{"id":16075,"date":"2012-09-13T02:43:53","date_gmt":"2012-09-13T02:43:53","guid":{"rendered":"http:\/\/www.hoymercedes.com.ar\/principal\/?p=16075"},"modified":"2012-09-13T02:44:22","modified_gmt":"2012-09-13T02:44:22","slug":"fmpv-realiza-jornada-sobre-medio-ambiente-en-concejo-deliberante","status":"publish","type":"post","link":"https:\/\/www.hoymercedes.com.ar\/principal\/2012\/09\/13\/fmpv-realiza-jornada-sobre-medio-ambiente-en-concejo-deliberante\/","title":{"rendered":"FMpV realiza jornada sobre medio ambiente en Concejo Deliberante"},"content":{"rendered":"<p>Este jueves 13, en el recinto del Concejo Deliberante y a partir de las 18:30 horas se realizar\u00e1 una jornada sobre medio ambiente. El encuentro \u2013organizado por el bloque de concejales del Frente Mercedino Para la Victoria, ser\u00e1 abierto a la ciudadan\u00eda en general y se centrar\u00e1 en la cuesti\u00f3n ambiental.<\/p>\n<p>Est\u00e1 previsto que la disertante central sea la doctora Mirta Laciar, integrante de la Secretar\u00eda de Medio Ambiente y Desarrollo Sustentable de la Naci\u00f3n y Coordinadora nacional del SGT N\u00ba 6 \u2013 Medioambiente Mercosur, quien abordar\u00e1 temas relacionados con el medio ambiente desde una perspectiva loca, exponiendo, asimismo, los resultados de la Cumbre R\u00edo + 20.<\/p>\n<p>Tambi\u00e9n estar\u00e1 presente el doctor Juan Ignacio Ustarroz, m\u00e1ximo referente del Frente, quien abrir\u00e1 la jornada ambiental. En tanto se invit\u00f3 como orador al concejal Jos\u00e9 Cestari, del bloque Movimiento Independiente Comunal (MIC Mercedes), quien desde hace mucho tiempo se encuentra trabajando y ha motorizado diversas ordenanzas y pedidos de informes que tiene como eje al medio ambiente.<\/p>\n","protected":false},"excerpt":{"rendered":"<p>Este jueves 13, en el recinto del Concejo Deliberante y a partir de las 18:30 horas se realizar\u00e1 una jornada &#8230; <a title=\"FMpV realiza jornada sobre medio ambiente en Concejo Deliberante\" class=\"read-more\" href=\"https:\/\/www.hoymercedes.com.ar\/principal\/2012\/09\/13\/fmpv-realiza-jornada-sobre-medio-ambiente-en-concejo-deliberante\/\" aria-label=\"Leer m\u00e1s sobre FMpV realiza jornada sobre medio ambiente en Concejo Deliberante\">Leer m\u00e1s<\/a><\/p>\n","protected":false},"author":1,"featured_media":0,"comment_status":"open","ping_status":"open","sticky":false,"template":"","format":"standard","meta":{"_monsterinsights_skip_tracking":false,"_monsterinsights_sitenote_active":false,"_monsterinsights_sitenote_note":"","_monsterinsights_sitenote_category":0,"jetpack_post_was_ever_published":false,"_jetpack_newsletter_access":"","_jetpack_dont_email_post_to_subs":false,"_jetpack_newsletter_tier_id":0,"_jetpack_memberships_contains_paywalled_content":false,"_jetpack_memberships_contains_paid_content":false,"footnotes":"","jetpack_publicize_message":"","jetpack_publicize_feature_enabled":true,"jetpack_social_post_already_shared":false,"jetpack_social_options":{"image_generator_settings":{"template":"highway","default_image_id":0,"font":"","enabled":false},"version":2},"_wpas_customize_per_network":false},"categories":[5],"tags":[379],"class_list":["post-16075","post","type-post","status-publish","format-standard","hentry","category-politica","tag-frente-mercedino-para-la-victoria","generate-columns","tablet-grid-50","mobile-grid-100","grid-parent","grid-50"],"jetpack_publicize_connections":[],"jetpack_featured_media_url":"","wps_subtitle":"","jetpack_sharing_enabled":true,"_links":{"self":[{"href":"https:\/\/www.hoymercedes.com.ar\/principal\/wp-json\/wp\/v2\/posts\/16075","targetHints":{"allow":["GET"]}}],"collection":[{"href":"https:\/\/www.hoymercedes.com.ar\/principal\/wp-json\/wp\/v2\/posts"}],"about":[{"href":"https:\/\/www.hoymercedes.com.ar\/principal\/wp-json\/wp\/v2\/types\/post"}],"author":[{"embeddable":true,"href":"https:\/\/www.hoymercedes.com.ar\/principal\/wp-json\/wp\/v2\/users\/1"}],"replies":[{"embeddable":true,"href":"https:\/\/www.hoymercedes.com.ar\/principal\/wp-json\/wp\/v2\/comments?post=16075"}],"version-history":[{"count":0,"href":"https:\/\/www.hoymercedes.com.ar\/principal\/wp-json\/wp\/v2\/posts\/16075\/revisions"}],"wp:attachment":[{"href":"https:\/\/www.hoymercedes.com.ar\/principal\/wp-json\/wp\/v2\/media?parent=16075"}],"wp:term":[{"taxonomy":"category","embeddable":true,"href":"https:\/\/www.hoymercedes.com.ar\/principal\/wp-json\/wp\/v2\/categories?post=16075"},{"taxonomy":"post_tag","embeddable":true,"href":"https:\/\/www.hoymercedes.com.ar\/principal\/wp-json\/wp\/v2\/tags?post=16075"}],"curies":[{"name":"wp","href":"https:\/\/api.w.org\/{rel}","templated":true}]}}