{"id":160789,"date":"2023-04-11T15:36:04","date_gmt":"2023-04-11T18:36:04","guid":{"rendered":"https:\/\/www.hoymercedes.com.ar\/principal\/?p=160789"},"modified":"2023-04-11T15:36:07","modified_gmt":"2023-04-11T18:36:07","slug":"abrio-inscripcion-a-las-expo-unlu-charlas-de-difusion-y-orientacion-vocacional-2023","status":"publish","type":"post","link":"https:\/\/www.hoymercedes.com.ar\/principal\/2023\/04\/11\/abrio-inscripcion-a-las-expo-unlu-charlas-de-difusion-y-orientacion-vocacional-2023\/","title":{"rendered":"Abri\u00f3 inscripci\u00f3n a las Expo UNLu, Charlas de Difusi\u00f3n y Orientaci\u00f3n Vocacional 2023"},"content":{"rendered":"\n<p>Las Escuelas Secundarias de m\u00e1s de 25 ciudades de la regi\u00f3n ya pueden inscribirse online en las actividades de difusi\u00f3n y orientaci\u00f3n vocacional que brindar\u00e1 la UNLu en este 2023, en el marco de la articulaci\u00f3n \u00ab<em>Del Secundario a la Universidad\u00bb<\/em>\u00a0que lleva adelante junto con Jefaturas Regionales del nivel educativo.<\/p>\n\n\n<div class=\"wp-block-image\">\n<figure class=\"aligncenter size-full\"><img loading=\"lazy\" decoding=\"async\" width=\"640\" height=\"427\" data-attachment-id=\"160790\" data-permalink=\"https:\/\/www.hoymercedes.com.ar\/principal\/2023\/04\/11\/abrio-inscripcion-a-las-expo-unlu-charlas-de-difusion-y-orientacion-vocacional-2023\/expounlu\/#main\" data-orig-file=\"https:\/\/www.hoymercedes.com.ar\/principal\/wp-content\/uploads\/2023\/04\/expounlu.jpeg\" data-orig-size=\"640,427\" data-comments-opened=\"0\" data-image-meta=\"{&quot;aperture&quot;:&quot;4.5&quot;,&quot;credit&quot;:&quot;&quot;,&quot;camera&quot;:&quot;NIKON D3300&quot;,&quot;caption&quot;:&quot;&quot;,&quot;created_timestamp&quot;:&quot;1623943035&quot;,&quot;copyright&quot;:&quot;&quot;,&quot;focal_length&quot;:&quot;28&quot;,&quot;iso&quot;:&quot;200&quot;,&quot;shutter_speed&quot;:&quot;0.005&quot;,&quot;title&quot;:&quot;&quot;,&quot;orientation&quot;:&quot;1&quot;}\" data-image-title=\"expounlu\" data-image-description=\"\" data-image-caption=\"\" data-large-file=\"https:\/\/www.hoymercedes.com.ar\/principal\/wp-content\/uploads\/2023\/04\/expounlu.jpeg\" src=\"https:\/\/www.hoymercedes.com.ar\/principal\/wp-content\/uploads\/2023\/04\/expounlu.jpeg\" alt=\"\" class=\"wp-image-160790\" srcset=\"https:\/\/www.hoymercedes.com.ar\/principal\/wp-content\/uploads\/2023\/04\/expounlu.jpeg 640w, https:\/\/www.hoymercedes.com.ar\/principal\/wp-content\/uploads\/2023\/04\/expounlu-630x420.jpeg 630w, https:\/\/www.hoymercedes.com.ar\/principal\/wp-content\/uploads\/2023\/04\/expounlu-150x100.jpeg 150w\" sizes=\"auto, (max-width: 640px) 100vw, 640px\" \/><\/figure>\n<\/div>\n\n\n<p>De este modo, estudiantes de los \u00faltimos a\u00f1os de las escuelas secundarias p\u00fablicas y privadas de la regi\u00f3n podr\u00e1n sumarse a los m\u00e1s de 40 mil chicos y chicas que desde 2017 participan de charlas universitarias, talleres de orientaci\u00f3n vocacional y distintas Expos UNLu que se vienen desarrollando en conjunto al nivel secundario con el objetivo de fortalecer la continuidad educativa.<\/p>\n\n\n\n<p>La UNLu articula con las Jefaturas Regionales 9, 10, 11 y 15 tres acciones complementarias con el objetivo de brindarle a los estudiantes herramientas adecuadas y eficaces para la b\u00fasqueda de sus futuras carreras universitarias, mediante espacios de reflexi\u00f3n sobre sus vocaciones y las posibilidades de salida laboral.<\/p>\n\n\n\n<p><strong>La inscripci\u00f3n a estas actividades ya puede realizarse mediante un&nbsp;<a href=\"https:\/\/docs.google.com\/forms\/d\/e\/1FAIpQLSfOhMKAOcy6sZn5w0ALn63BS7MkHKk9IV5FVCJwy2iSE1Jm5g\/viewform\" target=\"_blank\" rel=\"noopener\">formulario online que se encuentra disponible en este enlace<\/a>.<\/strong><\/p>\n\n\n\n<p>Se trata de tres acciones para facilitar el acceso, la elecci\u00f3n y la permanencia de los estudiantes del nivel secundario en el nivel superior:<br>&nbsp;<br><strong>* Charlas UNLu 2023<\/strong>: la UNLu se acerca a las escuelas secundarias para interactuar con los estudiantes del \u00faltimo a\u00f1o y abordar de manera integral la tem\u00e1tica \u201cser universitario\u201d, analizando junto a ellos los elementos a tener en cuenta a la hora de elegir una carrera y una universidad. Estas charlas est\u00e1n destinadas a estudiantes del \u00faltimo a\u00f1o del nivel secundario. Pueden ser presenciales o virtuales, y duran hasta 60 minutos como m\u00e1ximo.<br>&nbsp;<br><strong>* Orientaci\u00f3n vocacional<\/strong>: la Universidad pone a disposici\u00f3n de los escuelas secundarias dos modalidades de intervenci\u00f3n tendientes a favorecer el proceso de focalizaci\u00f3n de intereses, motivaciones e influencias respecto a inquietudes vocacionales\/ocupacionales, un&nbsp; \u201cTaller de Orientaci\u00f3n Vocacional\u201d en formato virtual o presencial en la UNLu y un \u201cCuadernillo de Orientaci\u00f3n Vocacional\u201d con actividades para que los estudiantes puedan trabajar con su docente la identificaci\u00f3n de intereses, gustos y motivaciones, en archivo descargable e imprimible.<\/p>\n\n\n\n<p><strong>* Expos UNLu<\/strong>: la Universidad recibe en sus sedes Chivilcoy, el 18 de mayo; en San Miguel, el 4 de agosto; en Campana, el 23 de agosto; y en Luj\u00e1n, el 20 de octubre, a los estudiantes del nivel secundario en un marco especialmente preparado para que puedan interactuar con docentes y profesionales, y a su vez realizar actividades que permitan experimentar y conocer desde la pr\u00e1ctica los contenidos de cada una de las 25 carreras que ofrece.<\/p>\n\n\n\n<p>La UNLu realiza estas actividades a trav\u00e9s de la Direcci\u00f3n de Difusi\u00f3n e Informaci\u00f3n Institucional, dependiente de la Direcci\u00f3n General de Extensi\u00f3n y la Secretar\u00eda de Extensi\u00f3n e Integraci\u00f3n con la Comunidad; y en conjunto con la Divisi\u00f3n de Orientaci\u00f3n Vocacional, dependiente de la Direcci\u00f3n General de Bienestar Universitario y la Secretar\u00eda de Bienestar Universitario y Asuntos Estudiantiles.<\/p>\n\n\n\n<p>Para m\u00e1s informaci\u00f3n y contactos en la UNLu puede utilizarse el whatsapp 2323 463228, el correo electr\u00f3nico&nbsp;<a href=\"mailto:articulacionunlu@gmail.com\">articulacionunlu@gmail.com<\/a>&nbsp;o el tel\u00e9fono 2323 423171 \/ 423979, interno 1421.<\/p>\n\n\n\n<p><strong>Tambi\u00e9n se encuentra disponible para descargar la&nbsp;<a href=\"http:\/\/www.prensa.unlu.edu.ar\/sites\/www.prensa.unlu.edu.ar\/files\/site\/2022\/img\/2023%20Del%20Secundario%20a%20la%20Universidad%20-%20Articulaci%C3%B3n%20UNLu%20_Jefatura%20Regional%20%281%29.docx.pdf\" target=\"_blank\" rel=\"noopener\">presentaci\u00f3n de estas actividades en formato pdf<\/a>.<\/strong><\/p>\n","protected":false},"excerpt":{"rendered":"<p>Las Escuelas Secundarias de m\u00e1s de 25 ciudades de la regi\u00f3n ya pueden inscribirse online en las actividades de difusi\u00f3n &#8230; <a title=\"Abri\u00f3 inscripci\u00f3n a las Expo UNLu, Charlas de Difusi\u00f3n y Orientaci\u00f3n Vocacional 2023\" class=\"read-more\" href=\"https:\/\/www.hoymercedes.com.ar\/principal\/2023\/04\/11\/abrio-inscripcion-a-las-expo-unlu-charlas-de-difusion-y-orientacion-vocacional-2023\/\" aria-label=\"Leer m\u00e1s sobre Abri\u00f3 inscripci\u00f3n a las Expo UNLu, Charlas de Difusi\u00f3n y Orientaci\u00f3n Vocacional 2023\">Leer m\u00e1s<\/a><\/p>\n","protected":false},"author":1,"featured_media":160790,"comment_status":"closed","ping_status":"open","sticky":false,"template":"","format":"standard","meta":{"_monsterinsights_skip_tracking":false,"_monsterinsights_sitenote_active":false,"_monsterinsights_sitenote_note":"","_monsterinsights_sitenote_category":0,"jetpack_post_was_ever_published":false,"_jetpack_newsletter_access":"","_jetpack_dont_email_post_to_subs":false,"_jetpack_newsletter_tier_id":0,"_jetpack_memberships_contains_paywalled_content":false,"_jetpack_memberships_contains_paid_content":false,"footnotes":"","jetpack_publicize_message":"","jetpack_publicize_feature_enabled":true,"jetpack_social_post_already_shared":true,"jetpack_social_options":{"image_generator_settings":{"template":"highway","default_image_id":0,"font":"","enabled":false},"version":2},"_wpas_customize_per_network":false},"categories":[8],"tags":[],"class_list":["post-160789","post","type-post","status-publish","format-standard","has-post-thumbnail","hentry","category-sociedad","generate-columns","tablet-grid-50","mobile-grid-100","grid-parent","grid-50"],"jetpack_publicize_connections":[],"jetpack_featured_media_url":"https:\/\/www.hoymercedes.com.ar\/principal\/wp-content\/uploads\/2023\/04\/expounlu.jpeg","wps_subtitle":"","jetpack_sharing_enabled":true,"_links":{"self":[{"href":"https:\/\/www.hoymercedes.com.ar\/principal\/wp-json\/wp\/v2\/posts\/160789","targetHints":{"allow":["GET"]}}],"collection":[{"href":"https:\/\/www.hoymercedes.com.ar\/principal\/wp-json\/wp\/v2\/posts"}],"about":[{"href":"https:\/\/www.hoymercedes.com.ar\/principal\/wp-json\/wp\/v2\/types\/post"}],"author":[{"embeddable":true,"href":"https:\/\/www.hoymercedes.com.ar\/principal\/wp-json\/wp\/v2\/users\/1"}],"replies":[{"embeddable":true,"href":"https:\/\/www.hoymercedes.com.ar\/principal\/wp-json\/wp\/v2\/comments?post=160789"}],"version-history":[{"count":0,"href":"https:\/\/www.hoymercedes.com.ar\/principal\/wp-json\/wp\/v2\/posts\/160789\/revisions"}],"wp:featuredmedia":[{"embeddable":true,"href":"https:\/\/www.hoymercedes.com.ar\/principal\/wp-json\/wp\/v2\/media\/160790"}],"wp:attachment":[{"href":"https:\/\/www.hoymercedes.com.ar\/principal\/wp-json\/wp\/v2\/media?parent=160789"}],"wp:term":[{"taxonomy":"category","embeddable":true,"href":"https:\/\/www.hoymercedes.com.ar\/principal\/wp-json\/wp\/v2\/categories?post=160789"},{"taxonomy":"post_tag","embeddable":true,"href":"https:\/\/www.hoymercedes.com.ar\/principal\/wp-json\/wp\/v2\/tags?post=160789"}],"curies":[{"name":"wp","href":"https:\/\/api.w.org\/{rel}","templated":true}]}}