{"id":160823,"date":"2023-04-12T09:30:01","date_gmt":"2023-04-12T12:30:01","guid":{"rendered":"https:\/\/www.hoymercedes.com.ar\/principal\/?p=160823"},"modified":"2023-04-12T09:30:03","modified_gmt":"2023-04-12T12:30:03","slug":"perpetua-por-matar-al-ex-de-su-pareja","status":"publish","type":"post","link":"https:\/\/www.hoymercedes.com.ar\/principal\/2023\/04\/12\/perpetua-por-matar-al-ex-de-su-pareja\/","title":{"rendered":"Perpetua por matar al ex de su pareja"},"content":{"rendered":"\n<p>En la jornada del 4 de abril del corriente se dio a conocer en el Tribunal Oral en lo Criminal N\u00b0 3 del Departamento Judicial Mercedes, el veredicto en el marco del debate oral y p\u00fablico contra Virginia Da Silva Cabral (34 a\u00f1os, de nacionalidad paraguaya) y Edgar Ram\u00f3n Salinas (43 a\u00f1os, de nacionalidad paraguaya) por el homicidio de Guido Ram\u00f3n Quiroga Silvero -ex pareja de la imputada -. El hecho ocurri\u00f3 entre el 28 y 29 de julio de 2017 en la localidad de Navarro.\u00a0 Da Silva Cabral y Silvero, se hab\u00edan separado unos meses antes del luctuoso episodio.\u00a0<\/p>\n\n\n\n<p>El 28 de julio, Da Silva Cabral se encontr\u00f3 con su ex pareja, en la casa en la que hab\u00edan convivido en la localidad de Moreno. Posteriormente ambos salieron de la vivienda y se subieron al autom\u00f3vil Peugeot 505, de Edgar Ram\u00f3n Salinas, con quien Da Silva Cabral manten\u00eda una relaci\u00f3n sentimental y conoc\u00eda la relaci\u00f3n de pareja que hab\u00eda tenido esta con su ex, dirigi\u00e9ndose los tres hacia la ciudad de Navarro. <\/p>\n\n\n\n<p>En el transcurso del viaje, la mujer y su actual pareja le aplicaron a Silvero un fuerte golpe con un objeto contundente en la cabeza, lo asfixiaron, lo maniataron y amarraron a una piedra, para finalmente arrojarlo al arroyo del puente denominado \u00abBruno\u00bb, sito en un camino vecinal de Navarro.\u00a0<\/p>\n\n\n\n<p>Para los jueces Dres. Ignacio Racca, Juan Manuel Renaud Mas y Daniel Eugenio Machain, la imputaci\u00f3n sostenida por el fiscal de Juicio, Dr. Guillermo Massaroni fue legal y debidamente fundada, y resolvieron, por unanimidad, condenar a Da Silva Cabral a la pena de 12 (doce) a\u00f1os de prisi\u00f3n, accesorias legales y costas del proceso, y a Edgar Ram\u00f3n Salinas a la pena de prisi\u00f3n perpetua al encontrarlos autores penalmente responsables del delito de \u201cHomicidio agravado por haberse perpetrado contra una persona con quien se ha mantenido una relaci\u00f3n de pareja, mediare o no convivencia\u201d.&nbsp;<\/p>\n\n\n\n<p>Para arribar a dicha resoluci\u00f3n se basaron en los diversos elementos que se adjuntaron a la causa, los cuales se ventilaron durante el debate oral llevado a cabo que concluy\u00f3 el 27 de marzo del corriente. Adem\u00e1s, se resalt\u00f3 que &#8211; en relaci\u00f3n a la condena de la mujer &#8211; la historia de vida de Da Silva Cabral y hechos particulares que se\u00a0 ventilaron en el debate e incidieron en su accionar, configuraron circunstancias extraordinarias de atenuaci\u00f3n.\u00a0<\/p>\n\n\n\n<p>Fuente: Ministerio P\u00fablico Fiscal &#8211; Depto Judicial Mercedes<\/p>\n","protected":false},"excerpt":{"rendered":"<p>En la jornada del 4 de abril del corriente se dio a conocer en el Tribunal Oral en lo Criminal &#8230; <a title=\"Perpetua por matar al ex de su pareja\" class=\"read-more\" href=\"https:\/\/www.hoymercedes.com.ar\/principal\/2023\/04\/12\/perpetua-por-matar-al-ex-de-su-pareja\/\" aria-label=\"Leer m\u00e1s sobre Perpetua por matar al ex de su pareja\">Leer m\u00e1s<\/a><\/p>\n","protected":false},"author":1,"featured_media":127982,"comment_status":"closed","ping_status":"open","sticky":false,"template":"","format":"standard","meta":{"_monsterinsights_skip_tracking":false,"_monsterinsights_sitenote_active":false,"_monsterinsights_sitenote_note":"","_monsterinsights_sitenote_category":0,"jetpack_post_was_ever_published":false,"_jetpack_newsletter_access":"","_jetpack_dont_email_post_to_subs":false,"_jetpack_newsletter_tier_id":0,"_jetpack_memberships_contains_paywalled_content":false,"_jetpack_memberships_contains_paid_content":false,"footnotes":"","jetpack_publicize_message":"","jetpack_publicize_feature_enabled":true,"jetpack_social_post_already_shared":true,"jetpack_social_options":{"image_generator_settings":{"template":"highway","default_image_id":0,"font":"","enabled":false},"version":2},"_wpas_customize_per_network":false},"categories":[85],"tags":[],"class_list":["post-160823","post","type-post","status-publish","format-standard","has-post-thumbnail","hentry","category-policial","generate-columns","tablet-grid-50","mobile-grid-100","grid-parent","grid-50"],"jetpack_publicize_connections":[],"jetpack_featured_media_url":"https:\/\/www.hoymercedes.com.ar\/principal\/wp-content\/uploads\/2021\/04\/PoliciaComual.jpg","wps_subtitle":"","jetpack_sharing_enabled":true,"_links":{"self":[{"href":"https:\/\/www.hoymercedes.com.ar\/principal\/wp-json\/wp\/v2\/posts\/160823","targetHints":{"allow":["GET"]}}],"collection":[{"href":"https:\/\/www.hoymercedes.com.ar\/principal\/wp-json\/wp\/v2\/posts"}],"about":[{"href":"https:\/\/www.hoymercedes.com.ar\/principal\/wp-json\/wp\/v2\/types\/post"}],"author":[{"embeddable":true,"href":"https:\/\/www.hoymercedes.com.ar\/principal\/wp-json\/wp\/v2\/users\/1"}],"replies":[{"embeddable":true,"href":"https:\/\/www.hoymercedes.com.ar\/principal\/wp-json\/wp\/v2\/comments?post=160823"}],"version-history":[{"count":0,"href":"https:\/\/www.hoymercedes.com.ar\/principal\/wp-json\/wp\/v2\/posts\/160823\/revisions"}],"wp:featuredmedia":[{"embeddable":true,"href":"https:\/\/www.hoymercedes.com.ar\/principal\/wp-json\/wp\/v2\/media\/127982"}],"wp:attachment":[{"href":"https:\/\/www.hoymercedes.com.ar\/principal\/wp-json\/wp\/v2\/media?parent=160823"}],"wp:term":[{"taxonomy":"category","embeddable":true,"href":"https:\/\/www.hoymercedes.com.ar\/principal\/wp-json\/wp\/v2\/categories?post=160823"},{"taxonomy":"post_tag","embeddable":true,"href":"https:\/\/www.hoymercedes.com.ar\/principal\/wp-json\/wp\/v2\/tags?post=160823"}],"curies":[{"name":"wp","href":"https:\/\/api.w.org\/{rel}","templated":true}]}}