{"id":160826,"date":"2023-04-12T13:33:00","date_gmt":"2023-04-12T16:33:00","guid":{"rendered":"https:\/\/www.hoymercedes.com.ar\/principal\/?p=160826"},"modified":"2023-04-12T14:41:51","modified_gmt":"2023-04-12T17:41:51","slug":"algo-de-tu-vida-por-oscar-dinova","status":"publish","type":"post","link":"https:\/\/www.hoymercedes.com.ar\/principal\/2023\/04\/12\/algo-de-tu-vida-por-oscar-dinova\/","title":{"rendered":"\u00abAlgo de tu Vida\u00bb por Oscar Dinova"},"content":{"rendered":"\n<p>\u201cLos a\u00f1os que no tenemos son los que hemos vivido\u201d (G.Galilei)<\/p>\n\n\n\n<p>Ah\u00ed anda con sus peque\u00f1os pasos,<br>peque\u00f1os, casi inaudibles,<br>ellos avanzan imperceptibles\u2026<br>Se va marcando ligeramente<br>el tiempo que nos dedica\/<br>nos acerca amigos,<br>nos envuelven dulzuras<br>y para saber que estamos, aqu\u00ed,<br>en este valle de imprevistas l\u00e1grimas<br>tambi\u00e9n nos aporta sus amarguras.<br>As\u00ed, poco a poco quedan lejos;<br>la sonrisa de la madre,<br>la mano segura del padre,<br>sin advertirlo siquiera,<br>estamos a la intemperie<br>enfrentando vientos y tempestades\/<br>por suerte en alg\u00fan recodo,<br>una mano amiga nos acerca al remanso.<br>Es un continuo y un discontinuo,<br>un torbellino de ajetreos,<br>y casi sin darnos cuenta<br>un tanto demasiado a prisa,<br>pasamos de padres a abuelos.<br>Quisi\u00e9ramos ver de vuelta la pel\u00edcula,<br>cortar alg\u00fan pedazo, corregirla y emparcharla,<br>ahora que distinguimos mejor<br>entre lo urgente y lo importante\u2026<br>pero esta no rebobina,<br>no admite ediciones caprichosas\/<br>Solo avanza.<br>As\u00ed que, intentemos que cada paso<br>(o algunos al menos)<br>dejen una peque\u00f1a huella, una buena,<br>h\u00fameda como los ojos que celebran verte<br>y festejar en tu d\u00eda\u2026<br>un te-quiero-grande, un abrazo estrecho,<br>un hola, \u00a1qu\u00e9 bueno!<br>haber compartido algo de tu vida.<\/p>\n\n\n\n<p>Oscar Dinova, 12 de abril \u00b456<\/p>\n","protected":false},"excerpt":{"rendered":"<p>\u201cLos a\u00f1os que no tenemos son los que hemos vivido\u201d (G.Galilei) Ah\u00ed anda con sus peque\u00f1os pasos,peque\u00f1os, casi inaudibles,ellos avanzan &#8230; <a title=\"\u00abAlgo de tu Vida\u00bb por Oscar Dinova\" class=\"read-more\" href=\"https:\/\/www.hoymercedes.com.ar\/principal\/2023\/04\/12\/algo-de-tu-vida-por-oscar-dinova\/\" aria-label=\"Leer m\u00e1s sobre \u00abAlgo de tu Vida\u00bb por Oscar Dinova\">Leer m\u00e1s<\/a><\/p>\n","protected":false},"author":1,"featured_media":160827,"comment_status":"closed","ping_status":"open","sticky":false,"template":"","format":"standard","meta":{"_monsterinsights_skip_tracking":false,"_monsterinsights_sitenote_active":false,"_monsterinsights_sitenote_note":"","_monsterinsights_sitenote_category":0,"jetpack_post_was_ever_published":false,"_jetpack_newsletter_access":"","_jetpack_dont_email_post_to_subs":false,"_jetpack_newsletter_tier_id":0,"_jetpack_memberships_contains_paywalled_content":false,"_jetpack_memberships_contains_paid_content":false,"footnotes":"","jetpack_publicize_message":"","jetpack_publicize_feature_enabled":true,"jetpack_social_post_already_shared":true,"jetpack_social_options":{"image_generator_settings":{"template":"highway","default_image_id":0,"font":"","enabled":false},"version":2},"_wpas_customize_per_network":false},"categories":[8],"tags":[],"class_list":["post-160826","post","type-post","status-publish","format-standard","has-post-thumbnail","hentry","category-sociedad","generate-columns","tablet-grid-50","mobile-grid-100","grid-parent","grid-50"],"jetpack_publicize_connections":[],"jetpack_featured_media_url":"https:\/\/www.hoymercedes.com.ar\/principal\/wp-content\/uploads\/2023\/04\/dinova-cumple.jpg","wps_subtitle":"","jetpack_sharing_enabled":true,"_links":{"self":[{"href":"https:\/\/www.hoymercedes.com.ar\/principal\/wp-json\/wp\/v2\/posts\/160826","targetHints":{"allow":["GET"]}}],"collection":[{"href":"https:\/\/www.hoymercedes.com.ar\/principal\/wp-json\/wp\/v2\/posts"}],"about":[{"href":"https:\/\/www.hoymercedes.com.ar\/principal\/wp-json\/wp\/v2\/types\/post"}],"author":[{"embeddable":true,"href":"https:\/\/www.hoymercedes.com.ar\/principal\/wp-json\/wp\/v2\/users\/1"}],"replies":[{"embeddable":true,"href":"https:\/\/www.hoymercedes.com.ar\/principal\/wp-json\/wp\/v2\/comments?post=160826"}],"version-history":[{"count":0,"href":"https:\/\/www.hoymercedes.com.ar\/principal\/wp-json\/wp\/v2\/posts\/160826\/revisions"}],"wp:featuredmedia":[{"embeddable":true,"href":"https:\/\/www.hoymercedes.com.ar\/principal\/wp-json\/wp\/v2\/media\/160827"}],"wp:attachment":[{"href":"https:\/\/www.hoymercedes.com.ar\/principal\/wp-json\/wp\/v2\/media?parent=160826"}],"wp:term":[{"taxonomy":"category","embeddable":true,"href":"https:\/\/www.hoymercedes.com.ar\/principal\/wp-json\/wp\/v2\/categories?post=160826"},{"taxonomy":"post_tag","embeddable":true,"href":"https:\/\/www.hoymercedes.com.ar\/principal\/wp-json\/wp\/v2\/tags?post=160826"}],"curies":[{"name":"wp","href":"https:\/\/api.w.org\/{rel}","templated":true}]}}