{"id":160836,"date":"2023-04-12T17:01:00","date_gmt":"2023-04-12T20:01:00","guid":{"rendered":"https:\/\/www.hoymercedes.com.ar\/principal\/?p=160836"},"modified":"2023-04-12T15:09:48","modified_gmt":"2023-04-12T18:09:48","slug":"capacitacion-abierta-sobre-marketing-digital","status":"publish","type":"post","link":"https:\/\/www.hoymercedes.com.ar\/principal\/2023\/04\/12\/capacitacion-abierta-sobre-marketing-digital\/","title":{"rendered":"Capacitaci\u00f3n abierta sobre Marketing Digital"},"content":{"rendered":"\n<p>La C\u00e1mara Econ\u00f3mica Mercedes a trav\u00e9s de la Subcomisi\u00f3n de Mujeres llevar\u00e1 adelante una capacitaci\u00f3n abierta a la comunidad sobre \u00abMarketing Digital para Redes Sociales\u00bb<\/p>\n\n\n\n<p>La capacitaci\u00f3n estar\u00e1 a cargo de Daniela Gabriele. Ser\u00e1 el mi\u00e9rcoles 19 de abril, 14:30 horas, en la sede de la CEM (Av 29 N\u00b0 638). La actividad es abierta a todo p\u00fablico y gratuita.<\/p>\n\n\n\n<p>En la capacitaci\u00f3n se definir\u00e1 la estrategia de marca en tres simples pasos, brindar\u00e1 herramientas de c\u00f3mo obtener ideas de contenido para la marca o comercio, y dar\u00e1n aplicaciones para la carga autom\u00e1tica de contenido en las redes sociales. <\/p>\n\n\n\n<p>Est\u00e1 dirigido a emprendedores, profesionales y comerciantes que quieran desarrollar el plan de marketing del negocio y tener presencia en los entornos digitales. A su vez, personas que quieran conocer las herramientas m\u00e1s utilizadas en el mercado para el uso de RRSS y optimicen el tiempo. <\/p>\n\n\n\n<p>Link de inscripci\u00f3n: <a href=\"https:\/\/forms.gle\/Bt5bNrBDh3DqvZyU6 \" target=\"_blank\" rel=\"noopener\">https:\/\/forms.gle\/Bt5bNrBDh3DqvZyU6 <\/a><\/p>\n\n\n\n<p>Desde las Mujeres CEM agradecen el apoyo de Mujeres Empresarias CAME, Mujeres Empresarias FEBA y el auspicio de Prumiel, miel de abejas, que hacen posible esta actividad.<\/p>\n\n\n<div class=\"wp-block-image\">\n<figure class=\"aligncenter size-full\"><img loading=\"lazy\" decoding=\"async\" width=\"526\" height=\"526\" data-attachment-id=\"160837\" data-permalink=\"https:\/\/www.hoymercedes.com.ar\/principal\/2023\/04\/12\/capacitacion-abierta-sobre-marketing-digital\/capaci-cem-mujeres\/#main\" data-orig-file=\"https:\/\/www.hoymercedes.com.ar\/principal\/wp-content\/uploads\/2023\/04\/capaci-CEM-mujeres.jpg\" data-orig-size=\"526,526\" data-comments-opened=\"0\" data-image-meta=\"{&quot;aperture&quot;:&quot;0&quot;,&quot;credit&quot;:&quot;&quot;,&quot;camera&quot;:&quot;&quot;,&quot;caption&quot;:&quot;&quot;,&quot;created_timestamp&quot;:&quot;0&quot;,&quot;copyright&quot;:&quot;&quot;,&quot;focal_length&quot;:&quot;0&quot;,&quot;iso&quot;:&quot;0&quot;,&quot;shutter_speed&quot;:&quot;0&quot;,&quot;title&quot;:&quot;&quot;,&quot;orientation&quot;:&quot;0&quot;}\" data-image-title=\"capaci CEM mujeres\" data-image-description=\"\" data-image-caption=\"\" data-large-file=\"https:\/\/www.hoymercedes.com.ar\/principal\/wp-content\/uploads\/2023\/04\/capaci-CEM-mujeres.jpg\" src=\"https:\/\/www.hoymercedes.com.ar\/principal\/wp-content\/uploads\/2023\/04\/capaci-CEM-mujeres.jpg\" alt=\"\" class=\"wp-image-160837\" srcset=\"https:\/\/www.hoymercedes.com.ar\/principal\/wp-content\/uploads\/2023\/04\/capaci-CEM-mujeres.jpg 526w, https:\/\/www.hoymercedes.com.ar\/principal\/wp-content\/uploads\/2023\/04\/capaci-CEM-mujeres-150x150.jpg 150w\" sizes=\"auto, (max-width: 526px) 100vw, 526px\" \/><\/figure>\n<\/div>","protected":false},"excerpt":{"rendered":"<p>La C\u00e1mara Econ\u00f3mica Mercedes a trav\u00e9s de la Subcomisi\u00f3n de Mujeres llevar\u00e1 adelante una capacitaci\u00f3n abierta a la comunidad sobre &#8230; <a title=\"Capacitaci\u00f3n abierta sobre Marketing Digital\" class=\"read-more\" href=\"https:\/\/www.hoymercedes.com.ar\/principal\/2023\/04\/12\/capacitacion-abierta-sobre-marketing-digital\/\" aria-label=\"Leer m\u00e1s sobre Capacitaci\u00f3n abierta sobre Marketing Digital\">Leer m\u00e1s<\/a><\/p>\n","protected":false},"author":1,"featured_media":160837,"comment_status":"closed","ping_status":"open","sticky":false,"template":"","format":"standard","meta":{"_monsterinsights_skip_tracking":false,"_monsterinsights_sitenote_active":false,"_monsterinsights_sitenote_note":"","_monsterinsights_sitenote_category":0,"jetpack_post_was_ever_published":false,"_jetpack_newsletter_access":"","_jetpack_dont_email_post_to_subs":false,"_jetpack_newsletter_tier_id":0,"_jetpack_memberships_contains_paywalled_content":false,"_jetpack_memberships_contains_paid_content":false,"footnotes":"","jetpack_publicize_message":"","jetpack_publicize_feature_enabled":true,"jetpack_social_post_already_shared":true,"jetpack_social_options":{"image_generator_settings":{"template":"highway","default_image_id":0,"font":"","enabled":false},"version":2},"_wpas_customize_per_network":false},"categories":[8],"tags":[],"class_list":["post-160836","post","type-post","status-publish","format-standard","has-post-thumbnail","hentry","category-sociedad","generate-columns","tablet-grid-50","mobile-grid-100","grid-parent","grid-50"],"jetpack_publicize_connections":[],"jetpack_featured_media_url":"https:\/\/www.hoymercedes.com.ar\/principal\/wp-content\/uploads\/2023\/04\/capaci-CEM-mujeres.jpg","wps_subtitle":"","jetpack_sharing_enabled":true,"_links":{"self":[{"href":"https:\/\/www.hoymercedes.com.ar\/principal\/wp-json\/wp\/v2\/posts\/160836","targetHints":{"allow":["GET"]}}],"collection":[{"href":"https:\/\/www.hoymercedes.com.ar\/principal\/wp-json\/wp\/v2\/posts"}],"about":[{"href":"https:\/\/www.hoymercedes.com.ar\/principal\/wp-json\/wp\/v2\/types\/post"}],"author":[{"embeddable":true,"href":"https:\/\/www.hoymercedes.com.ar\/principal\/wp-json\/wp\/v2\/users\/1"}],"replies":[{"embeddable":true,"href":"https:\/\/www.hoymercedes.com.ar\/principal\/wp-json\/wp\/v2\/comments?post=160836"}],"version-history":[{"count":0,"href":"https:\/\/www.hoymercedes.com.ar\/principal\/wp-json\/wp\/v2\/posts\/160836\/revisions"}],"wp:featuredmedia":[{"embeddable":true,"href":"https:\/\/www.hoymercedes.com.ar\/principal\/wp-json\/wp\/v2\/media\/160837"}],"wp:attachment":[{"href":"https:\/\/www.hoymercedes.com.ar\/principal\/wp-json\/wp\/v2\/media?parent=160836"}],"wp:term":[{"taxonomy":"category","embeddable":true,"href":"https:\/\/www.hoymercedes.com.ar\/principal\/wp-json\/wp\/v2\/categories?post=160836"},{"taxonomy":"post_tag","embeddable":true,"href":"https:\/\/www.hoymercedes.com.ar\/principal\/wp-json\/wp\/v2\/tags?post=160836"}],"curies":[{"name":"wp","href":"https:\/\/api.w.org\/{rel}","templated":true}]}}