{"id":160854,"date":"2023-04-13T09:28:30","date_gmt":"2023-04-13T12:28:30","guid":{"rendered":"https:\/\/www.hoymercedes.com.ar\/principal\/?p=160854"},"modified":"2023-04-13T09:28:32","modified_gmt":"2023-04-13T12:28:32","slug":"estrellas-amarillas-y-el-area-de-seguridad-en-la-proyeccion-de-historias-de-alcohol-al-volante","status":"publish","type":"post","link":"https:\/\/www.hoymercedes.com.ar\/principal\/2023\/04\/13\/estrellas-amarillas-y-el-area-de-seguridad-en-la-proyeccion-de-historias-de-alcohol-al-volante\/","title":{"rendered":"Estrellas Amarillas y el \u00e1rea de Seguridad en la proyecci\u00f3n de \u00abHistorias de alcohol al volante\u00bb"},"content":{"rendered":"\n<p>El Grupo Estrellas Amarillas Mercedes y representantes de la Secretar\u00eda de Seguridad Municipal participaron de un evento organizado por la Agencia Nacional de Seguridad Vial que tuvo como objetivo presentar cuatro cortometrajes que cuentan la historia de siniestros viales ocurridos en los \u00faltimos a\u00f1os. Cortometrajes que documentan los testimonios de v\u00edctimas y de familiares de v\u00edctimas fatales de siniestros viales en los que el responsable del hecho conduc\u00eda alcoholizado. <\/p>\n\n\n<div class=\"wp-block-image\">\n<figure class=\"aligncenter size-full\"><img loading=\"lazy\" decoding=\"async\" width=\"800\" height=\"533\" data-attachment-id=\"160855\" data-permalink=\"https:\/\/www.hoymercedes.com.ar\/principal\/2023\/04\/13\/estrellas-amarillas-y-el-area-de-seguridad-en-la-proyeccion-de-historias-de-alcohol-al-volante\/img_20230412_202012045_copy_800x533\/#main\" data-orig-file=\"https:\/\/www.hoymercedes.com.ar\/principal\/wp-content\/uploads\/2023\/04\/IMG_20230412_202012045_copy_800x533.jpg\" data-orig-size=\"800,533\" data-comments-opened=\"0\" data-image-meta=\"{&quot;aperture&quot;:&quot;0&quot;,&quot;credit&quot;:&quot;&quot;,&quot;camera&quot;:&quot;&quot;,&quot;caption&quot;:&quot;&quot;,&quot;created_timestamp&quot;:&quot;0&quot;,&quot;copyright&quot;:&quot;&quot;,&quot;focal_length&quot;:&quot;0&quot;,&quot;iso&quot;:&quot;0&quot;,&quot;shutter_speed&quot;:&quot;0&quot;,&quot;title&quot;:&quot;&quot;,&quot;orientation&quot;:&quot;0&quot;}\" data-image-title=\"IMG_20230412_202012045_copy_800x533\" data-image-description=\"\" data-image-caption=\"&lt;p&gt;El Grupo Estrellas Amarilla junto a los familiares de las v\u00edctimas fatales de los sinestros relatados en los cortometrajes. &lt;\/p&gt;\n\" data-large-file=\"https:\/\/www.hoymercedes.com.ar\/principal\/wp-content\/uploads\/2023\/04\/IMG_20230412_202012045_copy_800x533.jpg\" src=\"https:\/\/www.hoymercedes.com.ar\/principal\/wp-content\/uploads\/2023\/04\/IMG_20230412_202012045_copy_800x533.jpg\" alt=\"\" class=\"wp-image-160855\" srcset=\"https:\/\/www.hoymercedes.com.ar\/principal\/wp-content\/uploads\/2023\/04\/IMG_20230412_202012045_copy_800x533.jpg 800w, https:\/\/www.hoymercedes.com.ar\/principal\/wp-content\/uploads\/2023\/04\/IMG_20230412_202012045_copy_800x533-630x420.jpg 630w, https:\/\/www.hoymercedes.com.ar\/principal\/wp-content\/uploads\/2023\/04\/IMG_20230412_202012045_copy_800x533-150x100.jpg 150w, https:\/\/www.hoymercedes.com.ar\/principal\/wp-content\/uploads\/2023\/04\/IMG_20230412_202012045_copy_800x533-700x465.jpg 700w\" sizes=\"auto, (max-width: 800px) 100vw, 800px\" \/><figcaption class=\"wp-element-caption\">El Grupo Estrellas Amarilla junto a los familiares de las v\u00edctimas fatales de los sinestros relatados en los cortometrajes. <\/figcaption><\/figure>\n<\/div>\n\n\n<p>En la tarde del mi\u00e9rcoles, en el Cine Gaumont de CABA, la Agencia Nacional de Seguridad Vial present\u00f3 \u201cHistorias de alcohol al volante\u201d. Cuatro cortometrajes con historias que reconstruyen siniestros viales ocasionados por conductores bajo los efectos del alcohol. La actividad se llev\u00f3 adelante anticipando el tratamiento del proyecto de ley de Alcohol Cero al volante a nivel nacional que podr\u00eda tratarse este jueves en el Senado de la Naci\u00f3n.<\/p>\n\n\n\n<p>Invitados por la ANSV, en la presentaci\u00f3n de los cortometrajes estuvieron presentes representantes del \u00e1rea de Tr\u00e1nsito como de Protecci\u00f3n Civil de la Secretar\u00eda de Seguridad del Municipio de Mercedes. A su vez, extendieron la invitaci\u00f3n a familiares de v\u00edctimas fatales de siniestros viales. Es as\u00ed que estuvieron presentes integrantes del Grupo Estrellas Amarillas Mercedes que aprovecharon la oportunidad para contar los siniestros de sus familiares ante los medios que cubr\u00edan el evento. <\/p>\n\n\n<div class=\"wp-block-image\">\n<figure class=\"aligncenter size-full\"><img loading=\"lazy\" decoding=\"async\" width=\"800\" height=\"533\" data-attachment-id=\"160857\" data-permalink=\"https:\/\/www.hoymercedes.com.ar\/principal\/2023\/04\/13\/estrellas-amarillas-y-el-area-de-seguridad-en-la-proyeccion-de-historias-de-alcohol-al-volante\/img_20230412_193235118_hdr_copy_800x533\/#main\" data-orig-file=\"https:\/\/www.hoymercedes.com.ar\/principal\/wp-content\/uploads\/2023\/04\/IMG_20230412_193235118_HDR_copy_800x533.jpg\" data-orig-size=\"800,533\" data-comments-opened=\"0\" data-image-meta=\"{&quot;aperture&quot;:&quot;0&quot;,&quot;credit&quot;:&quot;&quot;,&quot;camera&quot;:&quot;&quot;,&quot;caption&quot;:&quot;&quot;,&quot;created_timestamp&quot;:&quot;0&quot;,&quot;copyright&quot;:&quot;&quot;,&quot;focal_length&quot;:&quot;0&quot;,&quot;iso&quot;:&quot;0&quot;,&quot;shutter_speed&quot;:&quot;0&quot;,&quot;title&quot;:&quot;&quot;,&quot;orientation&quot;:&quot;0&quot;}\" data-image-title=\"IMG_20230412_193235118_HDR_copy_800x533\" data-image-description=\"\" data-image-caption=\"\" data-large-file=\"https:\/\/www.hoymercedes.com.ar\/principal\/wp-content\/uploads\/2023\/04\/IMG_20230412_193235118_HDR_copy_800x533.jpg\" src=\"https:\/\/www.hoymercedes.com.ar\/principal\/wp-content\/uploads\/2023\/04\/IMG_20230412_193235118_HDR_copy_800x533.jpg\" alt=\"\" class=\"wp-image-160857\" srcset=\"https:\/\/www.hoymercedes.com.ar\/principal\/wp-content\/uploads\/2023\/04\/IMG_20230412_193235118_HDR_copy_800x533.jpg 800w, https:\/\/www.hoymercedes.com.ar\/principal\/wp-content\/uploads\/2023\/04\/IMG_20230412_193235118_HDR_copy_800x533-630x420.jpg 630w, https:\/\/www.hoymercedes.com.ar\/principal\/wp-content\/uploads\/2023\/04\/IMG_20230412_193235118_HDR_copy_800x533-150x100.jpg 150w, https:\/\/www.hoymercedes.com.ar\/principal\/wp-content\/uploads\/2023\/04\/IMG_20230412_193235118_HDR_copy_800x533-700x465.jpg 700w\" sizes=\"auto, (max-width: 800px) 100vw, 800px\" \/><\/figure>\n<\/div>\n\n\n<p><strong>Cortometrajes<\/strong><\/p>\n\n\n\n<p>Las cuatro impactante historias presentadas en la gran pantalla refer\u00edan a siniestros ocurridos en C\u00f3rdoba, Corrientes, R\u00edo Negro y en CABA. La primera de las historia titulada \u00abLa Tragedia de Circunvalac\u00ed\u00f3n\u00bb presenta a Fernanda, sobreviviente del hecho en el que mueren su pareja y su amigo &#8211; Sol y Agust\u00edn &#8211; luego de que un veh\u00edculo impactase contra ellos. El conductor Alan Moedo ten\u00eda m\u00e1s de 2,7 mg de alcohol en sangre. Fernanda estuvo presente en la proyecci\u00f3n del cortometraje y resumi\u00f3 ante los presentes c\u00f3mo es su actualidad luego de 10 intervenciones quir\u00fargicas. <\/p>\n\n\n\n<p>La segunda historia proyectada fue conocida y reproducida en los medios a nivel nacional ya que ocurri\u00f3 hace un par de a\u00f1os a metros del Hip\u00f3dromo de Buenos Aires. Un auto circulaba a 150 km\/h teniendo 0.51 mg de alcohol y pas\u00f3 del carril impactando en el veh\u00edculo por el que circulaba una familia venezolana falleciendo dos de sus integrantes. <\/p>\n\n\n\n<p>La siguiente historia es conocida como \u00abLa tragedia Paso de la Patria\u00bb. Una pareja con sus dos hijos y el padre del hombre de la familia estaban de vacaciones y cuando salen abuelo, padre y nieto a comprar comida caminando son impactados por una camioneta cuyo conductor estaba alcoholizado y manejaba a 150 km\/h. Mueren el abuelo y el peque\u00f1o de 4 a\u00f1os. El padre sobreviviente junto a su esposa y a su segundo hijo se encontraban en la sala. <\/p>\n\n\n\n<p>Finalmente, la cuarta historia relata el siniestro vial en la que tres amigos hab\u00edan ido de mochileros a El Bols\u00f3n. Por la Ruta 40 un veh\u00edculo manejaba Juan que luego de festejar un cumplea\u00f1os en donde hab\u00eda tomado alcohol. Volv\u00eda a su casa, pero en el camino se pasa de carril y atropella a los tres j\u00f3venes. Tras el juicio y los a\u00f1os en prisi\u00f3n, se acerc\u00f3 a las familias de las v\u00edctimas para pedirles perd\u00f3n y contar su historia en las escuelas llevando el peso de la muerte de tres j\u00f3venes. <\/p>\n\n\n\n<p>La actividad la realizc\u00f3 ANSV en conjunto con el Instituto Nacional de Cine y Artes Audiovisuales (INCAA) y tuvo como \u00abobjetivo ser un espacio de reflexi\u00f3n y concientizaci\u00f3n, mientras se espera que el Senado de la Naci\u00f3n apruebe la Ley de Alcohol Cero al volante\u00bb. Los cortometrajes ser\u00e1n exhibidos en el canal CINE.AR TV.<\/p>\n\n\n\n<p>Entre las autoridades nacionales presentes estuvieron el Director Ejecutivo de la ANSV Pablo Mart\u00ednez Carignano y el Ministro de Transporte de la Naci\u00f3n, Diego Giuliano. Al t\u00e9rmino de la actividad, se acercaron al Congreso para sacarse una foto anticipando lo que ser\u00e1 el tratamiento en el Senado para que se apruebe la Ley de Alcohol Cero al volante en Argentina. <\/p>\n\n\n<div class=\"wp-block-image\">\n<figure class=\"aligncenter size-full\"><img loading=\"lazy\" decoding=\"async\" width=\"800\" height=\"533\" data-attachment-id=\"160856\" data-permalink=\"https:\/\/www.hoymercedes.com.ar\/principal\/2023\/04\/13\/estrellas-amarillas-y-el-area-de-seguridad-en-la-proyeccion-de-historias-de-alcohol-al-volante\/img_20230412_193357968_hdr_copy_800x533\/#main\" data-orig-file=\"https:\/\/www.hoymercedes.com.ar\/principal\/wp-content\/uploads\/2023\/04\/IMG_20230412_193357968_HDR_copy_800x533.jpg\" data-orig-size=\"800,533\" data-comments-opened=\"0\" data-image-meta=\"{&quot;aperture&quot;:&quot;0&quot;,&quot;credit&quot;:&quot;&quot;,&quot;camera&quot;:&quot;&quot;,&quot;caption&quot;:&quot;&quot;,&quot;created_timestamp&quot;:&quot;0&quot;,&quot;copyright&quot;:&quot;&quot;,&quot;focal_length&quot;:&quot;0&quot;,&quot;iso&quot;:&quot;0&quot;,&quot;shutter_speed&quot;:&quot;0&quot;,&quot;title&quot;:&quot;&quot;,&quot;orientation&quot;:&quot;0&quot;}\" data-image-title=\"IMG_20230412_193357968_HDR_copy_800x533\" data-image-description=\"\" data-image-caption=\"\" data-large-file=\"https:\/\/www.hoymercedes.com.ar\/principal\/wp-content\/uploads\/2023\/04\/IMG_20230412_193357968_HDR_copy_800x533.jpg\" src=\"https:\/\/www.hoymercedes.com.ar\/principal\/wp-content\/uploads\/2023\/04\/IMG_20230412_193357968_HDR_copy_800x533.jpg\" alt=\"\" class=\"wp-image-160856\" srcset=\"https:\/\/www.hoymercedes.com.ar\/principal\/wp-content\/uploads\/2023\/04\/IMG_20230412_193357968_HDR_copy_800x533.jpg 800w, https:\/\/www.hoymercedes.com.ar\/principal\/wp-content\/uploads\/2023\/04\/IMG_20230412_193357968_HDR_copy_800x533-630x420.jpg 630w, https:\/\/www.hoymercedes.com.ar\/principal\/wp-content\/uploads\/2023\/04\/IMG_20230412_193357968_HDR_copy_800x533-150x100.jpg 150w, https:\/\/www.hoymercedes.com.ar\/principal\/wp-content\/uploads\/2023\/04\/IMG_20230412_193357968_HDR_copy_800x533-700x465.jpg 700w\" sizes=\"auto, (max-width: 800px) 100vw, 800px\" \/><\/figure>\n<\/div>","protected":false},"excerpt":{"rendered":"<p>El Grupo Estrellas Amarillas Mercedes y representantes de la Secretar\u00eda de Seguridad Municipal participaron de un evento organizado por la &#8230; <a title=\"Estrellas Amarillas y el \u00e1rea de Seguridad en la proyecci\u00f3n de \u00abHistorias de alcohol al volante\u00bb\" class=\"read-more\" href=\"https:\/\/www.hoymercedes.com.ar\/principal\/2023\/04\/13\/estrellas-amarillas-y-el-area-de-seguridad-en-la-proyeccion-de-historias-de-alcohol-al-volante\/\" aria-label=\"Leer m\u00e1s sobre Estrellas Amarillas y el \u00e1rea de Seguridad en la proyecci\u00f3n de \u00abHistorias de alcohol al volante\u00bb\">Leer m\u00e1s<\/a><\/p>\n","protected":false},"author":1,"featured_media":160857,"comment_status":"closed","ping_status":"open","sticky":false,"template":"","format":"standard","meta":{"_monsterinsights_skip_tracking":false,"_monsterinsights_sitenote_active":false,"_monsterinsights_sitenote_note":"","_monsterinsights_sitenote_category":0,"jetpack_post_was_ever_published":false,"_jetpack_newsletter_access":"","_jetpack_dont_email_post_to_subs":false,"_jetpack_newsletter_tier_id":0,"_jetpack_memberships_contains_paywalled_content":false,"_jetpack_memberships_contains_paid_content":false,"footnotes":"","jetpack_publicize_message":"","jetpack_publicize_feature_enabled":true,"jetpack_social_post_already_shared":true,"jetpack_social_options":{"image_generator_settings":{"template":"highway","default_image_id":0,"font":"","enabled":false},"version":2},"_wpas_customize_per_network":false},"categories":[8],"tags":[],"class_list":["post-160854","post","type-post","status-publish","format-standard","has-post-thumbnail","hentry","category-sociedad","generate-columns","tablet-grid-50","mobile-grid-100","grid-parent","grid-50"],"jetpack_publicize_connections":[],"jetpack_featured_media_url":"https:\/\/www.hoymercedes.com.ar\/principal\/wp-content\/uploads\/2023\/04\/IMG_20230412_193235118_HDR_copy_800x533.jpg","wps_subtitle":"","jetpack_sharing_enabled":true,"_links":{"self":[{"href":"https:\/\/www.hoymercedes.com.ar\/principal\/wp-json\/wp\/v2\/posts\/160854","targetHints":{"allow":["GET"]}}],"collection":[{"href":"https:\/\/www.hoymercedes.com.ar\/principal\/wp-json\/wp\/v2\/posts"}],"about":[{"href":"https:\/\/www.hoymercedes.com.ar\/principal\/wp-json\/wp\/v2\/types\/post"}],"author":[{"embeddable":true,"href":"https:\/\/www.hoymercedes.com.ar\/principal\/wp-json\/wp\/v2\/users\/1"}],"replies":[{"embeddable":true,"href":"https:\/\/www.hoymercedes.com.ar\/principal\/wp-json\/wp\/v2\/comments?post=160854"}],"version-history":[{"count":0,"href":"https:\/\/www.hoymercedes.com.ar\/principal\/wp-json\/wp\/v2\/posts\/160854\/revisions"}],"wp:featuredmedia":[{"embeddable":true,"href":"https:\/\/www.hoymercedes.com.ar\/principal\/wp-json\/wp\/v2\/media\/160857"}],"wp:attachment":[{"href":"https:\/\/www.hoymercedes.com.ar\/principal\/wp-json\/wp\/v2\/media?parent=160854"}],"wp:term":[{"taxonomy":"category","embeddable":true,"href":"https:\/\/www.hoymercedes.com.ar\/principal\/wp-json\/wp\/v2\/categories?post=160854"},{"taxonomy":"post_tag","embeddable":true,"href":"https:\/\/www.hoymercedes.com.ar\/principal\/wp-json\/wp\/v2\/tags?post=160854"}],"curies":[{"name":"wp","href":"https:\/\/api.w.org\/{rel}","templated":true}]}}