{"id":160859,"date":"2023-04-12T21:26:33","date_gmt":"2023-04-13T00:26:33","guid":{"rendered":"https:\/\/www.hoymercedes.com.ar\/principal\/?p=160859"},"modified":"2023-04-12T21:26:35","modified_gmt":"2023-04-13T00:26:35","slug":"el-coro-kennedy-a-beneficio-de-la-divina-providencia","status":"publish","type":"post","link":"https:\/\/www.hoymercedes.com.ar\/principal\/2023\/04\/12\/el-coro-kennedy-a-beneficio-de-la-divina-providencia\/","title":{"rendered":"El Coro Kennedy a beneficio de la Divina Providencia"},"content":{"rendered":"\n<p>La Cooperadora del Hogar Divina Providencia anunci\u00f3 que el venidero 22 de abril, se presentar\u00e1 el Coro Kennedy en el teatro Argentino Julio C\u00e9sar Gioscio a beneficio del Hogar. <\/p>\n\n\n\n<p>A partir de la hora 20:30, comenzar\u00e1 el espect\u00e1culo que tendr\u00e1 un bono colaboraci\u00f3n de 500 pesos. Las entradas est\u00e1n a la venta en el Teatro. Auspicia Municipalidad de Mercedes.<\/p>\n\n\n\n<p>Mar\u00eda del Carmen Silva, titular de la cooperadora Hogar Divina Providencia agradeci\u00f3 al Coro Kennedy y al Municipio \u201ccomo as\u00ed tambi\u00e9n a todos los que nos est\u00e1n brindando una mano para poder llevar adelante este evento\u00bb.<\/p>\n\n\n\n<p>Extendiendo la invitaci\u00f3n a la comunidad, Silva destac\u00f3 la solidaridad de los vecinos ante la instituci\u00f3n que lleva en la comunidad de Mercedes 130 a\u00f1os.<\/p>\n\n\n\n<figure class=\"wp-block-image size-full\"><img loading=\"lazy\" decoding=\"async\" width=\"800\" height=\"800\" data-attachment-id=\"160860\" data-permalink=\"https:\/\/www.hoymercedes.com.ar\/principal\/2023\/04\/12\/el-coro-kennedy-a-beneficio-de-la-divina-providencia\/img-20230412-wa0036_copy_800x800\/#main\" data-orig-file=\"https:\/\/www.hoymercedes.com.ar\/principal\/wp-content\/uploads\/2023\/04\/IMG-20230412-WA0036_copy_800x800.jpg\" data-orig-size=\"800,800\" data-comments-opened=\"0\" data-image-meta=\"{&quot;aperture&quot;:&quot;0&quot;,&quot;credit&quot;:&quot;&quot;,&quot;camera&quot;:&quot;&quot;,&quot;caption&quot;:&quot;&quot;,&quot;created_timestamp&quot;:&quot;0&quot;,&quot;copyright&quot;:&quot;&quot;,&quot;focal_length&quot;:&quot;0&quot;,&quot;iso&quot;:&quot;0&quot;,&quot;shutter_speed&quot;:&quot;0&quot;,&quot;title&quot;:&quot;&quot;,&quot;orientation&quot;:&quot;0&quot;}\" data-image-title=\"IMG-20230412-WA0036_copy_800x800\" data-image-description=\"\" data-image-caption=\"\" data-large-file=\"https:\/\/www.hoymercedes.com.ar\/principal\/wp-content\/uploads\/2023\/04\/IMG-20230412-WA0036_copy_800x800.jpg\" src=\"https:\/\/www.hoymercedes.com.ar\/principal\/wp-content\/uploads\/2023\/04\/IMG-20230412-WA0036_copy_800x800.jpg\" alt=\"\" class=\"wp-image-160860\" srcset=\"https:\/\/www.hoymercedes.com.ar\/principal\/wp-content\/uploads\/2023\/04\/IMG-20230412-WA0036_copy_800x800.jpg 800w, https:\/\/www.hoymercedes.com.ar\/principal\/wp-content\/uploads\/2023\/04\/IMG-20230412-WA0036_copy_800x800-620x620.jpg 620w, https:\/\/www.hoymercedes.com.ar\/principal\/wp-content\/uploads\/2023\/04\/IMG-20230412-WA0036_copy_800x800-150x150.jpg 150w\" sizes=\"auto, (max-width: 800px) 100vw, 800px\" \/><\/figure>\n\n\n\n<p> <\/p>\n","protected":false},"excerpt":{"rendered":"<p>La Cooperadora del Hogar Divina Providencia anunci\u00f3 que el venidero 22 de abril, se presentar\u00e1 el Coro Kennedy en el &#8230; <a title=\"El Coro Kennedy a beneficio de la Divina Providencia\" class=\"read-more\" href=\"https:\/\/www.hoymercedes.com.ar\/principal\/2023\/04\/12\/el-coro-kennedy-a-beneficio-de-la-divina-providencia\/\" aria-label=\"Leer m\u00e1s sobre El Coro Kennedy a beneficio de la Divina Providencia\">Leer m\u00e1s<\/a><\/p>\n","protected":false},"author":1,"featured_media":160860,"comment_status":"closed","ping_status":"open","sticky":false,"template":"","format":"standard","meta":{"_monsterinsights_skip_tracking":false,"_monsterinsights_sitenote_active":false,"_monsterinsights_sitenote_note":"","_monsterinsights_sitenote_category":0,"jetpack_post_was_ever_published":false,"_jetpack_newsletter_access":"","_jetpack_dont_email_post_to_subs":false,"_jetpack_newsletter_tier_id":0,"_jetpack_memberships_contains_paywalled_content":false,"_jetpack_memberships_contains_paid_content":false,"footnotes":"","jetpack_publicize_message":"","jetpack_publicize_feature_enabled":true,"jetpack_social_post_already_shared":true,"jetpack_social_options":{"image_generator_settings":{"template":"highway","default_image_id":0,"font":"","enabled":false},"version":2},"_wpas_customize_per_network":false},"categories":[104],"tags":[7805],"class_list":["post-160859","post","type-post","status-publish","format-standard","has-post-thumbnail","hentry","category-cultura","tag-cultura","generate-columns","tablet-grid-50","mobile-grid-100","grid-parent","grid-50"],"jetpack_publicize_connections":[],"jetpack_featured_media_url":"https:\/\/www.hoymercedes.com.ar\/principal\/wp-content\/uploads\/2023\/04\/IMG-20230412-WA0036_copy_800x800.jpg","wps_subtitle":"","jetpack_sharing_enabled":true,"_links":{"self":[{"href":"https:\/\/www.hoymercedes.com.ar\/principal\/wp-json\/wp\/v2\/posts\/160859","targetHints":{"allow":["GET"]}}],"collection":[{"href":"https:\/\/www.hoymercedes.com.ar\/principal\/wp-json\/wp\/v2\/posts"}],"about":[{"href":"https:\/\/www.hoymercedes.com.ar\/principal\/wp-json\/wp\/v2\/types\/post"}],"author":[{"embeddable":true,"href":"https:\/\/www.hoymercedes.com.ar\/principal\/wp-json\/wp\/v2\/users\/1"}],"replies":[{"embeddable":true,"href":"https:\/\/www.hoymercedes.com.ar\/principal\/wp-json\/wp\/v2\/comments?post=160859"}],"version-history":[{"count":0,"href":"https:\/\/www.hoymercedes.com.ar\/principal\/wp-json\/wp\/v2\/posts\/160859\/revisions"}],"wp:featuredmedia":[{"embeddable":true,"href":"https:\/\/www.hoymercedes.com.ar\/principal\/wp-json\/wp\/v2\/media\/160860"}],"wp:attachment":[{"href":"https:\/\/www.hoymercedes.com.ar\/principal\/wp-json\/wp\/v2\/media?parent=160859"}],"wp:term":[{"taxonomy":"category","embeddable":true,"href":"https:\/\/www.hoymercedes.com.ar\/principal\/wp-json\/wp\/v2\/categories?post=160859"},{"taxonomy":"post_tag","embeddable":true,"href":"https:\/\/www.hoymercedes.com.ar\/principal\/wp-json\/wp\/v2\/tags?post=160859"}],"curies":[{"name":"wp","href":"https:\/\/api.w.org\/{rel}","templated":true}]}}