{"id":160863,"date":"2023-04-12T23:47:49","date_gmt":"2023-04-13T02:47:49","guid":{"rendered":"https:\/\/www.hoymercedes.com.ar\/principal\/?p=160863"},"modified":"2023-04-12T23:47:52","modified_gmt":"2023-04-13T02:47:52","slug":"fallecio-uno-de-los-camioneros-del-choque-de-ruta-5","status":"publish","type":"post","link":"https:\/\/www.hoymercedes.com.ar\/principal\/2023\/04\/12\/fallecio-uno-de-los-camioneros-del-choque-de-ruta-5\/","title":{"rendered":"Falleci\u00f3 uno de los camioneros del choque de ruta 5"},"content":{"rendered":"\n<p>El informe de la Estaci\u00f3n de Polic\u00eda Comunal de Chivilcoy indica que tras la colisi\u00f3n entre los camiones en la Ruta 5, km 152, falleci\u00f3 uno de los camioneros. Se trata de un chofer oriundo de Santa Fe. Conduc\u00eda un cami\u00f3n Ford. <\/p>\n\n\n<div class=\"wp-block-image\">\n<figure class=\"aligncenter size-full\"><img loading=\"lazy\" decoding=\"async\" width=\"800\" height=\"533\" data-attachment-id=\"160867\" data-permalink=\"https:\/\/www.hoymercedes.com.ar\/principal\/2023\/04\/12\/fallecio-uno-de-los-camioneros-del-choque-de-ruta-5\/341307271_1396762171159330_1930589764394798364_n\/#main\" data-orig-file=\"https:\/\/www.hoymercedes.com.ar\/principal\/wp-content\/uploads\/2023\/04\/341307271_1396762171159330_1930589764394798364_n.jpg\" data-orig-size=\"800,533\" data-comments-opened=\"0\" data-image-meta=\"{&quot;aperture&quot;:&quot;0&quot;,&quot;credit&quot;:&quot;&quot;,&quot;camera&quot;:&quot;&quot;,&quot;caption&quot;:&quot;&quot;,&quot;created_timestamp&quot;:&quot;1681342978&quot;,&quot;copyright&quot;:&quot;&quot;,&quot;focal_length&quot;:&quot;0&quot;,&quot;iso&quot;:&quot;0&quot;,&quot;shutter_speed&quot;:&quot;0&quot;,&quot;title&quot;:&quot;&quot;,&quot;orientation&quot;:&quot;1&quot;}\" data-image-title=\"341307271_1396762171159330_1930589764394798364_n\" data-image-description=\"\" data-image-caption=\"\" data-large-file=\"https:\/\/www.hoymercedes.com.ar\/principal\/wp-content\/uploads\/2023\/04\/341307271_1396762171159330_1930589764394798364_n.jpg\" src=\"https:\/\/www.hoymercedes.com.ar\/principal\/wp-content\/uploads\/2023\/04\/341307271_1396762171159330_1930589764394798364_n.jpg\" alt=\"\" class=\"wp-image-160867\" srcset=\"https:\/\/www.hoymercedes.com.ar\/principal\/wp-content\/uploads\/2023\/04\/341307271_1396762171159330_1930589764394798364_n.jpg 800w, https:\/\/www.hoymercedes.com.ar\/principal\/wp-content\/uploads\/2023\/04\/341307271_1396762171159330_1930589764394798364_n-630x420.jpg 630w, https:\/\/www.hoymercedes.com.ar\/principal\/wp-content\/uploads\/2023\/04\/341307271_1396762171159330_1930589764394798364_n-150x100.jpg 150w, https:\/\/www.hoymercedes.com.ar\/principal\/wp-content\/uploads\/2023\/04\/341307271_1396762171159330_1930589764394798364_n-700x465.jpg 700w\" sizes=\"auto, (max-width: 800px) 100vw, 800px\" \/><\/figure>\n<\/div>\n\n\n<p>Por razones que se desconocen, un cami\u00f3n Iveco 450 , color blanco, dominio KTZ457 con semirrolque refrigerado, dominio MTB900, que circulaba vac\u00edo en sentido Suipacha-Chivilcoy conducido por Julio Coronel , de 51 a\u00f1os por razones que se desconocen al salir de la curva all\u00ed ubicada , invade la mano contraria embistiendo el lateral izquierdo de un cami\u00f3n Ford Cargo 1722, color gris, dominio CWK720 con acoplado jaula , cargado con ganado vacuno en pie que circulaba en sentido contrario , conducido por Joaquin Javier Rancini, de 24 a\u00f1os. <\/p>\n\n\n\n<p>Producto de esta colisi\u00f3n el cami\u00f3n Iveco sin control impacta en forma frontal con un cami\u00f3n tractor Ford Cargo 1722 , color blanco, dominio NRS843, que circulaba detr\u00e1s del cami\u00f3n jaula, conducido por Sergio Daniel Taconi, de 41 a\u00f1os.<br>Luego de la violenta colisi\u00f3n frontal entre ambos veh\u00edculos de gran porte , ambos finalizan en el sector de pr\u00e9stamo de la mano de circulaci\u00f3n Chivilcoy-Suipacha con sus dos conductores atrapados dentro de los hierros retorcidos de las cabinas , de donde fueron rescatados. <\/p>\n\n\n\n<p>Luego de una ardua tarea realizada por personal de Bomberos Voluntarios de Chivilcoy y derivados al Hospital Municipal de esta ciudad con heridas de car\u00e1cter grave, donde m\u00e1s tarde el chofer del cami\u00f3n Ford Cargo tractor , Sergio Daniel Taconi fallece a ra\u00edz de las heridas recibidas. Por otro lado el chofer del cami\u00f3n jaula result\u00f3 ileso. En tanto, Coronel presenta traumatismo de cr\u00e1neo y fractura expuesta de femur. <\/p>\n\n\n\n<p>Intervino Sub Estacion de Policia Comunal O.I Dardo Garelli, Policia Vial , Bomberos Voluntarios de Chivilcoy, Ambulancias del SAME de Chivilcoy y personal del concesionario vial Corredores Viales. Informaron que tom\u00f3 intervenci\u00f3n la UFI N\u00b0 6 de Mercedes.<\/p>\n\n\n\n<p>Colaboracion Jorge Lasala de Suipacha <\/p>\n\n\n<div class=\"wp-block-image\">\n<figure class=\"aligncenter size-full\"><img loading=\"lazy\" decoding=\"async\" width=\"800\" height=\"533\" data-attachment-id=\"160868\" data-permalink=\"https:\/\/www.hoymercedes.com.ar\/principal\/2023\/04\/12\/fallecio-uno-de-los-camioneros-del-choque-de-ruta-5\/341060541_768833424603878_1531971721652650501_n\/#main\" data-orig-file=\"https:\/\/www.hoymercedes.com.ar\/principal\/wp-content\/uploads\/2023\/04\/341060541_768833424603878_1531971721652650501_n.jpg\" data-orig-size=\"800,533\" data-comments-opened=\"0\" data-image-meta=\"{&quot;aperture&quot;:&quot;0&quot;,&quot;credit&quot;:&quot;&quot;,&quot;camera&quot;:&quot;&quot;,&quot;caption&quot;:&quot;&quot;,&quot;created_timestamp&quot;:&quot;1681342998&quot;,&quot;copyright&quot;:&quot;&quot;,&quot;focal_length&quot;:&quot;0&quot;,&quot;iso&quot;:&quot;0&quot;,&quot;shutter_speed&quot;:&quot;0&quot;,&quot;title&quot;:&quot;&quot;,&quot;orientation&quot;:&quot;1&quot;}\" data-image-title=\"341060541_768833424603878_1531971721652650501_n\" data-image-description=\"\" data-image-caption=\"\" data-large-file=\"https:\/\/www.hoymercedes.com.ar\/principal\/wp-content\/uploads\/2023\/04\/341060541_768833424603878_1531971721652650501_n.jpg\" src=\"https:\/\/www.hoymercedes.com.ar\/principal\/wp-content\/uploads\/2023\/04\/341060541_768833424603878_1531971721652650501_n.jpg\" alt=\"\" class=\"wp-image-160868\" srcset=\"https:\/\/www.hoymercedes.com.ar\/principal\/wp-content\/uploads\/2023\/04\/341060541_768833424603878_1531971721652650501_n.jpg 800w, https:\/\/www.hoymercedes.com.ar\/principal\/wp-content\/uploads\/2023\/04\/341060541_768833424603878_1531971721652650501_n-630x420.jpg 630w, https:\/\/www.hoymercedes.com.ar\/principal\/wp-content\/uploads\/2023\/04\/341060541_768833424603878_1531971721652650501_n-150x100.jpg 150w, https:\/\/www.hoymercedes.com.ar\/principal\/wp-content\/uploads\/2023\/04\/341060541_768833424603878_1531971721652650501_n-700x465.jpg 700w\" sizes=\"auto, (max-width: 800px) 100vw, 800px\" \/><\/figure>\n<\/div>","protected":false},"excerpt":{"rendered":"<p>El informe de la Estaci\u00f3n de Polic\u00eda Comunal de Chivilcoy indica que tras la colisi\u00f3n entre los camiones en la &#8230; <a title=\"Falleci\u00f3 uno de los camioneros del choque de ruta 5\" class=\"read-more\" href=\"https:\/\/www.hoymercedes.com.ar\/principal\/2023\/04\/12\/fallecio-uno-de-los-camioneros-del-choque-de-ruta-5\/\" aria-label=\"Leer m\u00e1s sobre Falleci\u00f3 uno de los camioneros del choque de ruta 5\">Leer m\u00e1s<\/a><\/p>\n","protected":false},"author":1,"featured_media":160868,"comment_status":"closed","ping_status":"open","sticky":false,"template":"","format":"standard","meta":{"_monsterinsights_skip_tracking":false,"_monsterinsights_sitenote_active":false,"_monsterinsights_sitenote_note":"","_monsterinsights_sitenote_category":0,"jetpack_post_was_ever_published":false,"_jetpack_newsletter_access":"","_jetpack_dont_email_post_to_subs":false,"_jetpack_newsletter_tier_id":0,"_jetpack_memberships_contains_paywalled_content":false,"_jetpack_memberships_contains_paid_content":false,"footnotes":"","jetpack_publicize_message":"","jetpack_publicize_feature_enabled":true,"jetpack_social_post_already_shared":true,"jetpack_social_options":{"image_generator_settings":{"template":"highway","default_image_id":0,"font":"","enabled":false},"version":2},"_wpas_customize_per_network":false},"categories":[85],"tags":[],"class_list":["post-160863","post","type-post","status-publish","format-standard","has-post-thumbnail","hentry","category-policial","generate-columns","tablet-grid-50","mobile-grid-100","grid-parent","grid-50"],"jetpack_publicize_connections":[],"jetpack_featured_media_url":"https:\/\/www.hoymercedes.com.ar\/principal\/wp-content\/uploads\/2023\/04\/341060541_768833424603878_1531971721652650501_n.jpg","wps_subtitle":"","jetpack_sharing_enabled":true,"_links":{"self":[{"href":"https:\/\/www.hoymercedes.com.ar\/principal\/wp-json\/wp\/v2\/posts\/160863","targetHints":{"allow":["GET"]}}],"collection":[{"href":"https:\/\/www.hoymercedes.com.ar\/principal\/wp-json\/wp\/v2\/posts"}],"about":[{"href":"https:\/\/www.hoymercedes.com.ar\/principal\/wp-json\/wp\/v2\/types\/post"}],"author":[{"embeddable":true,"href":"https:\/\/www.hoymercedes.com.ar\/principal\/wp-json\/wp\/v2\/users\/1"}],"replies":[{"embeddable":true,"href":"https:\/\/www.hoymercedes.com.ar\/principal\/wp-json\/wp\/v2\/comments?post=160863"}],"version-history":[{"count":0,"href":"https:\/\/www.hoymercedes.com.ar\/principal\/wp-json\/wp\/v2\/posts\/160863\/revisions"}],"wp:featuredmedia":[{"embeddable":true,"href":"https:\/\/www.hoymercedes.com.ar\/principal\/wp-json\/wp\/v2\/media\/160868"}],"wp:attachment":[{"href":"https:\/\/www.hoymercedes.com.ar\/principal\/wp-json\/wp\/v2\/media?parent=160863"}],"wp:term":[{"taxonomy":"category","embeddable":true,"href":"https:\/\/www.hoymercedes.com.ar\/principal\/wp-json\/wp\/v2\/categories?post=160863"},{"taxonomy":"post_tag","embeddable":true,"href":"https:\/\/www.hoymercedes.com.ar\/principal\/wp-json\/wp\/v2\/tags?post=160863"}],"curies":[{"name":"wp","href":"https:\/\/api.w.org\/{rel}","templated":true}]}}