{"id":16091,"date":"2012-09-13T21:37:04","date_gmt":"2012-09-13T21:37:04","guid":{"rendered":"http:\/\/www.hoymercedes.com.ar\/principal\/?p=16091"},"modified":"2012-09-13T21:45:07","modified_gmt":"2012-09-13T21:45:07","slug":"municipales-mercedinos-en-asamblea-publica-regional-por-mejoras-laborales","status":"publish","type":"post","link":"https:\/\/www.hoymercedes.com.ar\/principal\/2012\/09\/13\/municipales-mercedinos-en-asamblea-publica-regional-por-mejoras-laborales\/","title":{"rendered":"Municipales mercedinos en asamblea p\u00fablica regional por mejoras laborales"},"content":{"rendered":"<p>Se ha dado a conocer desde el \u00e1mbito provincial que engloba a los trabajadores municipales agremiados una serie de medidas que tienen como principal herramienta las asambleas en pos de mejorar sus condiciones laborales y principalmente derogar la ley que impide las paritarias.<\/p>\n<p>Es por ello que la Confederaci\u00f3n de Trabajadores Municipales de la Provincia de Buenos Aires convoca a asambleas regionales en diversos puntos de la provincia y bajo un cronograma en el cual ya se anuncia la participaci\u00f3n de representantes de nuestra ciudad.<\/p>\n<p>Desde la confederaci\u00f3n dan a conocer la informaci\u00f3n con lo que es su opini\u00f3n y el cronograma de asambleas que reproducimos a continuaci\u00f3n:<\/p>\n<p style=\"padding-left: 60px;\">Del 12 al 28 de septiembre los trabajadores municipales de la provincia de Buenos Aires realizar\u00e1n asambleas p\u00fablicas regionales con legisladores y fuerzas vivas de cada localidad. Los gremios quieren derogar una ley de los 90 \u201cque tiene precarizado a los trabajadores del sector\u201d y otorga amplias facultades a los barones del conurbano. La jornada de concientizaci\u00f3n y debate finalizar\u00e1 en octubre con una \u201cmovilizaci\u00f3n multitudinaria a la legislatura de la provincia\u201d.<\/p>\n<p style=\"padding-left: 60px;\">Cerca de un centenar de gremios municipales de la provincia de Buenos que integran la Federaci\u00f3n de Sindicatos Municipales Bonaerense (FeSiMuBo), comenzaron una jornada de asambleas p\u00fablicas regionales que se extender\u00e1 durante todo el mes de septiembre y tiene por objetivo \u201cdebatir la problem\u00e1tica que afecta al sector\u201d.<\/p>\n<p style=\"padding-left: 60px;\">En este sentido, el secretario general de la FeSiMuBo y titular de la Confederaci\u00f3n de Trabajadores Municipales de la Rep\u00fablica Argentina (CTM), Rub\u00e9n \u00b4Cholo\u00b4 Garc\u00eda, explic\u00f3 que durante el trascurso de dos semanas \u201cconvocamos a Diputados, Senadores, Intendentes, Concejales y fuerzas vivas de la provincia de Buenos Aires para debatir en forma urgente la problem\u00e1tica que venimos padeciendo desde hace dos d\u00e9cadas los trabajadores municipales\u201d.<\/p>\n<p style=\"padding-left: 60px;\">El dirigente gremial explic\u00f3 que existen dos proyectos de Ley en la C\u00e1mara de Diputados de la provincia de Buenos Aires que \u201cesperan ser debatidos en el recinto\u201d. Los mismos fueron presentados en el per\u00edodo del a\u00f1o 2005 al 2009 cuando Garc\u00eda se desempe\u00f1aba como diputado provincial y luego fue retomado por el diputado Jorge Mancini que, pese a tener actualmente el consenso en la comisi\u00f3n de Asuntos Municipales y por los diversos bloques del legislativo, no llega a debatirse en el recinto \u201cporque es paralizado por las fuertes presiones que ejercen los intendentes y caciques del conurbano\u201d. Mientras tanto, sigue vigente una Ley de los a\u00f1os \u201890, la N\u00b0 11.757, que mantiene \u201cesclavizado al trabajador municipal y les otorga amplios poderes a los intendentes y barones del conurbano para manejar con pu\u00f1o de hierro las comunas\u201d, indic\u00f3 el l\u00edder de los municipales.<\/p>\n<p style=\"padding-left: 60px;\">\u201cLos trabajadores estamos discriminados, no podemos tener paritarias para discutir salarios como cualquier otro gremio. En muchas comunas, gran parte de los trabajadores est\u00e1n ocupados durante a\u00f1os con contratos basuras, renovables trimestral y semestralmente. Sus sueldos en muy pocos casos superan el Salario M\u00ednimo, Vital y M\u00f3vil, y generalmente est\u00e1n por debajo de la l\u00ednea de pobreza. En ocasiones est\u00e1n mejor pagos los planes sociales que los empleados municipales, y eso es lo que parecen buscar los intendentes\u201d, puntualiz\u00f3 Garc\u00eda.<\/p>\n<p style=\"padding-left: 60px;\">\u201cLa situaci\u00f3n es delicada\u201d advirti\u00f3 el titular de la FeSiMuBo, y de no resolverse en forma urgente \u201ccomenzar\u00e1 por afectar sensiblemente la calidad de los servicios comunales (sanitarios, salud, obras p\u00fablicas, acci\u00f3n social, tr\u00e1nsito, etc) que brindan los trabajadores de los municipios en cada localidad. Con sueldos que en la mayor parte de los casos est\u00e1n por debajo de la l\u00ednea de la pobreza, y con una fuerte presi\u00f3n laboral que recae sobre las espaldas de los trabajadores, terminar\u00e1 por desmoronar los servicios y parar la provincia\u201d.<\/p>\n<p style=\"padding-left: 60px;\">La jornada comenz\u00f3 el mi\u00e9rcoles 12 de septiembre con una asamblea p\u00fablica en la sede sindical del la localidad de Monte Hermoso. Participaron dirigentes de los distritos de Bah\u00eda Blanca, Carmen de Patagones, Coronel Rosales, Tornquist y Monte Hermoso. El cronograma contin\u00faa hoy jueves 13 a las 11 horas, en la sede sindical de la localidad de Tres Arroyos. Participan dirigentes de los distritos de San Cayetano, Gonz\u00e1lez Ch\u00e1vez, Olavarr\u00eda, Azul, Necochea y Tres Arroyos.<\/p>\n<p style=\"padding-left: 60px;\">CRONOGRAMA PARE EL RESTO DEL MES<\/p>\n<p style=\"padding-left: 60px;\">Viernes 14 de Septiembre, 11 horas, en la sede sindical de la localidad de Dolores. Participan dirigentes de los distritos de General Pueyrred\u00f3n, Ayacucho, Castelli, Mar Chiquita, Balcarce, Tandil y Dolores.<\/p>\n<p style=\"padding-left: 60px;\">Martes 18 de Septiembre, 11 horas, en la sede sindical de la localidad de Ensenada. Participan dirigentes de los distritos de La Plata, Brandsen, Ca\u00f1uelas, San Vicente, San Miguel del Monte, General Paz, General Belgrano y Ensenada.<\/p>\n<p style=\"padding-left: 60px;\">Mi\u00e9rcoles 19 de Septiembre, 11 horas, en la sede sindical de la localidad de Pilar. Participan dirigentes de los distritos de Campana, Luj\u00e1n, Mercedes, Chivilcoy, San Nicol\u00e1s, Z\u00e1rate, San Pedro y Pilar.<\/p>\n<p style=\"padding-left: 60px;\">Jueves 20 de Septiembre, 11 horas, en la sede sindical de la localidad de Bolivar. Participan dirigentes de los distritos de General Alvear, Saladillo, Las Flores, Bragado y Bolivar.<\/p>\n<p style=\"padding-left: 60px;\">Viernes 21 de Septiembre, 11 horas, en la sede sindical de la localidad de Salto. Participan dirigentes de los distritos de Jun\u00edn, Rojas, Colon, Arrecifes y Salto.<\/p>\n<p style=\"padding-left: 60px;\">Martes 25 de Septiembre, 11 horas, en la sede sindical de la localidad de Tigre. Participan dirigentes de los distritos de San Isidro, San Fernando, San Mart\u00edn, Jos\u00e9 C. Paz, San Miguel, Malvinas Argentinas y Tigre.<\/p>\n<p style=\"padding-left: 60px;\">Mi\u00e9rcoles 26 de Septiembre, 11 horas, la sede sindical de la localidad de Merlo. Participan dirigentes de los distritos de Ituzaingo, Mor\u00f3n, Marcos Paz, Moreno, General Rodr\u00edguez y Merlo.<\/p>\n<p style=\"padding-left: 60px;\">Jueves 27 de Septiembre, 11 horas, en la sede sindical de la localidad de Quilmes. Participan dirigentes de los distritos de La Matanza, Avellaneda, Berazategui, Lomas de Zamora, Esteban Echeverr\u00eda y Quilmes.<\/p>\n<p style=\"padding-left: 60px;\">Viernes 28 de Septiembre, 11 horas, en la sede sindical de la localidad de Saavedra. Participan dirigentes de los distritos de Guamin\u00ed, Adolfo Alsina, Coronel Su\u00e1rez, General La Madrid, General Villegas, Pu\u00e1n y Saavedra.<\/p>\n","protected":false},"excerpt":{"rendered":"<p>Se ha dado a conocer desde el \u00e1mbito provincial que engloba a los trabajadores municipales agremiados una serie de medidas &#8230; <a title=\"Municipales mercedinos en asamblea p\u00fablica regional por mejoras laborales\" class=\"read-more\" href=\"https:\/\/www.hoymercedes.com.ar\/principal\/2012\/09\/13\/municipales-mercedinos-en-asamblea-publica-regional-por-mejoras-laborales\/\" aria-label=\"Leer m\u00e1s sobre Municipales mercedinos en asamblea p\u00fablica regional por mejoras laborales\">Leer m\u00e1s<\/a><\/p>\n","protected":false},"author":1,"featured_media":0,"comment_status":"open","ping_status":"open","sticky":false,"template":"","format":"standard","meta":{"_monsterinsights_skip_tracking":false,"_monsterinsights_sitenote_active":false,"_monsterinsights_sitenote_note":"","_monsterinsights_sitenote_category":0,"jetpack_post_was_ever_published":false,"_jetpack_newsletter_access":"","_jetpack_dont_email_post_to_subs":false,"_jetpack_newsletter_tier_id":0,"_jetpack_memberships_contains_paywalled_content":false,"_jetpack_memberships_contains_paid_content":false,"footnotes":"","jetpack_publicize_message":"","jetpack_publicize_feature_enabled":true,"jetpack_social_post_already_shared":false,"jetpack_social_options":{"image_generator_settings":{"template":"highway","default_image_id":0,"font":"","enabled":false},"version":2},"_wpas_customize_per_network":false},"categories":[5],"tags":[2229,2735],"class_list":["post-16091","post","type-post","status-publish","format-standard","hentry","category-politica","tag-confederacion-trabajadores-municipales","tag-trabajadores-municipales-mercedes","generate-columns","tablet-grid-50","mobile-grid-100","grid-parent","grid-50"],"jetpack_publicize_connections":[],"jetpack_featured_media_url":"","wps_subtitle":"","jetpack_sharing_enabled":true,"_links":{"self":[{"href":"https:\/\/www.hoymercedes.com.ar\/principal\/wp-json\/wp\/v2\/posts\/16091","targetHints":{"allow":["GET"]}}],"collection":[{"href":"https:\/\/www.hoymercedes.com.ar\/principal\/wp-json\/wp\/v2\/posts"}],"about":[{"href":"https:\/\/www.hoymercedes.com.ar\/principal\/wp-json\/wp\/v2\/types\/post"}],"author":[{"embeddable":true,"href":"https:\/\/www.hoymercedes.com.ar\/principal\/wp-json\/wp\/v2\/users\/1"}],"replies":[{"embeddable":true,"href":"https:\/\/www.hoymercedes.com.ar\/principal\/wp-json\/wp\/v2\/comments?post=16091"}],"version-history":[{"count":0,"href":"https:\/\/www.hoymercedes.com.ar\/principal\/wp-json\/wp\/v2\/posts\/16091\/revisions"}],"wp:attachment":[{"href":"https:\/\/www.hoymercedes.com.ar\/principal\/wp-json\/wp\/v2\/media?parent=16091"}],"wp:term":[{"taxonomy":"category","embeddable":true,"href":"https:\/\/www.hoymercedes.com.ar\/principal\/wp-json\/wp\/v2\/categories?post=16091"},{"taxonomy":"post_tag","embeddable":true,"href":"https:\/\/www.hoymercedes.com.ar\/principal\/wp-json\/wp\/v2\/tags?post=16091"}],"curies":[{"name":"wp","href":"https:\/\/api.w.org\/{rel}","templated":true}]}}