{"id":160919,"date":"2023-04-14T16:35:10","date_gmt":"2023-04-14T19:35:10","guid":{"rendered":"https:\/\/www.hoymercedes.com.ar\/principal\/?p=160919"},"modified":"2023-04-14T16:35:13","modified_gmt":"2023-04-14T19:35:13","slug":"citan-a-declarar-a-dos-responsables-de-sigma-agro","status":"publish","type":"post","link":"https:\/\/www.hoymercedes.com.ar\/principal\/2023\/04\/14\/citan-a-declarar-a-dos-responsables-de-sigma-agro\/","title":{"rendered":"Citan a declarar a dos responsables de SIGMA Agro"},"content":{"rendered":"\n<p>A principios del mes de marzo, la Unidad Funcional de Investigaciones Complejas N\u00b0 1,\u00a0 a cargo interinamente en esta causa del dr. Luis Carcagno,\u00a0 cit\u00f3 a comparecer en el marco de la audiencia de declaraci\u00f3n en los t\u00e9rminos del art. 308 del C\u00f3digo Procesal Penal al presidente y apoderado legal respectivamente de la empresa Sigma Agro S.A. Ello atento a los delitos que en este estad\u00edo de la investigaci\u00f3n corresponden ser calificados como \u201cInfracci\u00f3n al art\u00edculo 55 en funci\u00f3n del 57 a la ley 24051 (Ley de residuos peligrosos)\u201d.\u00a0<\/p>\n\n\n\n<p>Si bien originalmente la fecha prevista era durante el mes de marzo \u00faltimo, por pedido de los letrados patrocinantes, deber\u00e1n comparecer el pr\u00f3ximo 18 de abril del corriente en la sede fiscal.&nbsp;<\/p>\n\n\n\n<p>Para el fiscal, qued\u00f3 acreditado &#8211; al menos con la certeza necesaria en esta instancia de la investigaci\u00f3n &#8211; que existen elementos suficientes e indicios vehementes de la comisi\u00f3n, por parte de los citados, de los delitos antes mencionados. Se les imputa a estas dos personas como responsables de la f\u00e1brica de menci\u00f3n, y por ende de la producci\u00f3n y generaci\u00f3n de materiales que luego derivaran en residuos, que no llevaron a cabo las acciones necesarias para caracterizar y remediar el sitio contaminado.&nbsp;<\/p>\n\n\n\n<p>Todo ello sobre las bases de&nbsp; la evaluaci\u00f3n de toda la documentaci\u00f3n solicitada a los organismos competentes en esta materia sobre los cuales se han remitidos sendos pedidos de informe. Estos dan cuenta de que SIGMA Agro no complet\u00f3 los pasos requeridos para obtener el Certificado de Aptitud Ambiental del proyecto y por lo tanto no contaba con la habilitaci\u00f3n definitiva de la actividad. En resumidas cuentas, sus actividades de producci\u00f3n de herbicidas y agroqu\u00edmicos en su planta de \u00abLa Verde\u00bb, partido de Mercedes (B) funcionaban sin ning\u00fan tipo de habilitaci\u00f3n y a ra\u00edz de ello no recib\u00edan ning\u00fan tipo de contralor del organismo de control ni de las autoridades municipales. No solo eso, sino que adem\u00e1s, tras el siniestro del pasado 27 de septiembre de 2019 en la planta de Altamira, fue sancionada la firma por el Organismo de Control (OPDS) y no solo deb\u00eda cumplimentar cuestiones administrativas sino tambi\u00e9n de remediaci\u00f3n en el sitio afectado por los residuos peligrosos vertidos. Cuestiones que no atendi\u00f3.&nbsp;<\/p>\n\n\n\n<p>Es por ello que, en funci\u00f3n del riesgo causado a la salud de la poblaci\u00f3n y medio ambiente, se les imputa la \u201cinfracci\u00f3n al art. 55 en funci\u00f3n del 57 de la Ley 24051\u201d y deber\u00e1n comparecer ante el agente fiscal la pr\u00f3xima semana.\u00a0<\/p>\n\n\n\n<p>Fuente: Ministerio P\u00fablico Fiscal &#8211; Depto Judicial Mercedes<\/p>\n","protected":false},"excerpt":{"rendered":"<p>A principios del mes de marzo, la Unidad Funcional de Investigaciones Complejas N\u00b0 1,\u00a0 a cargo interinamente en esta causa &#8230; <a title=\"Citan a declarar a dos responsables de SIGMA Agro\" class=\"read-more\" href=\"https:\/\/www.hoymercedes.com.ar\/principal\/2023\/04\/14\/citan-a-declarar-a-dos-responsables-de-sigma-agro\/\" aria-label=\"Leer m\u00e1s sobre Citan a declarar a dos responsables de SIGMA Agro\">Leer m\u00e1s<\/a><\/p>\n","protected":false},"author":1,"featured_media":100534,"comment_status":"closed","ping_status":"open","sticky":false,"template":"","format":"standard","meta":{"_monsterinsights_skip_tracking":false,"_monsterinsights_sitenote_active":false,"_monsterinsights_sitenote_note":"","_monsterinsights_sitenote_category":0,"jetpack_post_was_ever_published":false,"_jetpack_newsletter_access":"","_jetpack_dont_email_post_to_subs":false,"_jetpack_newsletter_tier_id":0,"_jetpack_memberships_contains_paywalled_content":false,"_jetpack_memberships_contains_paid_content":false,"footnotes":"","jetpack_publicize_message":"","jetpack_publicize_feature_enabled":true,"jetpack_social_post_already_shared":true,"jetpack_social_options":{"image_generator_settings":{"template":"highway","default_image_id":0,"font":"","enabled":false},"version":2},"_wpas_customize_per_network":false},"categories":[8],"tags":[],"class_list":["post-160919","post","type-post","status-publish","format-standard","has-post-thumbnail","hentry","category-sociedad","generate-columns","tablet-grid-50","mobile-grid-100","grid-parent","grid-50"],"jetpack_publicize_connections":[],"jetpack_featured_media_url":"https:\/\/www.hoymercedes.com.ar\/principal\/wp-content\/uploads\/2019\/09\/Incendio-La-Verde-1.jpeg","wps_subtitle":"Incendio el La Verde","jetpack_sharing_enabled":true,"_links":{"self":[{"href":"https:\/\/www.hoymercedes.com.ar\/principal\/wp-json\/wp\/v2\/posts\/160919","targetHints":{"allow":["GET"]}}],"collection":[{"href":"https:\/\/www.hoymercedes.com.ar\/principal\/wp-json\/wp\/v2\/posts"}],"about":[{"href":"https:\/\/www.hoymercedes.com.ar\/principal\/wp-json\/wp\/v2\/types\/post"}],"author":[{"embeddable":true,"href":"https:\/\/www.hoymercedes.com.ar\/principal\/wp-json\/wp\/v2\/users\/1"}],"replies":[{"embeddable":true,"href":"https:\/\/www.hoymercedes.com.ar\/principal\/wp-json\/wp\/v2\/comments?post=160919"}],"version-history":[{"count":0,"href":"https:\/\/www.hoymercedes.com.ar\/principal\/wp-json\/wp\/v2\/posts\/160919\/revisions"}],"wp:featuredmedia":[{"embeddable":true,"href":"https:\/\/www.hoymercedes.com.ar\/principal\/wp-json\/wp\/v2\/media\/100534"}],"wp:attachment":[{"href":"https:\/\/www.hoymercedes.com.ar\/principal\/wp-json\/wp\/v2\/media?parent=160919"}],"wp:term":[{"taxonomy":"category","embeddable":true,"href":"https:\/\/www.hoymercedes.com.ar\/principal\/wp-json\/wp\/v2\/categories?post=160919"},{"taxonomy":"post_tag","embeddable":true,"href":"https:\/\/www.hoymercedes.com.ar\/principal\/wp-json\/wp\/v2\/tags?post=160919"}],"curies":[{"name":"wp","href":"https:\/\/api.w.org\/{rel}","templated":true}]}}