{"id":16097,"date":"2012-09-14T03:11:28","date_gmt":"2012-09-14T03:11:28","guid":{"rendered":"http:\/\/www.hoymercedes.com.ar\/principal\/?p=16097"},"modified":"2012-09-14T03:15:04","modified_gmt":"2012-09-14T03:15:04","slug":"un-cacerolazo-algo-atipico-en-plaza-san-martin","status":"publish","type":"post","link":"https:\/\/www.hoymercedes.com.ar\/principal\/2012\/09\/14\/un-cacerolazo-algo-atipico-en-plaza-san-martin\/","title":{"rendered":"Un cacerolazo algo at\u00edpico en Plaza San Mart\u00edn"},"content":{"rendered":"<p><a href=\"https:\/\/www.hoymercedes.com.ar\/principal\/wp-content\/uploads\/2012\/09\/MiniCacerolazoDSCN0894.jpg\"><img loading=\"lazy\" decoding=\"async\" data-attachment-id=\"16099\" data-permalink=\"https:\/\/www.hoymercedes.com.ar\/principal\/2012\/09\/14\/un-cacerolazo-algo-atipico-en-plaza-san-martin\/minicacerolazodscn0894\/#main\" data-orig-file=\"https:\/\/www.hoymercedes.com.ar\/principal\/wp-content\/uploads\/2012\/09\/MiniCacerolazoDSCN0894.jpg\" data-orig-size=\"614,461\" data-comments-opened=\"1\" data-image-meta=\"{&quot;aperture&quot;:&quot;3.1&quot;,&quot;credit&quot;:&quot;&quot;,&quot;camera&quot;:&quot;COOLPIX L310&quot;,&quot;caption&quot;:&quot;&quot;,&quot;created_timestamp&quot;:&quot;1347655672&quot;,&quot;copyright&quot;:&quot;&quot;,&quot;focal_length&quot;:&quot;4.5&quot;,&quot;iso&quot;:&quot;800&quot;,&quot;shutter_speed&quot;:&quot;0.033333333333333&quot;,&quot;title&quot;:&quot;&quot;}\" data-image-title=\"MiniCacerolazoDSCN0894\" data-image-description=\"\" data-image-caption=\"\" data-large-file=\"https:\/\/www.hoymercedes.com.ar\/principal\/wp-content\/uploads\/2012\/09\/MiniCacerolazoDSCN0894.jpg\" class=\"aligncenter size-full wp-image-16099\" title=\"MiniCacerolazoDSCN0894\" src=\"https:\/\/www.hoymercedes.com.ar\/principal\/wp-content\/uploads\/2012\/09\/MiniCacerolazoDSCN0894.jpg\" alt=\"\" width=\"614\" height=\"461\" \/><\/a><\/p>\n<p>Un intento de cacerolazo hubo este jueves por la noche en Plaza San Mart\u00edn con un reducido grupo de personas que se mostraron poco propensos a dialogar con los medios de comunicaci\u00f3n e incluso, sacaban fotos a los representantes de los medios como si \u00e9stos fuesen un problema a identificar.<\/p>\n<p>Alrededor de cuarenta personas con poco ruido y una mala cara para la prensa se presentaron en Plaza San Mart\u00edn a reclamar contra el gobierno nacional, la inseguridad y las consignas mismas que se pod\u00edan ver por los \u00a0medios masivos nacionales de comunicaci\u00f3n. (Nuestro medio no fue el \u00fanico con problemas: <a href=\"http:\/\/www.noticiasmercedinas.com\/120913minicacerolazo.htm\" target=\"_blank\" rel=\"noopener\">ver NM<\/a>)<\/p>\n<p>Rara vez sucede que un acontecimiento p\u00fablico, una manifestaci\u00f3n, busca evitar ser fotografiado y dar \u00a0testimonio\u00a0de porqu\u00e9 est\u00e1n ah\u00ed. \u00a0En general eso sucede cuando es una marcha del silencio o similar, pero, en este caso, que hab\u00eda una manifestaci\u00f3n concreta, resulta m\u00e1s que curioso al punto que no se comprende como alguien que se manifiesta p\u00fablicamente se ve afectado por una imagen cuando es parte del proceso conscientemente.<\/p>\n<p>La noticia, que era la manifestaci\u00f3n se convirti\u00f3, en cambio, por la actitud de algunos de los presentes, en otra: la falta de di\u00e1logo y respeto al trabajador de los medios que adem\u00e1s, le iba a dar un\u00a0car\u00e1cter\u00a0masivo a algo que no lo pose\u00eda.<\/p>\n<p>La plaza vivi\u00f3, entonces, un cacerolazo, o su intento, en protesta al gobierno nacional.<\/p>\n<p>&nbsp;<\/p>\n<p>&nbsp;<\/p>\n","protected":false},"excerpt":{"rendered":"<p>Un intento de cacerolazo hubo este jueves por la noche en Plaza San Mart\u00edn con un reducido grupo de personas &#8230; <a title=\"Un cacerolazo algo at\u00edpico en Plaza San Mart\u00edn\" class=\"read-more\" href=\"https:\/\/www.hoymercedes.com.ar\/principal\/2012\/09\/14\/un-cacerolazo-algo-atipico-en-plaza-san-martin\/\" aria-label=\"Leer m\u00e1s sobre Un cacerolazo algo at\u00edpico en Plaza San Mart\u00edn\">Leer m\u00e1s<\/a><\/p>\n","protected":false},"author":1,"featured_media":0,"comment_status":"open","ping_status":"open","sticky":false,"template":"","format":"standard","meta":{"_monsterinsights_skip_tracking":false,"_monsterinsights_sitenote_active":false,"_monsterinsights_sitenote_note":"","_monsterinsights_sitenote_category":0,"jetpack_post_was_ever_published":false,"_jetpack_newsletter_access":"","_jetpack_dont_email_post_to_subs":false,"_jetpack_newsletter_tier_id":0,"_jetpack_memberships_contains_paywalled_content":false,"_jetpack_memberships_contains_paid_content":false,"footnotes":"","jetpack_publicize_message":"","jetpack_publicize_feature_enabled":true,"jetpack_social_post_already_shared":false,"jetpack_social_options":{"image_generator_settings":{"template":"highway","default_image_id":0,"font":"","enabled":false},"version":2},"_wpas_customize_per_network":false},"categories":[5],"tags":[2736],"class_list":["post-16097","post","type-post","status-publish","format-standard","hentry","category-politica","tag-cacerolazo-plaza-san-martin","generate-columns","tablet-grid-50","mobile-grid-100","grid-parent","grid-50"],"jetpack_publicize_connections":[],"jetpack_featured_media_url":"","wps_subtitle":"","jetpack_sharing_enabled":true,"_links":{"self":[{"href":"https:\/\/www.hoymercedes.com.ar\/principal\/wp-json\/wp\/v2\/posts\/16097","targetHints":{"allow":["GET"]}}],"collection":[{"href":"https:\/\/www.hoymercedes.com.ar\/principal\/wp-json\/wp\/v2\/posts"}],"about":[{"href":"https:\/\/www.hoymercedes.com.ar\/principal\/wp-json\/wp\/v2\/types\/post"}],"author":[{"embeddable":true,"href":"https:\/\/www.hoymercedes.com.ar\/principal\/wp-json\/wp\/v2\/users\/1"}],"replies":[{"embeddable":true,"href":"https:\/\/www.hoymercedes.com.ar\/principal\/wp-json\/wp\/v2\/comments?post=16097"}],"version-history":[{"count":0,"href":"https:\/\/www.hoymercedes.com.ar\/principal\/wp-json\/wp\/v2\/posts\/16097\/revisions"}],"wp:attachment":[{"href":"https:\/\/www.hoymercedes.com.ar\/principal\/wp-json\/wp\/v2\/media?parent=16097"}],"wp:term":[{"taxonomy":"category","embeddable":true,"href":"https:\/\/www.hoymercedes.com.ar\/principal\/wp-json\/wp\/v2\/categories?post=16097"},{"taxonomy":"post_tag","embeddable":true,"href":"https:\/\/www.hoymercedes.com.ar\/principal\/wp-json\/wp\/v2\/tags?post=16097"}],"curies":[{"name":"wp","href":"https:\/\/api.w.org\/{rel}","templated":true}]}}