{"id":160984,"date":"2023-04-16T23:30:00","date_gmt":"2023-04-17T02:30:00","guid":{"rendered":"https:\/\/www.hoymercedes.com.ar\/principal\/?p=160984"},"modified":"2023-04-16T23:17:52","modified_gmt":"2023-04-17T02:17:52","slug":"el-clima-no-freno-la-23o-fiesta-nacional-de-la-torta-frita","status":"publish","type":"post","link":"https:\/\/www.hoymercedes.com.ar\/principal\/2023\/04\/16\/el-clima-no-freno-la-23o-fiesta-nacional-de-la-torta-frita\/","title":{"rendered":"El clima no fren\u00f3 la 23\u00ba Fiesta Nacional de la Torta Frita"},"content":{"rendered":"\n<figure class=\"wp-block-image size-large\"><img loading=\"lazy\" decoding=\"async\" width=\"1024\" height=\"682\" data-attachment-id=\"160985\" data-permalink=\"https:\/\/www.hoymercedes.com.ar\/principal\/2023\/04\/16\/el-clima-no-freno-la-23o-fiesta-nacional-de-la-torta-frita\/sja_3730\/#main\" data-orig-file=\"https:\/\/www.hoymercedes.com.ar\/principal\/wp-content\/uploads\/2023\/04\/SJA_3730.jpg\" data-orig-size=\"1319,879\" data-comments-opened=\"0\" data-image-meta=\"{&quot;aperture&quot;:&quot;0&quot;,&quot;credit&quot;:&quot;SEBASTIANAMBROSSIO&quot;,&quot;camera&quot;:&quot;&quot;,&quot;caption&quot;:&quot;&quot;,&quot;created_timestamp&quot;:&quot;0&quot;,&quot;copyright&quot;:&quot;SebastianAmbrossio&quot;,&quot;focal_length&quot;:&quot;0&quot;,&quot;iso&quot;:&quot;0&quot;,&quot;shutter_speed&quot;:&quot;0&quot;,&quot;title&quot;:&quot;&quot;,&quot;orientation&quot;:&quot;0&quot;}\" data-image-title=\"SJA_3730\" data-image-description=\"\" data-image-caption=\"\" data-large-file=\"https:\/\/www.hoymercedes.com.ar\/principal\/wp-content\/uploads\/2023\/04\/SJA_3730-1024x682.jpg\" src=\"https:\/\/www.hoymercedes.com.ar\/principal\/wp-content\/uploads\/2023\/04\/SJA_3730-1024x682.jpg\" alt=\"\" class=\"wp-image-160985\" srcset=\"https:\/\/www.hoymercedes.com.ar\/principal\/wp-content\/uploads\/2023\/04\/SJA_3730-1024x682.jpg 1024w, https:\/\/www.hoymercedes.com.ar\/principal\/wp-content\/uploads\/2023\/04\/SJA_3730-630x420.jpg 630w, https:\/\/www.hoymercedes.com.ar\/principal\/wp-content\/uploads\/2023\/04\/SJA_3730-150x100.jpg 150w, https:\/\/www.hoymercedes.com.ar\/principal\/wp-content\/uploads\/2023\/04\/SJA_3730-700x465.jpg 700w, https:\/\/www.hoymercedes.com.ar\/principal\/wp-content\/uploads\/2023\/04\/SJA_3730.jpg 1319w\" sizes=\"auto, (max-width: 1024px) 100vw, 1024px\" \/><\/figure>\n\n\n\n<p>El clima no fue excusa y la \u00faltima jornada de la Fiesta de la Torta Frita fue un \u00e9xito que cont\u00f3 con el gran apoyo de una multitud que desde temprano se hizo presente en el parque municipal. Adem\u00e1s, luego de 23 a\u00f1os, esta iniciativa que comenz\u00f3 con el sue\u00f1o de un pu\u00f1ado de vecinos y vecinas se transform\u00f3 en una festividad nacional, un verdadero orgullo para toda una ciudad. Esto fue gracias a las multitudes que fueron acompa\u00f1ando y se sumaron edici\u00f3n tras edici\u00f3n, como as\u00ed tambi\u00e9n al gran trabajo desarrollado por la Municipalidad junto a torteras, emprendedores, agrupaciones gauchas y toda la comunidad. &nbsp;<\/p>\n\n\n\n<p><strong>Premiaci\u00f3n<\/strong><\/p>\n\n\n\n<p>El primer premio otorgado a la mejor Torta Frita de esta edici\u00f3n n\u00famero 23, con 489 puntos, fue para Alejandra Duberti \u201cquiero agradecer a todo el equipo, a los que me acompa\u00f1aron y a toda mi familia\u201d y el segundo puesto, con 486 puntos, fue para Marta Poltronieri.\u00a0<\/p>\n\n\n\n<figure class=\"wp-block-image size-large\"><img loading=\"lazy\" decoding=\"async\" width=\"1024\" height=\"576\" data-attachment-id=\"160986\" data-permalink=\"https:\/\/www.hoymercedes.com.ar\/principal\/2023\/04\/16\/el-clima-no-freno-la-23o-fiesta-nacional-de-la-torta-frita\/dji_0677\/#main\" data-orig-file=\"https:\/\/www.hoymercedes.com.ar\/principal\/wp-content\/uploads\/2023\/04\/DJI_0677.jpg\" data-orig-size=\"1563,879\" data-comments-opened=\"0\" data-image-meta=\"{&quot;aperture&quot;:&quot;0&quot;,&quot;credit&quot;:&quot;&quot;,&quot;camera&quot;:&quot;&quot;,&quot;caption&quot;:&quot;&quot;,&quot;created_timestamp&quot;:&quot;0&quot;,&quot;copyright&quot;:&quot;&quot;,&quot;focal_length&quot;:&quot;0&quot;,&quot;iso&quot;:&quot;0&quot;,&quot;shutter_speed&quot;:&quot;0&quot;,&quot;title&quot;:&quot;&quot;,&quot;orientation&quot;:&quot;0&quot;}\" data-image-title=\"DJI_0677\" data-image-description=\"\" data-image-caption=\"\" data-large-file=\"https:\/\/www.hoymercedes.com.ar\/principal\/wp-content\/uploads\/2023\/04\/DJI_0677-1024x576.jpg\" src=\"https:\/\/www.hoymercedes.com.ar\/principal\/wp-content\/uploads\/2023\/04\/DJI_0677-1024x576.jpg\" alt=\"\" class=\"wp-image-160986\" srcset=\"https:\/\/www.hoymercedes.com.ar\/principal\/wp-content\/uploads\/2023\/04\/DJI_0677-1024x576.jpg 1024w, https:\/\/www.hoymercedes.com.ar\/principal\/wp-content\/uploads\/2023\/04\/DJI_0677-630x354.jpg 630w, https:\/\/www.hoymercedes.com.ar\/principal\/wp-content\/uploads\/2023\/04\/DJI_0677-150x84.jpg 150w, https:\/\/www.hoymercedes.com.ar\/principal\/wp-content\/uploads\/2023\/04\/DJI_0677-1536x864.jpg 1536w, https:\/\/www.hoymercedes.com.ar\/principal\/wp-content\/uploads\/2023\/04\/DJI_0677.jpg 1563w\" sizes=\"auto, (max-width: 1024px) 100vw, 1024px\" \/><\/figure>\n\n\n\n<p><strong>Gracias<\/strong><\/p>\n\n\n\n<p>El intendente Juan Ignacio Ustarroz manifest\u00f3 \u201cla verdad que agradecer de coraz\u00f3n, en primer lugar, al p\u00fablico que hace que esta fiesta sea lo que es hoy a nivel nacional, como as\u00ed tambi\u00e9n, todo el trabajo de las torteras, los artistas populares, a los puesteros, los trabajadores municipales, las cooperativas, que no aflojaron a pesar de la lluvia\u201d.<\/p>\n\n\n\n<p>Asimismo, el intendente Ustarroz reconoci\u00f3 \u201ca nuestros h\u00e9roes de Malvinas que est\u00e1n hoy ac\u00e1, la verdad que una fiesta que tiene todo, historia, tradici\u00f3n, cultura, y un mont\u00f3n de hombres y mujeres que trabajan de coraz\u00f3n, por lo que much\u00edsimas gracias y felicitaciones para todos\u201d.&nbsp;<\/p>\n\n\n\n<p><strong>Federal<\/strong><\/p>\n\n\n\n<p>Quien tambi\u00e9n estuvo presente el Ministro del Interior, el vecino de Mercedes, Eduardo \u201cWado\u201d De Pedro qui\u00e9n apunt\u00f3 \u201ccomo Ministro, pero como mercedino, quiero decirles que nos est\u00e1n viendo desde much\u00edsimos pueblos del interior y provincias, porque estamos poniendo en valor con esta distinci\u00f3n, la Argentina federal, la cual necesita de la cultura, tradici\u00f3n y el arraigo que hace a la identidad de los argentinos y argentinas, y esta fiesta es parte de eso\u201d.<\/p>\n\n\n\n<figure class=\"wp-block-image size-large\"><img loading=\"lazy\" decoding=\"async\" width=\"1024\" height=\"682\" data-attachment-id=\"160987\" data-permalink=\"https:\/\/www.hoymercedes.com.ar\/principal\/2023\/04\/16\/el-clima-no-freno-la-23o-fiesta-nacional-de-la-torta-frita\/1m5a7789\/#main\" data-orig-file=\"https:\/\/www.hoymercedes.com.ar\/principal\/wp-content\/uploads\/2023\/04\/1M5A7789.jpg\" data-orig-size=\"1319,879\" data-comments-opened=\"0\" data-image-meta=\"{&quot;aperture&quot;:&quot;0&quot;,&quot;credit&quot;:&quot;&quot;,&quot;camera&quot;:&quot;&quot;,&quot;caption&quot;:&quot;&quot;,&quot;created_timestamp&quot;:&quot;0&quot;,&quot;copyright&quot;:&quot;&quot;,&quot;focal_length&quot;:&quot;0&quot;,&quot;iso&quot;:&quot;0&quot;,&quot;shutter_speed&quot;:&quot;0&quot;,&quot;title&quot;:&quot;&quot;,&quot;orientation&quot;:&quot;0&quot;}\" data-image-title=\"1M5A7789\" data-image-description=\"\" data-image-caption=\"\" data-large-file=\"https:\/\/www.hoymercedes.com.ar\/principal\/wp-content\/uploads\/2023\/04\/1M5A7789-1024x682.jpg\" src=\"https:\/\/www.hoymercedes.com.ar\/principal\/wp-content\/uploads\/2023\/04\/1M5A7789-1024x682.jpg\" alt=\"\" class=\"wp-image-160987\" srcset=\"https:\/\/www.hoymercedes.com.ar\/principal\/wp-content\/uploads\/2023\/04\/1M5A7789-1024x682.jpg 1024w, https:\/\/www.hoymercedes.com.ar\/principal\/wp-content\/uploads\/2023\/04\/1M5A7789-630x420.jpg 630w, https:\/\/www.hoymercedes.com.ar\/principal\/wp-content\/uploads\/2023\/04\/1M5A7789-150x100.jpg 150w, https:\/\/www.hoymercedes.com.ar\/principal\/wp-content\/uploads\/2023\/04\/1M5A7789-700x465.jpg 700w, https:\/\/www.hoymercedes.com.ar\/principal\/wp-content\/uploads\/2023\/04\/1M5A7789.jpg 1319w\" sizes=\"auto, (max-width: 1024px) 100vw, 1024px\" \/><\/figure>\n\n\n\n<p><strong>Comunidad<\/strong><\/p>\n\n\n\n<p>\u201cY veo a los ex combatientes de Malvinas, a las compa\u00f1\u00edas que bailan, a las agrupaciones gauchas, comerciantes, vecinos, esa es la Argentina del interior, as\u00ed que felicitaciones a todas las torteras, a la Municipalidad de Mercedes y a ese intendente que le puso mucha vida, porque las fiestas tambi\u00e9n son actividad econ\u00f3mica, comercio, cultura, sociabilizaci\u00f3n, vernos y ser felices\u201d remarc\u00f3 el ministro \u201cWado\u201d De Pedro.<\/p>\n\n\n\n<figure class=\"wp-block-image size-large\"><img loading=\"lazy\" decoding=\"async\" width=\"1024\" height=\"682\" data-attachment-id=\"160988\" data-permalink=\"https:\/\/www.hoymercedes.com.ar\/principal\/2023\/04\/16\/el-clima-no-freno-la-23o-fiesta-nacional-de-la-torta-frita\/dsc04691-2\/#main\" data-orig-file=\"https:\/\/www.hoymercedes.com.ar\/principal\/wp-content\/uploads\/2023\/04\/DSC04691.jpg\" data-orig-size=\"1319,879\" data-comments-opened=\"0\" data-image-meta=\"{&quot;aperture&quot;:&quot;0&quot;,&quot;credit&quot;:&quot;seba_avila_1&quot;,&quot;camera&quot;:&quot;&quot;,&quot;caption&quot;:&quot;&quot;,&quot;created_timestamp&quot;:&quot;0&quot;,&quot;copyright&quot;:&quot;&quot;,&quot;focal_length&quot;:&quot;0&quot;,&quot;iso&quot;:&quot;0&quot;,&quot;shutter_speed&quot;:&quot;0&quot;,&quot;title&quot;:&quot;&quot;,&quot;orientation&quot;:&quot;0&quot;}\" data-image-title=\"DSC04691\" data-image-description=\"\" data-image-caption=\"\" data-large-file=\"https:\/\/www.hoymercedes.com.ar\/principal\/wp-content\/uploads\/2023\/04\/DSC04691-1024x682.jpg\" src=\"https:\/\/www.hoymercedes.com.ar\/principal\/wp-content\/uploads\/2023\/04\/DSC04691-1024x682.jpg\" alt=\"\" class=\"wp-image-160988\" srcset=\"https:\/\/www.hoymercedes.com.ar\/principal\/wp-content\/uploads\/2023\/04\/DSC04691-1024x682.jpg 1024w, https:\/\/www.hoymercedes.com.ar\/principal\/wp-content\/uploads\/2023\/04\/DSC04691-630x420.jpg 630w, https:\/\/www.hoymercedes.com.ar\/principal\/wp-content\/uploads\/2023\/04\/DSC04691-150x100.jpg 150w, https:\/\/www.hoymercedes.com.ar\/principal\/wp-content\/uploads\/2023\/04\/DSC04691-700x465.jpg 700w, https:\/\/www.hoymercedes.com.ar\/principal\/wp-content\/uploads\/2023\/04\/DSC04691.jpg 1319w\" sizes=\"auto, (max-width: 1024px) 100vw, 1024px\" \/><\/figure>\n\n\n\n<p><strong>Nacionalizaci\u00f3n<\/strong><\/p>\n\n\n\n<p>Fernanda Rodr\u00edguez, directora nacional de Fiestas Nacionales y Eventos del Ministerio de Turismo de la Naci\u00f3n, qui\u00e9n hizo entrega de la resoluci\u00f3n donde se declara a esta festividad como Fiesta Nacional un gran logro para nuestra ciudad. Como as\u00ed tambi\u00e9n, se realizaron reconocimientos a diferentes personalidades de la ciudad que impulsaron y hacen posible que este encuentro pueda llevarse adelante a\u00f1o tras a\u00f1o.<\/p>\n\n\n\n<p><strong>Turismo<\/strong><\/p>\n\n\n\n<p>Francisco Dinova, director de turismo de la ciudad, agradeci\u00f3 \u201ca todos los visitantes y vecinos de la ciudad que a pesar del clima disfrutaron e hicieron una gran jornada. Como as\u00ed tambi\u00e9n a todos los emprendedores, micro emprendedores, las agrupaciones gauchas y a los trabajadores de las diferentes \u00e1reas del Municipio de Mercedes, que sin ellos no ser\u00eda posible\u201d.<\/p>\n\n\n\n<figure class=\"wp-block-image size-large\"><img loading=\"lazy\" decoding=\"async\" width=\"1024\" height=\"682\" data-attachment-id=\"160989\" data-permalink=\"https:\/\/www.hoymercedes.com.ar\/principal\/2023\/04\/16\/el-clima-no-freno-la-23o-fiesta-nacional-de-la-torta-frita\/dsc_0046-2\/#main\" data-orig-file=\"https:\/\/www.hoymercedes.com.ar\/principal\/wp-content\/uploads\/2023\/04\/DSC_0046.jpg\" data-orig-size=\"1319,879\" data-comments-opened=\"0\" data-image-meta=\"{&quot;aperture&quot;:&quot;0&quot;,&quot;credit&quot;:&quot;&quot;,&quot;camera&quot;:&quot;&quot;,&quot;caption&quot;:&quot;&quot;,&quot;created_timestamp&quot;:&quot;0&quot;,&quot;copyright&quot;:&quot;&quot;,&quot;focal_length&quot;:&quot;0&quot;,&quot;iso&quot;:&quot;0&quot;,&quot;shutter_speed&quot;:&quot;0&quot;,&quot;title&quot;:&quot;&quot;,&quot;orientation&quot;:&quot;0&quot;}\" data-image-title=\"DSC_0046\" data-image-description=\"\" data-image-caption=\"\" data-large-file=\"https:\/\/www.hoymercedes.com.ar\/principal\/wp-content\/uploads\/2023\/04\/DSC_0046-1024x682.jpg\" src=\"https:\/\/www.hoymercedes.com.ar\/principal\/wp-content\/uploads\/2023\/04\/DSC_0046-1024x682.jpg\" alt=\"\" class=\"wp-image-160989\" srcset=\"https:\/\/www.hoymercedes.com.ar\/principal\/wp-content\/uploads\/2023\/04\/DSC_0046-1024x682.jpg 1024w, https:\/\/www.hoymercedes.com.ar\/principal\/wp-content\/uploads\/2023\/04\/DSC_0046-630x420.jpg 630w, https:\/\/www.hoymercedes.com.ar\/principal\/wp-content\/uploads\/2023\/04\/DSC_0046-150x100.jpg 150w, https:\/\/www.hoymercedes.com.ar\/principal\/wp-content\/uploads\/2023\/04\/DSC_0046-700x465.jpg 700w, https:\/\/www.hoymercedes.com.ar\/principal\/wp-content\/uploads\/2023\/04\/DSC_0046.jpg 1319w\" sizes=\"auto, (max-width: 1024px) 100vw, 1024px\" \/><\/figure>\n\n\n\n<p><strong>Felicidad<\/strong><\/p>\n\n\n\n<p>Por su parte, \u201cQuique\u201d uno de los primeros vecinos que arrancaron con esta iniciativa que hoy es Fiesta Nacional de la Torta Frita expres\u00f3 \u201cyo los felicito a todos, y no tengo m\u00e1s que palabras de agradecimiento hacia todos, el p\u00fablico principalmente que desde muy temprano vino y a pesar del clima se qued\u00f3, muchas gracias de coraz\u00f3n\u201d y destac\u00f3 \u201ccomenzando con el intendente Juan Ignacio Ustarroz y as\u00ed todo el Municipio de Mercedes se brind\u00f3 desde un primer momento para trabajar por esta fiesta, por lo que muy agradecidos\u201d.<\/p>\n\n\n\n<figure class=\"wp-block-image size-large\"><img loading=\"lazy\" decoding=\"async\" width=\"1024\" height=\"682\" data-attachment-id=\"160990\" data-permalink=\"https:\/\/www.hoymercedes.com.ar\/principal\/2023\/04\/16\/el-clima-no-freno-la-23o-fiesta-nacional-de-la-torta-frita\/dsc_0044-3\/#main\" data-orig-file=\"https:\/\/www.hoymercedes.com.ar\/principal\/wp-content\/uploads\/2023\/04\/DSC_0044.jpg\" data-orig-size=\"1319,879\" data-comments-opened=\"0\" data-image-meta=\"{&quot;aperture&quot;:&quot;0&quot;,&quot;credit&quot;:&quot;&quot;,&quot;camera&quot;:&quot;&quot;,&quot;caption&quot;:&quot;&quot;,&quot;created_timestamp&quot;:&quot;0&quot;,&quot;copyright&quot;:&quot;&quot;,&quot;focal_length&quot;:&quot;0&quot;,&quot;iso&quot;:&quot;0&quot;,&quot;shutter_speed&quot;:&quot;0&quot;,&quot;title&quot;:&quot;&quot;,&quot;orientation&quot;:&quot;0&quot;}\" data-image-title=\"DSC_0044\" data-image-description=\"\" data-image-caption=\"\" data-large-file=\"https:\/\/www.hoymercedes.com.ar\/principal\/wp-content\/uploads\/2023\/04\/DSC_0044-1024x682.jpg\" src=\"https:\/\/www.hoymercedes.com.ar\/principal\/wp-content\/uploads\/2023\/04\/DSC_0044-1024x682.jpg\" alt=\"\" class=\"wp-image-160990\" srcset=\"https:\/\/www.hoymercedes.com.ar\/principal\/wp-content\/uploads\/2023\/04\/DSC_0044-1024x682.jpg 1024w, https:\/\/www.hoymercedes.com.ar\/principal\/wp-content\/uploads\/2023\/04\/DSC_0044-630x420.jpg 630w, https:\/\/www.hoymercedes.com.ar\/principal\/wp-content\/uploads\/2023\/04\/DSC_0044-150x100.jpg 150w, https:\/\/www.hoymercedes.com.ar\/principal\/wp-content\/uploads\/2023\/04\/DSC_0044-700x465.jpg 700w, https:\/\/www.hoymercedes.com.ar\/principal\/wp-content\/uploads\/2023\/04\/DSC_0044.jpg 1319w\" sizes=\"auto, (max-width: 1024px) 100vw, 1024px\" \/><\/figure>\n\n\n\n<p><strong>Exito<\/strong><\/p>\n\n\n\n<p>F\u00e1tima Costa, de la comisi\u00f3n organizadora dijo \u201cmuchas gracias a todos, a todo el p\u00fablico que estuvo tanto ayer como hoy, y que han hecho que esta fiesta haya sido un \u00e9xito\u201d adem\u00e1s enfatiz\u00f3 \u201cgracias a quienes han reconocido a esta fiesta y la transformaron en una festividad nacional, al intendente Ustarroz, al Ministro \u201cWado\u201d De Pedro que nos dio un gran empuje y que nos hizo ser reconocidos a nivel nacional, a las torteras, a las agrupaciones, a la gente, a todos, una verdadera emoci\u00f3n\u201d.<\/p>\n\n\n\n<figure class=\"wp-block-image size-large\"><img loading=\"lazy\" decoding=\"async\" width=\"1024\" height=\"682\" data-attachment-id=\"160991\" data-permalink=\"https:\/\/www.hoymercedes.com.ar\/principal\/2023\/04\/16\/el-clima-no-freno-la-23o-fiesta-nacional-de-la-torta-frita\/dsc04240\/#main\" data-orig-file=\"https:\/\/www.hoymercedes.com.ar\/principal\/wp-content\/uploads\/2023\/04\/DSC04240.jpg\" data-orig-size=\"1319,879\" data-comments-opened=\"0\" data-image-meta=\"{&quot;aperture&quot;:&quot;0&quot;,&quot;credit&quot;:&quot;seba_avila_1&quot;,&quot;camera&quot;:&quot;&quot;,&quot;caption&quot;:&quot;&quot;,&quot;created_timestamp&quot;:&quot;0&quot;,&quot;copyright&quot;:&quot;&quot;,&quot;focal_length&quot;:&quot;0&quot;,&quot;iso&quot;:&quot;0&quot;,&quot;shutter_speed&quot;:&quot;0&quot;,&quot;title&quot;:&quot;&quot;,&quot;orientation&quot;:&quot;0&quot;}\" data-image-title=\"DSC04240\" data-image-description=\"\" data-image-caption=\"\" data-large-file=\"https:\/\/www.hoymercedes.com.ar\/principal\/wp-content\/uploads\/2023\/04\/DSC04240-1024x682.jpg\" src=\"https:\/\/www.hoymercedes.com.ar\/principal\/wp-content\/uploads\/2023\/04\/DSC04240-1024x682.jpg\" alt=\"\" class=\"wp-image-160991\" srcset=\"https:\/\/www.hoymercedes.com.ar\/principal\/wp-content\/uploads\/2023\/04\/DSC04240-1024x682.jpg 1024w, https:\/\/www.hoymercedes.com.ar\/principal\/wp-content\/uploads\/2023\/04\/DSC04240-630x420.jpg 630w, https:\/\/www.hoymercedes.com.ar\/principal\/wp-content\/uploads\/2023\/04\/DSC04240-150x100.jpg 150w, https:\/\/www.hoymercedes.com.ar\/principal\/wp-content\/uploads\/2023\/04\/DSC04240-700x465.jpg 700w, https:\/\/www.hoymercedes.com.ar\/principal\/wp-content\/uploads\/2023\/04\/DSC04240.jpg 1319w\" sizes=\"auto, (max-width: 1024px) 100vw, 1024px\" \/><\/figure>\n","protected":false},"excerpt":{"rendered":"<p>El clima no fue excusa y la \u00faltima jornada de la Fiesta de la Torta Frita fue un \u00e9xito que &#8230; <a title=\"El clima no fren\u00f3 la 23\u00ba Fiesta Nacional de la Torta Frita\" class=\"read-more\" href=\"https:\/\/www.hoymercedes.com.ar\/principal\/2023\/04\/16\/el-clima-no-freno-la-23o-fiesta-nacional-de-la-torta-frita\/\" aria-label=\"Leer m\u00e1s sobre El clima no fren\u00f3 la 23\u00ba Fiesta Nacional de la Torta Frita\">Leer m\u00e1s<\/a><\/p>\n","protected":false},"author":1,"featured_media":160986,"comment_status":"closed","ping_status":"open","sticky":false,"template":"","format":"standard","meta":{"_monsterinsights_skip_tracking":false,"_monsterinsights_sitenote_active":false,"_monsterinsights_sitenote_note":"","_monsterinsights_sitenote_category":0,"jetpack_post_was_ever_published":false,"_jetpack_newsletter_access":"","_jetpack_dont_email_post_to_subs":false,"_jetpack_newsletter_tier_id":0,"_jetpack_memberships_contains_paywalled_content":false,"_jetpack_memberships_contains_paid_content":false,"footnotes":"","jetpack_publicize_message":"","jetpack_publicize_feature_enabled":true,"jetpack_social_post_already_shared":true,"jetpack_social_options":{"image_generator_settings":{"template":"highway","default_image_id":0,"font":"","enabled":false},"version":2},"_wpas_customize_per_network":false},"categories":[8],"tags":[2057,540,281],"class_list":["post-160984","post","type-post","status-publish","format-standard","has-post-thumbnail","hentry","category-sociedad","tag-fiesta-de-la-torta-frita","tag-juani-ustarroz","tag-wado-de-pedro","generate-columns","tablet-grid-50","mobile-grid-100","grid-parent","grid-50"],"jetpack_publicize_connections":[],"jetpack_featured_media_url":"https:\/\/www.hoymercedes.com.ar\/principal\/wp-content\/uploads\/2023\/04\/DJI_0677.jpg","wps_subtitle":"Fiesas Populares ","jetpack_sharing_enabled":true,"_links":{"self":[{"href":"https:\/\/www.hoymercedes.com.ar\/principal\/wp-json\/wp\/v2\/posts\/160984","targetHints":{"allow":["GET"]}}],"collection":[{"href":"https:\/\/www.hoymercedes.com.ar\/principal\/wp-json\/wp\/v2\/posts"}],"about":[{"href":"https:\/\/www.hoymercedes.com.ar\/principal\/wp-json\/wp\/v2\/types\/post"}],"author":[{"embeddable":true,"href":"https:\/\/www.hoymercedes.com.ar\/principal\/wp-json\/wp\/v2\/users\/1"}],"replies":[{"embeddable":true,"href":"https:\/\/www.hoymercedes.com.ar\/principal\/wp-json\/wp\/v2\/comments?post=160984"}],"version-history":[{"count":0,"href":"https:\/\/www.hoymercedes.com.ar\/principal\/wp-json\/wp\/v2\/posts\/160984\/revisions"}],"wp:featuredmedia":[{"embeddable":true,"href":"https:\/\/www.hoymercedes.com.ar\/principal\/wp-json\/wp\/v2\/media\/160986"}],"wp:attachment":[{"href":"https:\/\/www.hoymercedes.com.ar\/principal\/wp-json\/wp\/v2\/media?parent=160984"}],"wp:term":[{"taxonomy":"category","embeddable":true,"href":"https:\/\/www.hoymercedes.com.ar\/principal\/wp-json\/wp\/v2\/categories?post=160984"},{"taxonomy":"post_tag","embeddable":true,"href":"https:\/\/www.hoymercedes.com.ar\/principal\/wp-json\/wp\/v2\/tags?post=160984"}],"curies":[{"name":"wp","href":"https:\/\/api.w.org\/{rel}","templated":true}]}}