{"id":160995,"date":"2023-04-17T08:00:00","date_gmt":"2023-04-17T11:00:00","guid":{"rendered":"https:\/\/www.hoymercedes.com.ar\/principal\/?p=160995"},"modified":"2023-04-17T00:00:17","modified_gmt":"2023-04-17T03:00:17","slug":"club-holanda-inauguro-nuevas-canchas-deportivas","status":"publish","type":"post","link":"https:\/\/www.hoymercedes.com.ar\/principal\/2023\/04\/17\/club-holanda-inauguro-nuevas-canchas-deportivas\/","title":{"rendered":"Club Holanda inaugur\u00f3 nuevas canchas deportivas"},"content":{"rendered":"\n<figure class=\"wp-block-image size-large\"><img loading=\"lazy\" decoding=\"async\" width=\"1024\" height=\"682\" data-attachment-id=\"160996\" data-permalink=\"https:\/\/www.hoymercedes.com.ar\/principal\/2023\/04\/17\/club-holanda-inauguro-nuevas-canchas-deportivas\/holanda-mercedes\/#main\" data-orig-file=\"https:\/\/www.hoymercedes.com.ar\/principal\/wp-content\/uploads\/2023\/04\/Holanda.Mercedes.jpeg\" data-orig-size=\"1319,879\" data-comments-opened=\"0\" data-image-meta=\"{&quot;aperture&quot;:&quot;0&quot;,&quot;credit&quot;:&quot;&quot;,&quot;camera&quot;:&quot;&quot;,&quot;caption&quot;:&quot;&quot;,&quot;created_timestamp&quot;:&quot;0&quot;,&quot;copyright&quot;:&quot;&quot;,&quot;focal_length&quot;:&quot;0&quot;,&quot;iso&quot;:&quot;0&quot;,&quot;shutter_speed&quot;:&quot;0&quot;,&quot;title&quot;:&quot;&quot;,&quot;orientation&quot;:&quot;0&quot;}\" data-image-title=\"Holanda.Mercedes\" data-image-description=\"\" data-image-caption=\"\" data-large-file=\"https:\/\/www.hoymercedes.com.ar\/principal\/wp-content\/uploads\/2023\/04\/Holanda.Mercedes-1024x682.jpeg\" src=\"https:\/\/www.hoymercedes.com.ar\/principal\/wp-content\/uploads\/2023\/04\/Holanda.Mercedes-1024x682.jpeg\" alt=\"\" class=\"wp-image-160996\" srcset=\"https:\/\/www.hoymercedes.com.ar\/principal\/wp-content\/uploads\/2023\/04\/Holanda.Mercedes-1024x682.jpeg 1024w, https:\/\/www.hoymercedes.com.ar\/principal\/wp-content\/uploads\/2023\/04\/Holanda.Mercedes-630x420.jpeg 630w, https:\/\/www.hoymercedes.com.ar\/principal\/wp-content\/uploads\/2023\/04\/Holanda.Mercedes-150x100.jpeg 150w, https:\/\/www.hoymercedes.com.ar\/principal\/wp-content\/uploads\/2023\/04\/Holanda.Mercedes-700x465.jpeg 700w, https:\/\/www.hoymercedes.com.ar\/principal\/wp-content\/uploads\/2023\/04\/Holanda.Mercedes.jpeg 1319w\" sizes=\"auto, (max-width: 1024px) 100vw, 1024px\" \/><\/figure>\n\n\n\n<p>En <strong>Club Holanda<\/strong> se llev\u00f3 adelante la inauguraci\u00f3n de las canchas de f\u00fatbol para distintas divisiones. La instituci\u00f3n que se logr\u00f3 recuperar tras cerrar sus puestas en los noventa contin\u00faa creciendo. Hace poso inaugur\u00f3 la <strong>pileta<\/strong> y <strong>se suma al SUM y vestuarios<\/strong> tambi\u00e9n construidos en el lugar. El <strong>intendente Ustarroz<\/strong> celebr\u00f3 la obra y \u201cfelicitamos a toda su comisi\u00f3n directiva, a las familias, a cada uno de los que hace grande esta hermosa instituci\u00f3n\u201d sostuvo.<\/p>\n\n\n\n<p>\u201cHace mucho tiempo que iniciamos este sue\u00f1o para los chicos\u201d dijo <strong>Guillermo Climi\u00f1o<\/strong>, presidente del Club y manifest\u00f3 \u201cque tengan esta cancha para jugar es hermoso, nosotros de chicos no lo ten\u00edamos\u201d y coment\u00f3 que \u201ces algo muy importante, que entren a la cancha y se diviertan, sin importar el resultado, as\u00ed que gracias y gracias tambi\u00e9n a Juani por el apoyo que nos da siempre\u201d, mencion\u00f3.<\/p>\n\n\n\n<p>El jefe comunal tambi\u00e9n remarc\u00f3 \u201cla importancia que seamos parte del club, que las familias est\u00e9n presentes, porque nos permite encontramos, unirnos, ser solidarios, tener contenci\u00f3n y cuidados a las infancias y juventudes, nos hace bien como sociedad\u201d manifest\u00f3.<\/p>\n\n\n\n<p>Se jug\u00f3 luego un partido entre <strong>Holanda y Trocha<\/strong> en las nuevas instalaciones que se suman a la pileta inaugurada en el verano, los vestuarios y el sal\u00f3n de usos m\u00faltiples que son parte del predio y club recuperado para las familias, ni\u00f1os y ni\u00f1as de la zona.<\/p>\n","protected":false},"excerpt":{"rendered":"<p>En Club Holanda se llev\u00f3 adelante la inauguraci\u00f3n de las canchas de f\u00fatbol para distintas divisiones. La instituci\u00f3n que se &#8230; <a title=\"Club Holanda inaugur\u00f3 nuevas canchas deportivas\" class=\"read-more\" href=\"https:\/\/www.hoymercedes.com.ar\/principal\/2023\/04\/17\/club-holanda-inauguro-nuevas-canchas-deportivas\/\" aria-label=\"Leer m\u00e1s sobre Club Holanda inaugur\u00f3 nuevas canchas deportivas\">Leer m\u00e1s<\/a><\/p>\n","protected":false},"author":1,"featured_media":160996,"comment_status":"closed","ping_status":"open","sticky":false,"template":"","format":"standard","meta":{"_monsterinsights_skip_tracking":false,"_monsterinsights_sitenote_active":false,"_monsterinsights_sitenote_note":"","_monsterinsights_sitenote_category":0,"jetpack_post_was_ever_published":false,"_jetpack_newsletter_access":"","_jetpack_dont_email_post_to_subs":false,"_jetpack_newsletter_tier_id":0,"_jetpack_memberships_contains_paywalled_content":false,"_jetpack_memberships_contains_paid_content":false,"footnotes":"","jetpack_publicize_message":"","jetpack_publicize_feature_enabled":true,"jetpack_social_post_already_shared":true,"jetpack_social_options":{"image_generator_settings":{"template":"highway","default_image_id":0,"font":"","enabled":false},"version":2},"_wpas_customize_per_network":false},"categories":[8],"tags":[18719,11795,424],"class_list":["post-160995","post","type-post","status-publish","format-standard","has-post-thumbnail","hentry","category-sociedad","tag-club-holanda-mercedes","tag-martin-silvestre","tag-ustarroz","generate-columns","tablet-grid-50","mobile-grid-100","grid-parent","grid-50"],"jetpack_publicize_connections":[],"jetpack_featured_media_url":"https:\/\/www.hoymercedes.com.ar\/principal\/wp-content\/uploads\/2023\/04\/Holanda.Mercedes.jpeg","wps_subtitle":"Clubes de la ciudad ","jetpack_sharing_enabled":true,"_links":{"self":[{"href":"https:\/\/www.hoymercedes.com.ar\/principal\/wp-json\/wp\/v2\/posts\/160995","targetHints":{"allow":["GET"]}}],"collection":[{"href":"https:\/\/www.hoymercedes.com.ar\/principal\/wp-json\/wp\/v2\/posts"}],"about":[{"href":"https:\/\/www.hoymercedes.com.ar\/principal\/wp-json\/wp\/v2\/types\/post"}],"author":[{"embeddable":true,"href":"https:\/\/www.hoymercedes.com.ar\/principal\/wp-json\/wp\/v2\/users\/1"}],"replies":[{"embeddable":true,"href":"https:\/\/www.hoymercedes.com.ar\/principal\/wp-json\/wp\/v2\/comments?post=160995"}],"version-history":[{"count":0,"href":"https:\/\/www.hoymercedes.com.ar\/principal\/wp-json\/wp\/v2\/posts\/160995\/revisions"}],"wp:featuredmedia":[{"embeddable":true,"href":"https:\/\/www.hoymercedes.com.ar\/principal\/wp-json\/wp\/v2\/media\/160996"}],"wp:attachment":[{"href":"https:\/\/www.hoymercedes.com.ar\/principal\/wp-json\/wp\/v2\/media?parent=160995"}],"wp:term":[{"taxonomy":"category","embeddable":true,"href":"https:\/\/www.hoymercedes.com.ar\/principal\/wp-json\/wp\/v2\/categories?post=160995"},{"taxonomy":"post_tag","embeddable":true,"href":"https:\/\/www.hoymercedes.com.ar\/principal\/wp-json\/wp\/v2\/tags?post=160995"}],"curies":[{"name":"wp","href":"https:\/\/api.w.org\/{rel}","templated":true}]}}