{"id":160999,"date":"2023-04-17T07:22:00","date_gmt":"2023-04-17T10:22:00","guid":{"rendered":"https:\/\/www.hoymercedes.com.ar\/principal\/?p=160999"},"modified":"2023-04-17T00:23:52","modified_gmt":"2023-04-17T03:23:52","slug":"alejandra-duberti-es-la-tortera-del-ano","status":"publish","type":"post","link":"https:\/\/www.hoymercedes.com.ar\/principal\/2023\/04\/17\/alejandra-duberti-es-la-tortera-del-ano\/","title":{"rendered":"Alejandra Duberti es la tortera del a\u00f1o"},"content":{"rendered":"\n<figure class=\"wp-block-image size-large\"><img loading=\"lazy\" decoding=\"async\" width=\"1024\" height=\"683\" data-attachment-id=\"161000\" data-permalink=\"https:\/\/www.hoymercedes.com.ar\/principal\/2023\/04\/17\/alejandra-duberti-es-la-tortera-del-ano\/img_8932\/#main\" data-orig-file=\"https:\/\/www.hoymercedes.com.ar\/principal\/wp-content\/uploads\/2023\/04\/IMG_8932-scaled.jpg\" data-orig-size=\"2560,1707\" data-comments-opened=\"0\" data-image-meta=\"{&quot;aperture&quot;:&quot;3.5&quot;,&quot;credit&quot;:&quot;&quot;,&quot;camera&quot;:&quot;NIKON D5&quot;,&quot;caption&quot;:&quot;&quot;,&quot;created_timestamp&quot;:&quot;1681668862&quot;,&quot;copyright&quot;:&quot;&quot;,&quot;focal_length&quot;:&quot;70&quot;,&quot;iso&quot;:&quot;3200&quot;,&quot;shutter_speed&quot;:&quot;0.002&quot;,&quot;title&quot;:&quot;&quot;,&quot;orientation&quot;:&quot;0&quot;}\" data-image-title=\"IMG_8932\" data-image-description=\"\" data-image-caption=\"\" data-large-file=\"https:\/\/www.hoymercedes.com.ar\/principal\/wp-content\/uploads\/2023\/04\/IMG_8932-1024x683.jpg\" src=\"https:\/\/www.hoymercedes.com.ar\/principal\/wp-content\/uploads\/2023\/04\/IMG_8932-1024x683.jpg\" alt=\"\" class=\"wp-image-161000\" srcset=\"https:\/\/www.hoymercedes.com.ar\/principal\/wp-content\/uploads\/2023\/04\/IMG_8932-1024x683.jpg 1024w, https:\/\/www.hoymercedes.com.ar\/principal\/wp-content\/uploads\/2023\/04\/IMG_8932-630x420.jpg 630w, https:\/\/www.hoymercedes.com.ar\/principal\/wp-content\/uploads\/2023\/04\/IMG_8932-150x100.jpg 150w, https:\/\/www.hoymercedes.com.ar\/principal\/wp-content\/uploads\/2023\/04\/IMG_8932-1536x1024.jpg 1536w, https:\/\/www.hoymercedes.com.ar\/principal\/wp-content\/uploads\/2023\/04\/IMG_8932-2048x1365.jpg 2048w\" sizes=\"auto, (max-width: 1024px) 100vw, 1024px\" \/><\/figure>\n\n\n\n<p>En la tradicional elecci\u00f3n de la tortera del a\u00f1o esta vez la ganadora fue Alejandra Duberti. Por su parte Marta Poltronieri obtuvo el segundo puesto. La fiesta tuvo una gran cantidad de p\u00fablico a pesar de la lluvia, tal como muestran distintas im\u00e1genes distribuidas en las redes sociales.<\/p>\n\n\n\n<p>El ministro Eduardo de Pedro y el intendente Ustarroz entregaron el galard\u00f3n. \u201cQueremos a trav\u00e9s de ella felicitar a cada tortera, a cada familia que est\u00e1 detr\u00e1s de este compromiso, de esta tradici\u00f3n que crece a\u00f1o a a\u00f1o\u201d mencion\u00f3 el intendente Ustarroz y remarc\u00f3 que \u201cesta fiesta hermosa, tiene cultura, tradici\u00f3n, identidad, genera trabajo y alegr\u00eda, gracias a todas y todos los que la hacen posible.<\/p>\n\n\n\n<p>El primer premio otorgado a la mejor Torta Frita de esta edici\u00f3n n\u00famero 23, con 489 puntos, fue para Alejandra Duberti \u201cquiero agradecer a todo el equipo, a los que me acompa\u00f1aron y a toda mi familia\u201d y el segundo puesto, con 486 puntos, fue para Marta Poltronieri quien se mostr\u00f3 sumamente emocionada.<\/p>\n\n\n\n<p>Tambi\u00e9n se reconoci\u00f3 al mejor stand y F\u00e1tima y Amanda Costa entregaron a distintas personas vinculadas a la celebraci\u00f3n diversos reconocimientos. Hubo tambi\u00e9n menciones espaciales y recuerdos afectivos a Fernando Luna, Tati Meda y a quienes iniciaron sin otra motivaci\u00f3n que la identidad y el arraigo esta hermosa fiesta que ahora se convirti\u00f3 en nacional.<\/p>\n\n\n\n<p>\u201cFue muy re\u00f1ida la competencia\u201d narraron quienes tuvieron la dif\u00edcil tarea de elegir la mejor torta que tiene que poseer caracter\u00edsticas vinculadas al bollo, consistencia, sal, fritura, tipo de masa, entre otros, que evalu\u00f3 el jurado compuesto por F\u00e1tima Costa, Amanda Costa, Miguel y Ester Cordone y Graciela Colicigno.<\/p>\n","protected":false},"excerpt":{"rendered":"<p>En la tradicional elecci\u00f3n de la tortera del a\u00f1o esta vez la ganadora fue Alejandra Duberti. Por su parte Marta &#8230; <a title=\"Alejandra Duberti es la tortera del a\u00f1o\" class=\"read-more\" href=\"https:\/\/www.hoymercedes.com.ar\/principal\/2023\/04\/17\/alejandra-duberti-es-la-tortera-del-ano\/\" aria-label=\"Leer m\u00e1s sobre Alejandra Duberti es la tortera del a\u00f1o\">Leer m\u00e1s<\/a><\/p>\n","protected":false},"author":1,"featured_media":161000,"comment_status":"closed","ping_status":"open","sticky":false,"template":"","format":"standard","meta":{"_monsterinsights_skip_tracking":false,"_monsterinsights_sitenote_active":false,"_monsterinsights_sitenote_note":"","_monsterinsights_sitenote_category":0,"jetpack_post_was_ever_published":false,"_jetpack_newsletter_access":"","_jetpack_dont_email_post_to_subs":false,"_jetpack_newsletter_tier_id":0,"_jetpack_memberships_contains_paywalled_content":false,"_jetpack_memberships_contains_paid_content":false,"footnotes":"","jetpack_publicize_message":"","jetpack_publicize_feature_enabled":true,"jetpack_social_post_already_shared":true,"jetpack_social_options":{"image_generator_settings":{"template":"highway","default_image_id":0,"font":"","enabled":false},"version":2},"_wpas_customize_per_network":false},"categories":[8],"tags":[18720,7205,12922],"class_list":["post-160999","post","type-post","status-publish","format-standard","has-post-thumbnail","hentry","category-sociedad","tag-alejandra-duberti","tag-torta-frita","tag-tortera-del-ano","generate-columns","tablet-grid-50","mobile-grid-100","grid-parent","grid-50"],"jetpack_publicize_connections":[],"jetpack_featured_media_url":"https:\/\/www.hoymercedes.com.ar\/principal\/wp-content\/uploads\/2023\/04\/IMG_8932-scaled.jpg","wps_subtitle":"Fiestas Nacionales ","jetpack_sharing_enabled":true,"_links":{"self":[{"href":"https:\/\/www.hoymercedes.com.ar\/principal\/wp-json\/wp\/v2\/posts\/160999","targetHints":{"allow":["GET"]}}],"collection":[{"href":"https:\/\/www.hoymercedes.com.ar\/principal\/wp-json\/wp\/v2\/posts"}],"about":[{"href":"https:\/\/www.hoymercedes.com.ar\/principal\/wp-json\/wp\/v2\/types\/post"}],"author":[{"embeddable":true,"href":"https:\/\/www.hoymercedes.com.ar\/principal\/wp-json\/wp\/v2\/users\/1"}],"replies":[{"embeddable":true,"href":"https:\/\/www.hoymercedes.com.ar\/principal\/wp-json\/wp\/v2\/comments?post=160999"}],"version-history":[{"count":0,"href":"https:\/\/www.hoymercedes.com.ar\/principal\/wp-json\/wp\/v2\/posts\/160999\/revisions"}],"wp:featuredmedia":[{"embeddable":true,"href":"https:\/\/www.hoymercedes.com.ar\/principal\/wp-json\/wp\/v2\/media\/161000"}],"wp:attachment":[{"href":"https:\/\/www.hoymercedes.com.ar\/principal\/wp-json\/wp\/v2\/media?parent=160999"}],"wp:term":[{"taxonomy":"category","embeddable":true,"href":"https:\/\/www.hoymercedes.com.ar\/principal\/wp-json\/wp\/v2\/categories?post=160999"},{"taxonomy":"post_tag","embeddable":true,"href":"https:\/\/www.hoymercedes.com.ar\/principal\/wp-json\/wp\/v2\/tags?post=160999"}],"curies":[{"name":"wp","href":"https:\/\/api.w.org\/{rel}","templated":true}]}}