{"id":161013,"date":"2023-04-17T10:16:54","date_gmt":"2023-04-17T13:16:54","guid":{"rendered":"https:\/\/www.hoymercedes.com.ar\/principal\/?p=161013"},"modified":"2023-04-17T10:16:56","modified_gmt":"2023-04-17T13:16:56","slug":"musical-en-teatro-vuelve-despertar-de-primavera","status":"publish","type":"post","link":"https:\/\/www.hoymercedes.com.ar\/principal\/2023\/04\/17\/musical-en-teatro-vuelve-despertar-de-primavera\/","title":{"rendered":"Musical en teatro: Vuelve \u00abDespertar de primavera\u00bb"},"content":{"rendered":"\n<p>Vuelve \u00abDespertar de primavera\u00bb, un musical diferente que ha sido todo un \u00e9xito vuelve a escena de la mano del Taller de Montaje Sucede. Proyecto coordinado por Eugenia Fraiese y Patricio Uncal que el a\u00f1o pasado agot\u00f3 las localidades de todas sus funciones, vuelve con una funci\u00f3n para el 23 de abril en teatro municipal.<\/p>\n\n\n<div class=\"wp-block-image\">\n<figure class=\"aligncenter size-full\"><img loading=\"lazy\" decoding=\"async\" width=\"800\" height=\"530\" data-attachment-id=\"161015\" data-permalink=\"https:\/\/www.hoymercedes.com.ar\/principal\/2023\/04\/17\/musical-en-teatro-vuelve-despertar-de-primavera\/despertar-primavera-1\/#main\" data-orig-file=\"https:\/\/www.hoymercedes.com.ar\/principal\/wp-content\/uploads\/2023\/04\/despertar-primavera-1.jpg\" data-orig-size=\"800,530\" data-comments-opened=\"0\" data-image-meta=\"{&quot;aperture&quot;:&quot;0&quot;,&quot;credit&quot;:&quot;&quot;,&quot;camera&quot;:&quot;&quot;,&quot;caption&quot;:&quot;&quot;,&quot;created_timestamp&quot;:&quot;0&quot;,&quot;copyright&quot;:&quot;&quot;,&quot;focal_length&quot;:&quot;0&quot;,&quot;iso&quot;:&quot;0&quot;,&quot;shutter_speed&quot;:&quot;0&quot;,&quot;title&quot;:&quot;&quot;,&quot;orientation&quot;:&quot;0&quot;}\" data-image-title=\"despertar primavera 1\" data-image-description=\"\" data-image-caption=\"\" data-large-file=\"https:\/\/www.hoymercedes.com.ar\/principal\/wp-content\/uploads\/2023\/04\/despertar-primavera-1.jpg\" src=\"https:\/\/www.hoymercedes.com.ar\/principal\/wp-content\/uploads\/2023\/04\/despertar-primavera-1.jpg\" alt=\"\" class=\"wp-image-161015\" srcset=\"https:\/\/www.hoymercedes.com.ar\/principal\/wp-content\/uploads\/2023\/04\/despertar-primavera-1.jpg 800w, https:\/\/www.hoymercedes.com.ar\/principal\/wp-content\/uploads\/2023\/04\/despertar-primavera-1-630x417.jpg 630w, https:\/\/www.hoymercedes.com.ar\/principal\/wp-content\/uploads\/2023\/04\/despertar-primavera-1-150x99.jpg 150w, https:\/\/www.hoymercedes.com.ar\/principal\/wp-content\/uploads\/2023\/04\/despertar-primavera-1-700x465.jpg 700w\" sizes=\"auto, (max-width: 800px) 100vw, 800px\" \/><\/figure>\n<\/div>\n\n\n<p>\u00abDespertar de primavera\u00bb\u00bb\u00bb es una adaptaci\u00f3n de la obra escrita por Frank Wedekind que revolucion\u00f3 la comedia musical. Cuenta la historia de un grupo de adolescentes que se enfrentan con las grandes preguntas que marcan la adolescencia en un mundo en el que los adultos controlan todo. El sexo, el suicidio, los misterios de la pubertad y una interminable serie de cuestionamientos comienzan a aflorar. Mientras intentan encontrar las respuestas contin\u00faan con sus vidas en un ambiente extremadamente hostil que pone incesantemente a prueba sus valores.<\/p>\n\n\n\n<p>Reestreno: Domingo 23 de abril en el Teatro Argentino a las 20:00 hs.<br>Gran elenco integrado por Karen Grassi, Nicol\u00e1s Reinoso, Solano Marenco, Roc\u00edo Torres, Pablo Rodr\u00edguez, Eros Festugato, Ana Bori, Agustina Serra, Paula Fal y Sabrina\u00a0Masciocchi.<\/p>\n\n\n<div class=\"wp-block-image\">\n<figure class=\"aligncenter size-full\"><img loading=\"lazy\" decoding=\"async\" width=\"800\" height=\"530\" data-attachment-id=\"161014\" data-permalink=\"https:\/\/www.hoymercedes.com.ar\/principal\/2023\/04\/17\/musical-en-teatro-vuelve-despertar-de-primavera\/despertar-primavera-2\/#main\" data-orig-file=\"https:\/\/www.hoymercedes.com.ar\/principal\/wp-content\/uploads\/2023\/04\/despertar-primavera-2.jpg\" data-orig-size=\"800,530\" data-comments-opened=\"0\" data-image-meta=\"{&quot;aperture&quot;:&quot;0&quot;,&quot;credit&quot;:&quot;&quot;,&quot;camera&quot;:&quot;&quot;,&quot;caption&quot;:&quot;&quot;,&quot;created_timestamp&quot;:&quot;0&quot;,&quot;copyright&quot;:&quot;&quot;,&quot;focal_length&quot;:&quot;0&quot;,&quot;iso&quot;:&quot;0&quot;,&quot;shutter_speed&quot;:&quot;0&quot;,&quot;title&quot;:&quot;&quot;,&quot;orientation&quot;:&quot;0&quot;}\" data-image-title=\"despertar primavera 2\" data-image-description=\"\" data-image-caption=\"\" data-large-file=\"https:\/\/www.hoymercedes.com.ar\/principal\/wp-content\/uploads\/2023\/04\/despertar-primavera-2.jpg\" src=\"https:\/\/www.hoymercedes.com.ar\/principal\/wp-content\/uploads\/2023\/04\/despertar-primavera-2.jpg\" alt=\"\" class=\"wp-image-161014\" srcset=\"https:\/\/www.hoymercedes.com.ar\/principal\/wp-content\/uploads\/2023\/04\/despertar-primavera-2.jpg 800w, https:\/\/www.hoymercedes.com.ar\/principal\/wp-content\/uploads\/2023\/04\/despertar-primavera-2-630x417.jpg 630w, https:\/\/www.hoymercedes.com.ar\/principal\/wp-content\/uploads\/2023\/04\/despertar-primavera-2-150x99.jpg 150w, https:\/\/www.hoymercedes.com.ar\/principal\/wp-content\/uploads\/2023\/04\/despertar-primavera-2-700x465.jpg 700w\" sizes=\"auto, (max-width: 800px) 100vw, 800px\" \/><\/figure>\n<\/div>","protected":false},"excerpt":{"rendered":"<p>Vuelve \u00abDespertar de primavera\u00bb, un musical diferente que ha sido todo un \u00e9xito vuelve a escena de la mano del &#8230; <a title=\"Musical en teatro: Vuelve \u00abDespertar de primavera\u00bb\" class=\"read-more\" href=\"https:\/\/www.hoymercedes.com.ar\/principal\/2023\/04\/17\/musical-en-teatro-vuelve-despertar-de-primavera\/\" aria-label=\"Leer m\u00e1s sobre Musical en teatro: Vuelve \u00abDespertar de primavera\u00bb\">Leer m\u00e1s<\/a><\/p>\n","protected":false},"author":1,"featured_media":161014,"comment_status":"closed","ping_status":"open","sticky":false,"template":"","format":"standard","meta":{"_monsterinsights_skip_tracking":false,"_monsterinsights_sitenote_active":false,"_monsterinsights_sitenote_note":"","_monsterinsights_sitenote_category":0,"jetpack_post_was_ever_published":false,"_jetpack_newsletter_access":"","_jetpack_dont_email_post_to_subs":false,"_jetpack_newsletter_tier_id":0,"_jetpack_memberships_contains_paywalled_content":false,"_jetpack_memberships_contains_paid_content":false,"footnotes":"","jetpack_publicize_message":"","jetpack_publicize_feature_enabled":true,"jetpack_social_post_already_shared":true,"jetpack_social_options":{"image_generator_settings":{"template":"highway","default_image_id":0,"font":"","enabled":false},"version":2},"_wpas_customize_per_network":false},"categories":[8],"tags":[7805],"class_list":["post-161013","post","type-post","status-publish","format-standard","has-post-thumbnail","hentry","category-sociedad","tag-cultura","generate-columns","tablet-grid-50","mobile-grid-100","grid-parent","grid-50"],"jetpack_publicize_connections":[],"jetpack_featured_media_url":"https:\/\/www.hoymercedes.com.ar\/principal\/wp-content\/uploads\/2023\/04\/despertar-primavera-2.jpg","wps_subtitle":"","jetpack_sharing_enabled":true,"_links":{"self":[{"href":"https:\/\/www.hoymercedes.com.ar\/principal\/wp-json\/wp\/v2\/posts\/161013","targetHints":{"allow":["GET"]}}],"collection":[{"href":"https:\/\/www.hoymercedes.com.ar\/principal\/wp-json\/wp\/v2\/posts"}],"about":[{"href":"https:\/\/www.hoymercedes.com.ar\/principal\/wp-json\/wp\/v2\/types\/post"}],"author":[{"embeddable":true,"href":"https:\/\/www.hoymercedes.com.ar\/principal\/wp-json\/wp\/v2\/users\/1"}],"replies":[{"embeddable":true,"href":"https:\/\/www.hoymercedes.com.ar\/principal\/wp-json\/wp\/v2\/comments?post=161013"}],"version-history":[{"count":0,"href":"https:\/\/www.hoymercedes.com.ar\/principal\/wp-json\/wp\/v2\/posts\/161013\/revisions"}],"wp:featuredmedia":[{"embeddable":true,"href":"https:\/\/www.hoymercedes.com.ar\/principal\/wp-json\/wp\/v2\/media\/161014"}],"wp:attachment":[{"href":"https:\/\/www.hoymercedes.com.ar\/principal\/wp-json\/wp\/v2\/media?parent=161013"}],"wp:term":[{"taxonomy":"category","embeddable":true,"href":"https:\/\/www.hoymercedes.com.ar\/principal\/wp-json\/wp\/v2\/categories?post=161013"},{"taxonomy":"post_tag","embeddable":true,"href":"https:\/\/www.hoymercedes.com.ar\/principal\/wp-json\/wp\/v2\/tags?post=161013"}],"curies":[{"name":"wp","href":"https:\/\/api.w.org\/{rel}","templated":true}]}}