{"id":16103,"date":"2012-09-14T03:56:34","date_gmt":"2012-09-14T03:56:34","guid":{"rendered":"http:\/\/www.hoymercedes.com.ar\/principal\/?p=16103"},"modified":"2012-09-14T03:56:49","modified_gmt":"2012-09-14T03:56:49","slug":"un-cacerolero-preocupado-por-la-presencia-de-la-prensa","status":"publish","type":"post","link":"https:\/\/www.hoymercedes.com.ar\/principal\/2012\/09\/14\/un-cacerolero-preocupado-por-la-presencia-de-la-prensa\/","title":{"rendered":"Un cacerolero preocupado por la presencia de la prensa"},"content":{"rendered":"<p><span style=\"color: #003366;\"><strong>Por Redacci\u00f3n de HoyMercedes<\/strong><\/span><\/p>\n<p>La m\u00e1s indeseable de las situaciones vivi\u00f3 el cronista de \u00e9ste medio que cubri\u00f3 el intento de cacerolazo en plaza San Mart\u00edn este jueves por la noche. Se vi\u00f3 simb\u00f3licamente cuestionado y completamente sorprendido por la actitud de alg\u00fan sujeto que no debe ser puesto como norma general, pero tampoco dejarlo como mero acto aislado.<\/p>\n<p>Qui\u00e9n se acerc\u00f3 desde <span style=\"color: #003366;\"><strong>HoyMercedes<\/strong> <\/span>a realizar las im\u00e1genes de la manifestaci\u00f3n fue perseguido para sacarle una foto como si \u00e9l fuese objeto de cuestionamiento, quebrantara una norma, faltara el respeto o indignara alguien. Repetimos: le sacaban fotos al representante de este medio como si fuese una molestia, un estorbo, un infiltrado de alg\u00fan servicio. Actos propios de otra \u00e9poca.<\/p>\n<p>Quien\u00a0fue\u00a0a la plaza estaba en un lugar p\u00fablico. Se manifestaba justamente para SER VISTO y hacer o\u00edr su opini\u00f3n. Es decir, hacer VISIBLE su parte de la realidad. As\u00ed y todo cuando se sac\u00f3 una foto global, sin determinar a nadie en espacial, este sujeto mir\u00f3 al cronista,\u00a0<strong>lo busc\u00f3, lo enfoc\u00f3 y le sac\u00f3 una foto como si necesitara usarla en alg\u00fan acto posterior<\/strong>. Es decir, se convirti\u00f3 en presa justamente a alguien que iba, como \u00a0dice el dicho popular, a hacerle \u00abel caldo gordo\u00bb.<\/p>\n<p>\u00bfQu\u00e9 tipo de amenaza pod\u00eda ser un periodista? \u00bfQu\u00e9 tipo de problema pod\u00eda generar una foto global a cualquiera all\u00ed presente que fue por propia voluntad a mostrase p\u00fablicamente? No encontramos respuestas.<\/p>\n<p>En la plaza se vieron dirigentes pol\u00edticos de diversos partidos entre los presentes.<\/p>\n<p>Una situaci\u00f3n que est\u00e1 empa\u00f1ada por alguien que no sabemos su nombre ni nos preocupa, pero que se encontraba all\u00ed de manera voluntaria y sin embargo \u00a0no ten\u00eda valor para \u00abdar la cara\u00bb.<\/p>\n","protected":false},"excerpt":{"rendered":"<p>Por Redacci\u00f3n de HoyMercedes La m\u00e1s indeseable de las situaciones vivi\u00f3 el cronista de \u00e9ste medio que cubri\u00f3 el intento &#8230; <a title=\"Un cacerolero preocupado por la presencia de la prensa\" class=\"read-more\" href=\"https:\/\/www.hoymercedes.com.ar\/principal\/2012\/09\/14\/un-cacerolero-preocupado-por-la-presencia-de-la-prensa\/\" aria-label=\"Leer m\u00e1s sobre Un cacerolero preocupado por la presencia de la prensa\">Leer m\u00e1s<\/a><\/p>\n","protected":false},"author":1,"featured_media":0,"comment_status":"open","ping_status":"open","sticky":false,"template":"","format":"standard","meta":{"_monsterinsights_skip_tracking":false,"_monsterinsights_sitenote_active":false,"_monsterinsights_sitenote_note":"","_monsterinsights_sitenote_category":0,"jetpack_post_was_ever_published":false,"_jetpack_newsletter_access":"","_jetpack_dont_email_post_to_subs":false,"_jetpack_newsletter_tier_id":0,"_jetpack_memberships_contains_paywalled_content":false,"_jetpack_memberships_contains_paid_content":false,"footnotes":"","jetpack_publicize_message":"","jetpack_publicize_feature_enabled":true,"jetpack_social_post_already_shared":false,"jetpack_social_options":{"image_generator_settings":{"template":"highway","default_image_id":0,"font":"","enabled":false},"version":2},"_wpas_customize_per_network":false},"categories":[1],"tags":[2737],"class_list":["post-16103","post","type-post","status-publish","format-standard","hentry","category-opinion","tag-cacerolazo-mercedes","generate-columns","tablet-grid-50","mobile-grid-100","grid-parent","grid-50"],"jetpack_publicize_connections":[],"jetpack_featured_media_url":"","wps_subtitle":"","jetpack_sharing_enabled":true,"_links":{"self":[{"href":"https:\/\/www.hoymercedes.com.ar\/principal\/wp-json\/wp\/v2\/posts\/16103","targetHints":{"allow":["GET"]}}],"collection":[{"href":"https:\/\/www.hoymercedes.com.ar\/principal\/wp-json\/wp\/v2\/posts"}],"about":[{"href":"https:\/\/www.hoymercedes.com.ar\/principal\/wp-json\/wp\/v2\/types\/post"}],"author":[{"embeddable":true,"href":"https:\/\/www.hoymercedes.com.ar\/principal\/wp-json\/wp\/v2\/users\/1"}],"replies":[{"embeddable":true,"href":"https:\/\/www.hoymercedes.com.ar\/principal\/wp-json\/wp\/v2\/comments?post=16103"}],"version-history":[{"count":0,"href":"https:\/\/www.hoymercedes.com.ar\/principal\/wp-json\/wp\/v2\/posts\/16103\/revisions"}],"wp:attachment":[{"href":"https:\/\/www.hoymercedes.com.ar\/principal\/wp-json\/wp\/v2\/media?parent=16103"}],"wp:term":[{"taxonomy":"category","embeddable":true,"href":"https:\/\/www.hoymercedes.com.ar\/principal\/wp-json\/wp\/v2\/categories?post=16103"},{"taxonomy":"post_tag","embeddable":true,"href":"https:\/\/www.hoymercedes.com.ar\/principal\/wp-json\/wp\/v2\/tags?post=16103"}],"curies":[{"name":"wp","href":"https:\/\/api.w.org\/{rel}","templated":true}]}}