{"id":161060,"date":"2023-04-17T19:25:00","date_gmt":"2023-04-17T22:25:00","guid":{"rendered":"https:\/\/www.hoymercedes.com.ar\/principal\/?p=161060"},"modified":"2023-04-17T17:51:47","modified_gmt":"2023-04-17T20:51:47","slug":"cuarta-fecha-para-el-futbol-infanto-juvenil","status":"publish","type":"post","link":"https:\/\/www.hoymercedes.com.ar\/principal\/2023\/04\/17\/cuarta-fecha-para-el-futbol-infanto-juvenil\/","title":{"rendered":"Cuarta fecha para el futbol infanto juvenil"},"content":{"rendered":"\n<p>El s\u00e1bado por la tarde la Liga Mercedina de F\u00fatbol program\u00f3 la cuarta fecha del torneo infanto juvenil que re\u00fane a gran parte de los clubes locales y de la zona. Los resultados que dej\u00f3 la jornada 4 fueron los siguientes:<\/p>\n\n\n\n<p>\u2022 2013<br>Ateneo 2 \u2013 1 Mercedes<br>Estudiantes 3 \u2013 0 Palometas<br>Quilmes 0 \u2013 1 Los Carteros<br>Defensores 2 \u2013 7 Juventud<br>El Front\u00f3n 2 \u2013 2 Uni\u00f3n<br>Holanda 2 \u2013 2 Trocha<br>V\u00e9lez 6 \u2013 0 Talleres<\/p>\n\n\n\n<p>\u2022 2012<br>Ateneo 1 \u2013 5 Mercedes<br>Estudiantes 0 \u2013 3 Palometas<br>Quilmes 1 \u2013 0 Los Carteros<br>Defensores 1 \u2013 2 Juventud<br>El Front\u00f3n 1 \u2013 1 Uni\u00f3n<br>Holanda 0 \u2013 4 Trocha<br>V\u00e9lez 0 \u2013 1 Talleres<\/p>\n\n\n\n<p>\u2022 2011<br>Ateneo 1 \u2013 3 Mercedes<br>Estudiantes 0 \u2013 0 Palometas<br>Quilmes 0 \u2013 2 Los Carteros<br>Defensores 2 \u2013 3 Juventud<br>El Front\u00f3n 0 \u2013 1 Uni\u00f3n<br>V\u00e9lez 0 \u2013 3 Pabell\u00f3n\u00a0<\/p>\n\n\n\n<p>\u2022 2010<br>Ateneo 1 \u2013 2 Mercedes<br>Estudiantes 4 \u2013 0 Palometas<br>Quilmes 0 \u2013 0 Los Carteros<br>Defensores 1 \u2013 3 Juventud<br>El Front\u00f3n 1 \u2013 1 Uni\u00f3n<br>Holanda 1 \u2013 6 Trocha<br>V\u00e9lez 1 \u2013 1 Pabell\u00f3n<br>La Tijera 5 \u2013 3 Dep. Gowland<\/p>\n\n\n<div class=\"wp-block-image\">\n<figure class=\"aligncenter size-large is-resized\"><img loading=\"lazy\" decoding=\"async\" data-attachment-id=\"161031\" data-permalink=\"https:\/\/www.hoymercedes.com.ar\/principal\/screenshot_20230417-1649012\/\" data-orig-file=\"https:\/\/www.hoymercedes.com.ar\/principal\/wp-content\/uploads\/2023\/04\/Screenshot_20230417-1649012-e1681764598626.png\" data-orig-size=\"800,596\" data-comments-opened=\"0\" data-image-meta=\"{&quot;aperture&quot;:&quot;0&quot;,&quot;credit&quot;:&quot;&quot;,&quot;camera&quot;:&quot;&quot;,&quot;caption&quot;:&quot;&quot;,&quot;created_timestamp&quot;:&quot;0&quot;,&quot;copyright&quot;:&quot;&quot;,&quot;focal_length&quot;:&quot;0&quot;,&quot;iso&quot;:&quot;0&quot;,&quot;shutter_speed&quot;:&quot;0&quot;,&quot;title&quot;:&quot;&quot;,&quot;orientation&quot;:&quot;0&quot;}\" data-image-title=\"Screenshot_20230417-164901~2\" data-image-description=\"\" data-image-caption=\"\" data-large-file=\"https:\/\/www.hoymercedes.com.ar\/principal\/wp-content\/uploads\/2023\/04\/Screenshot_20230417-1649012-1024x763.png\" src=\"https:\/\/www.hoymercedes.com.ar\/principal\/wp-content\/uploads\/2023\/04\/Screenshot_20230417-1649012-1024x763.png\" alt=\"\" class=\"wp-image-161031\" width=\"616\" height=\"459\"\/><\/figure>\n<\/div>\n\n\n<p>\u2022 2009<br>Ateneo 1 \u2013 1 Mercedes<br>Estudiantes 5 \u2013 0 Palometas<br>Quilmes 1 \u2013 1 Los Carteros<br>Defensores 1 \u2013 0 Juventud<br>El Front\u00f3n 1 \u2013 1 Uni\u00f3n<\/p>\n\n\n\n<p>\u2022 2008<br>Ateneo 0 \u2013 2 Mercedes<br>Estudiantes 2 \u2013 0 Palometas<br>Quilmes 2 \u2013 3 Los Carteros<br>Defensores 0 \u2013 2 Juventud<br>El Front\u00f3n 1 \u2013 0 Uni\u00f3n<br>Holanda 3 \u2013 2 Trocha<br>V\u00e9lez 4 \u2013 2 Pabell\u00f3n<br>La Tijera 1 \u2013 2 El Tim\u00f3n<\/p>\n\n\n\n<p>\u2022 5ta Divisi\u00f3n<br>Ateneo 0 \u2013 1 Mercedes<br>Estudiantes 4 \u2013 1 Palometas<br>Quilmes 0 \u2013 2 Los Carteros<br>Defensores 2 \u2013 1 Juventud<br>El Front\u00f3n 1 \u2013 2 Uni\u00f3n<br>Holanda 6 \u2013 0 Trocha<br>V\u00e9lez 4 \u2013 1 Pabell\u00f3n<br>La Tijera 1 \u2013 1 El Tim\u00f3n<\/p>\n\n\n\n<p><strong>Pr\u00f3xima fecha<\/strong><br>Uni\u00f3n Vs. La Tijera<br>Los Carteros Vs. V\u00e9lez<br>Talleres \/ Pabell\u00f3n Argentino Vs. Estudiantes<br>Juventud Vs. Mercedes<br>Palometas Vs. Quilmes<br>Trocha Vs. Ateneo<br>Gowland \/ El Tim\u00f3n Vs. El Front\u00f3n<br>Holanda Vs. Defensores<\/p>\n\n\n\n<p>Colaboraci\u00f3n Mariano Oyarz\u00fa<br>Fotograf\u00eda: Club Ateneo<\/p>\n","protected":false},"excerpt":{"rendered":"<p>El s\u00e1bado por la tarde la Liga Mercedina de F\u00fatbol program\u00f3 la cuarta fecha del torneo infanto juvenil que re\u00fane &#8230; <a title=\"Cuarta fecha para el futbol infanto juvenil\" class=\"read-more\" href=\"https:\/\/www.hoymercedes.com.ar\/principal\/2023\/04\/17\/cuarta-fecha-para-el-futbol-infanto-juvenil\/\" aria-label=\"Leer m\u00e1s sobre Cuarta fecha para el futbol infanto juvenil\">Leer m\u00e1s<\/a><\/p>\n","protected":false},"author":1,"featured_media":161031,"comment_status":"closed","ping_status":"open","sticky":false,"template":"","format":"standard","meta":{"_monsterinsights_skip_tracking":false,"_monsterinsights_sitenote_active":false,"_monsterinsights_sitenote_note":"","_monsterinsights_sitenote_category":0,"jetpack_post_was_ever_published":false,"_jetpack_newsletter_access":"","_jetpack_dont_email_post_to_subs":false,"_jetpack_newsletter_tier_id":0,"_jetpack_memberships_contains_paywalled_content":false,"_jetpack_memberships_contains_paid_content":false,"footnotes":"","jetpack_publicize_message":"","jetpack_publicize_feature_enabled":true,"jetpack_social_post_already_shared":true,"jetpack_social_options":{"image_generator_settings":{"template":"highway","default_image_id":0,"font":"","enabled":false},"version":2},"_wpas_customize_per_network":false},"categories":[8],"tags":[],"class_list":["post-161060","post","type-post","status-publish","format-standard","has-post-thumbnail","hentry","category-sociedad","generate-columns","tablet-grid-50","mobile-grid-100","grid-parent","grid-50"],"jetpack_publicize_connections":[],"jetpack_featured_media_url":"https:\/\/www.hoymercedes.com.ar\/principal\/wp-content\/uploads\/2023\/04\/Screenshot_20230417-1649012-e1681764598626.png","wps_subtitle":"Liga Mercedina de F\u00fatbol","jetpack_sharing_enabled":true,"_links":{"self":[{"href":"https:\/\/www.hoymercedes.com.ar\/principal\/wp-json\/wp\/v2\/posts\/161060","targetHints":{"allow":["GET"]}}],"collection":[{"href":"https:\/\/www.hoymercedes.com.ar\/principal\/wp-json\/wp\/v2\/posts"}],"about":[{"href":"https:\/\/www.hoymercedes.com.ar\/principal\/wp-json\/wp\/v2\/types\/post"}],"author":[{"embeddable":true,"href":"https:\/\/www.hoymercedes.com.ar\/principal\/wp-json\/wp\/v2\/users\/1"}],"replies":[{"embeddable":true,"href":"https:\/\/www.hoymercedes.com.ar\/principal\/wp-json\/wp\/v2\/comments?post=161060"}],"version-history":[{"count":0,"href":"https:\/\/www.hoymercedes.com.ar\/principal\/wp-json\/wp\/v2\/posts\/161060\/revisions"}],"wp:featuredmedia":[{"embeddable":true,"href":"https:\/\/www.hoymercedes.com.ar\/principal\/wp-json\/wp\/v2\/media\/161031"}],"wp:attachment":[{"href":"https:\/\/www.hoymercedes.com.ar\/principal\/wp-json\/wp\/v2\/media?parent=161060"}],"wp:term":[{"taxonomy":"category","embeddable":true,"href":"https:\/\/www.hoymercedes.com.ar\/principal\/wp-json\/wp\/v2\/categories?post=161060"},{"taxonomy":"post_tag","embeddable":true,"href":"https:\/\/www.hoymercedes.com.ar\/principal\/wp-json\/wp\/v2\/tags?post=161060"}],"curies":[{"name":"wp","href":"https:\/\/api.w.org\/{rel}","templated":true}]}}