{"id":161066,"date":"2023-04-17T20:40:00","date_gmt":"2023-04-17T23:40:00","guid":{"rendered":"https:\/\/www.hoymercedes.com.ar\/principal\/?p=161066"},"modified":"2023-04-17T18:57:36","modified_gmt":"2023-04-17T21:57:36","slug":"el-coro-polifonico-nacional-actuara-en-la-parroquia-san-patricio","status":"publish","type":"post","link":"https:\/\/www.hoymercedes.com.ar\/principal\/2023\/04\/17\/el-coro-polifonico-nacional-actuara-en-la-parroquia-san-patricio\/","title":{"rendered":"El Coro Polif\u00f3nico Nacional actuar\u00e1 en la Parroquia San Patricio"},"content":{"rendered":"\n<p>La Direcci\u00f3n Nacional de Elencos Estables del Ministerio de Cultura de la Naci\u00f3n anunci\u00f3 el concierto que brindar\u00e1 el Coro Polif\u00f3nico Nacional el d\u00eda mi\u00e9rcoles 26 de abril a las 19:45 horas en la Parroquia San Patricio de la ciudad de Mercedes, con entrada libre y gratuita.<\/p>\n\n\n\n<p>El concierto ser\u00e1 dirigido por la Mtra. Virginia Bono como directora invitada, quien dirige por primera vez a este prestigioso elenco, en un programa que se ensaya desde principios de abril.<\/p>\n\n\n\n<p>El concierto contar\u00e1 con la participaci\u00f3n de Paula Mena y Laura Delogu (sopranos), Melina Maio y Milagros Seij\u00f3o (altos), Ricardo Gonz\u00e1lez Dorrego y Lucas Werenkraut (tenores), Mart\u00edn Caltabiano y Alejandro Di Nardo (bajos) como solistas y del Mtro. Sebasti\u00e1n Achenbach en \u00f3rgano.<\/p>\n\n\n\n<p>Durante el concierto la Coordinadora Art\u00edstica del Coro Polif\u00f3nico Nacional, Prof. Margarita Pollini, realizar\u00e1 comentarios sobre las obras y sus autores.<\/p>\n\n\n\n<p>El repertorio elegido por la&nbsp;Mtra Virginia Bono&nbsp;para esta ocasi\u00f3n est\u00e1 integrado por obras de Mendelssohn, Brahms y Bruckner. La directora nos expresa lo siguiente sobre el programa:<\/p>\n\n\n\n<p><em>\u00ab<\/em><em>En primer lugar se escuchar\u00e1 \u00abWarum toben die Heiden\u00bb (Por qu\u00e9 se amotinan las naciones) de F. Mendelssohn, un motete para doble coro y doble cuarteto solista a cappella, basado en el texto del salmo 2. Tambi\u00e9n sin acompa\u00f1amiento instrumental se interpretar\u00e1n los motetes op. 29 de J. Brahms \u00abEs ist das Heil uns kommen her\u00bb (La salvaci\u00f3n nos ha llegado) sobre un texto de Paul Speratus, y \u00abSchaffe in mir, Gott, ein rein Herz\u00bb (Crea en m\u00ed, oh Dios, un coraz\u00f3n puro) del salmo 51:10-12 seg\u00fan la traducci\u00f3n de Lutero. Para finalizar, de A. Bruckner, la Misa en mi menor para coro a 8 voces y acompa\u00f1amiento de \u00f3rgano.<\/em><\/p>\n\n\n\n<p><em>Estas piezas fueron compuestas en el per\u00edodo entre 1843 y 1866, aunque Bruckner finaliz\u00f3 en 1882 la revisi\u00f3n de su misa y \u00e9sa ser\u00e1 la versi\u00f3n que se interpretar\u00e1. Si bien fueron compuestas en contemporaneidad y en cercan\u00eda territorial, se puede observar -adem\u00e1s de elementos musicales comunes- la particularidad del lenguaje, dado fundamentalmente en la construcci\u00f3n sonora de cada uno de los compositores, todos ellos emblema del romanticismo germano-austr\u00edaco.\u00bb<\/em><\/p>\n\n\n<div class=\"wp-block-image\">\n<figure class=\"aligncenter size-full\"><img loading=\"lazy\" decoding=\"async\" width=\"800\" height=\"533\" data-attachment-id=\"161067\" data-permalink=\"https:\/\/www.hoymercedes.com.ar\/principal\/2023\/04\/17\/el-coro-polifonico-nacional-actuara-en-la-parroquia-san-patricio\/cpn-68\/#main\" data-orig-file=\"https:\/\/www.hoymercedes.com.ar\/principal\/wp-content\/uploads\/2023\/04\/CPN-68.jpg\" data-orig-size=\"800,533\" data-comments-opened=\"0\" data-image-meta=\"{&quot;aperture&quot;:&quot;0&quot;,&quot;credit&quot;:&quot;&quot;,&quot;camera&quot;:&quot;&quot;,&quot;caption&quot;:&quot;&quot;,&quot;created_timestamp&quot;:&quot;1680123398&quot;,&quot;copyright&quot;:&quot;&quot;,&quot;focal_length&quot;:&quot;0&quot;,&quot;iso&quot;:&quot;0&quot;,&quot;shutter_speed&quot;:&quot;0&quot;,&quot;title&quot;:&quot;&quot;,&quot;orientation&quot;:&quot;0&quot;}\" data-image-title=\"CPN 68\" data-image-description=\"\" data-image-caption=\"\" data-large-file=\"https:\/\/www.hoymercedes.com.ar\/principal\/wp-content\/uploads\/2023\/04\/CPN-68.jpg\" src=\"https:\/\/www.hoymercedes.com.ar\/principal\/wp-content\/uploads\/2023\/04\/CPN-68.jpg\" alt=\"\" class=\"wp-image-161067\" srcset=\"https:\/\/www.hoymercedes.com.ar\/principal\/wp-content\/uploads\/2023\/04\/CPN-68.jpg 800w, https:\/\/www.hoymercedes.com.ar\/principal\/wp-content\/uploads\/2023\/04\/CPN-68-630x420.jpg 630w, https:\/\/www.hoymercedes.com.ar\/principal\/wp-content\/uploads\/2023\/04\/CPN-68-150x100.jpg 150w, https:\/\/www.hoymercedes.com.ar\/principal\/wp-content\/uploads\/2023\/04\/CPN-68-700x465.jpg 700w\" sizes=\"auto, (max-width: 800px) 100vw, 800px\" \/><\/figure>\n<\/div>\n\n\n<p><strong><u>Programa:<br><\/u>* Felix Mendelssohn<br><\/strong><em>Warum toben die Heiden, motete a doble coro y solistas SATB SATB<\/em><\/p>\n\n\n\n<p><strong>* Johannes Brahms<br><\/strong><em>Dos motetes op. 29<\/em><\/p>\n\n\n\n<p><strong>* Anton Bruckner<br><\/strong><em>Misa en mi menor (versi\u00f3n para coro y \u00f3rgano)<\/em><\/p>\n\n\n\n<p><strong><u>Acerca de Virginia Bono<\/u><\/strong><br>Virginia Bono es directora de coros y pedagoga musical santafesina de amplia trayectoria nacional e internacional, egresada del Instituto Superior de M\u00fasica de la Universidad Nacional del Litoral, Argentina, y de la Escuela Superior de M\u00fasica y Arte Esc\u00e9nico de Frankfurt, Alemania.\u00a0<br>Es la directora fundadora del Estudio Coral Meridies, coro independiente de renombre internacional que ha participado representando a Argentina y Am\u00e9rica Latina en simposios mundiales, festivales y concursos nacionales e internacionales recibiendo numerosos premios y distinciones.\u00a0<br>Es la directora titular del Coro Polif\u00f3nico Provincial de Santa Fe, designada por concurso p\u00fablico de antecedentes y oposici\u00f3n.\u00a0<br>Dirige tambi\u00e9n el Coro Juvenil Femenino y el Coro de Ni\u00f1os sede Centro del Instituto Coral, escuela de educaci\u00f3n art\u00edstica especializada en m\u00fasica coral de la provincia de Santa Fe.\u00a0<br>Lleva adelante clases de Direcci\u00f3n Coral en \u00abTactus -Grupo de Estudio de Direcci\u00f3n Coral\u00bb para directores corales y estudiantes avanzados desde 2016.\u00a0<br>Desarrolla una amplia y nutrida agenda como tallerista, docente de cursos y masterclasses en Argentina, Uruguay, Chile, M\u00e9xico, Ecuador, Alemania, Suiza, Francia, Italia, Portugal, B\u00e9lgica, Hungr\u00eda, Austria, entre otros. Como jurado de competencias internacionales ha actuado en Argentina, Europa y Sud\u00e1frica. Fue la docente a cargo de la X Academia Europea para directores de coros en 2019 siendo la primera oportunidad en que se convoca a un profesional de Am\u00e9rica Latina en tan distinguido espacio internacional para la formaci\u00f3n en Direcci\u00f3n Coral.\u00a0<br>Ha sido premiada y distinguida como directora en el Concurso Internacional de Direcci\u00f3n Coral Mariele Ventre en Italia en 2003 y como Director m\u00e1s meritorio en el Concurso Aamcant en 2000.\u00a0 En 2020 fue distinguida con el Premio Piamont\u00e9s de Argentina 2020 por su aporte a la cultura nacional y fue distinguida como \u00abSantafesina destacada\u00bb por el Honorable Concejo Deliberante de la ciudad de Santa Fe.\u00a0<br>Diversos proyectos como directora invitada llevaron adelante en organismos corales y orquestales profesionales y semiprofesionales en Argentina, Chile, Cuba y varios pa\u00edses europeos.\u00a0<br>Es co-autora y editora de publicaciones especializadas y colaboradora con editoriales europeas de m\u00fasica coral. Coopera intensamente con compositores en la comisi\u00f3n y estreno de obras corales en proyectos musicales tanto en Argentina con sus propios coros como tambi\u00e9n en el exterior para proyectos en los que act\u00faa como directora invitada.<br>Es miembro activo de Adicora y Adicof\u00e9, asociaciones de directores corales donde ha desempe\u00f1ado en varias oportunidades cargos de gesti\u00f3n. Es una de las impulsoras del proyecto nacional \u00abDirectoras hablan de la m\u00fasica coral\u00bb que trabaj\u00f3 en la visibilizaci\u00f3n de las directoras mujeres y sus experiencias profesionales en Argentina. Es miembro de la Federaci\u00f3n Internacional para la M\u00fasica Coral (IFCM) y, como Embajadora por Sudam\u00e9rica electa, de la Federaci\u00f3n Internacional de Directores de coro (ICCF). Forma parte del Comit\u00e9 Asesor de \u00abChoralspace &#8211;\u00a0 Academia Internacional de Artes Corales\u00bb. Participa en Interkultur como jurado de las Olimp\u00edadas Corales Mundiales (World Choir Games) y es miembro activo en \u00abOur Voice for Our Planet\u00bb, entidad que trabaja por la concientizaci\u00f3n de valores ecol\u00f3gicos a trav\u00e9s de la m\u00fasica coral, y de \u00abVoces de Latinoam\u00e9rica\u00bb organizaci\u00f3n que re\u00fane a 20 pa\u00edses latinoamericanos en pos de\u00a0 proyectos colaborativos para la m\u00fasica coral del continente.<\/p>\n\n\n\n<p><strong><u>Acerca del Coro Polif\u00f3nico Nacional<\/u><\/strong><br>El Coro Polif\u00f3nico Nacional (CPN) tuvo sus or\u00edgenes en 1966, creado administrativamente por el Decreto del 14 de noviembre de 1967. Su presentaci\u00f3n oficial tuvo lugar en el Teatro Nacional Cervantes el 2 de septiembre de 1968. Su funci\u00f3n es la ejecuci\u00f3n de obras del repertorio sinf\u00f3nico-coral, as\u00ed como otras con reducido acompa\u00f1amiento instrumental, grandes obras a cappella, piezas corales de c\u00e1mara, coros de \u00f3pera, etc. Su objetivo incluye, adem\u00e1s, la presentaci\u00f3n de estas obras en todo el \u00e1mbito nacional y en el exterior; la realizaci\u00f3n de conciertos did\u00e1cticos; la participaci\u00f3n en actos oficiales y la promoci\u00f3n de la actividad coral.<br>El\u00a0CPN\u00a0ha presentado ante el p\u00fablico numerosas obras -muchas de ellas en primera audici\u00f3n- de compositores argentinos, tanto dentro del denominado repertorio acad\u00e9mico, como dentro de la m\u00fasica popular. Asimismo, interpreta obras del repertorio acad\u00e9mico universal, tambi\u00e9n varias de ellas en primera audici\u00f3n para nuestro pa\u00eds.<br>Cumpliendo con sus objetivos, esta intensa actividad se ofrece al p\u00fablico del pa\u00eds, tanto en las tradicionales salas de concierto de las principales ciudades como en infinidad de templos, escuelas, universidades, museos y otras instituciones comunitarias, tambi\u00e9n en localidades peque\u00f1as y apartadas que no cuentan con coros propios, y en grandes estadios deportivos, predios feriales y plazas p\u00fablicas del pa\u00eds.<br>El\u00a0CPN\u00a0ha sido dirigido por los m\u00e1s prestigiosos directores de orquesta argentinos y tuvo sucesivamente desde su fundaci\u00f3n como directores art\u00edsticos titulares a los maestros Roberto Saccente, Antonio M. Russo, Dami\u00e1n S\u00e1nchez, Julio Fainguersch, Carlos L\u00f3pez Puccio, Roberto Luvini, Jos\u00e9 Mar\u00eda Sciutto y Antonio Domenighini. En 1995, 1997, 1998, 2015\u00a0fue distinguido como Mejor Coro de la Temporada por la Asociaci\u00f3n de Cr\u00edticos Musicales de la Argentina.<\/p>\n\n\n\n<p><\/p>\n","protected":false},"excerpt":{"rendered":"<p>La Direcci\u00f3n Nacional de Elencos Estables del Ministerio de Cultura de la Naci\u00f3n anunci\u00f3 el concierto que brindar\u00e1 el Coro &#8230; <a title=\"El Coro Polif\u00f3nico Nacional actuar\u00e1 en la Parroquia San Patricio\" class=\"read-more\" href=\"https:\/\/www.hoymercedes.com.ar\/principal\/2023\/04\/17\/el-coro-polifonico-nacional-actuara-en-la-parroquia-san-patricio\/\" aria-label=\"Leer m\u00e1s sobre El Coro Polif\u00f3nico Nacional actuar\u00e1 en la Parroquia San Patricio\">Leer m\u00e1s<\/a><\/p>\n","protected":false},"author":1,"featured_media":161067,"comment_status":"closed","ping_status":"open","sticky":false,"template":"","format":"standard","meta":{"_monsterinsights_skip_tracking":false,"_monsterinsights_sitenote_active":false,"_monsterinsights_sitenote_note":"","_monsterinsights_sitenote_category":0,"jetpack_post_was_ever_published":false,"_jetpack_newsletter_access":"","_jetpack_dont_email_post_to_subs":false,"_jetpack_newsletter_tier_id":0,"_jetpack_memberships_contains_paywalled_content":false,"_jetpack_memberships_contains_paid_content":false,"footnotes":"","jetpack_publicize_message":"","jetpack_publicize_feature_enabled":true,"jetpack_social_post_already_shared":true,"jetpack_social_options":{"image_generator_settings":{"template":"highway","default_image_id":0,"font":"","enabled":false},"version":2},"_wpas_customize_per_network":false},"categories":[104],"tags":[7805],"class_list":["post-161066","post","type-post","status-publish","format-standard","has-post-thumbnail","hentry","category-cultura","tag-cultura","generate-columns","tablet-grid-50","mobile-grid-100","grid-parent","grid-50"],"jetpack_publicize_connections":[],"jetpack_featured_media_url":"https:\/\/www.hoymercedes.com.ar\/principal\/wp-content\/uploads\/2023\/04\/CPN-68.jpg","wps_subtitle":"","jetpack_sharing_enabled":true,"_links":{"self":[{"href":"https:\/\/www.hoymercedes.com.ar\/principal\/wp-json\/wp\/v2\/posts\/161066","targetHints":{"allow":["GET"]}}],"collection":[{"href":"https:\/\/www.hoymercedes.com.ar\/principal\/wp-json\/wp\/v2\/posts"}],"about":[{"href":"https:\/\/www.hoymercedes.com.ar\/principal\/wp-json\/wp\/v2\/types\/post"}],"author":[{"embeddable":true,"href":"https:\/\/www.hoymercedes.com.ar\/principal\/wp-json\/wp\/v2\/users\/1"}],"replies":[{"embeddable":true,"href":"https:\/\/www.hoymercedes.com.ar\/principal\/wp-json\/wp\/v2\/comments?post=161066"}],"version-history":[{"count":0,"href":"https:\/\/www.hoymercedes.com.ar\/principal\/wp-json\/wp\/v2\/posts\/161066\/revisions"}],"wp:featuredmedia":[{"embeddable":true,"href":"https:\/\/www.hoymercedes.com.ar\/principal\/wp-json\/wp\/v2\/media\/161067"}],"wp:attachment":[{"href":"https:\/\/www.hoymercedes.com.ar\/principal\/wp-json\/wp\/v2\/media?parent=161066"}],"wp:term":[{"taxonomy":"category","embeddable":true,"href":"https:\/\/www.hoymercedes.com.ar\/principal\/wp-json\/wp\/v2\/categories?post=161066"},{"taxonomy":"post_tag","embeddable":true,"href":"https:\/\/www.hoymercedes.com.ar\/principal\/wp-json\/wp\/v2\/tags?post=161066"}],"curies":[{"name":"wp","href":"https:\/\/api.w.org\/{rel}","templated":true}]}}